{"id":1003,"date":"2015-07-29T18:23:25","date_gmt":"2015-07-29T18:23:25","guid":{"rendered":"http:\/\/riograndezac.gob.mx\/informatica\/?p=1003"},"modified":"2015-08-10T18:57:08","modified_gmt":"2015-08-10T18:57:08","slug":"habitantes-de-la-comunidad-de-los-conde-de-rio-grande-recibieron-en-el-salon-ejidal-a-parte-del-equipo-de-trabajadores-y-funcionarios-de-la-administracion-encabezada-por-constantino-castaneda-munoz","status":"publish","type":"post","link":"https:\/\/riograndezac.gob.mx\/informatica\/?p=1003","title":{"rendered":"Habitantes de la comunidad de Los Conde de R\u00edo Grande, recibieron en el sal\u00f3n ejidal a parte del equipo de trabajadores y funcionarios de la administraci\u00f3n encabezada por Constantino Casta\u00f1eda Mu\u00f1oz"},"content":{"rendered":"<p>&nbsp;<\/p>\n<div id=\"metaslider-id-998\" style=\"width: 100%; margin: 0 auto;\" class=\"ml-slider-3-103-0 metaslider metaslider-nivo metaslider-998 ml-slider has-dots-nav ms-theme-default\" role=\"region\" aria-label=\"los conde\" data-height=\"427\" data-width=\"700\">\n    <div id=\"metaslider_container_998\">\n        <div class='slider-wrapper theme-default'><div class='ribbon'><\/div><div id='metaslider_998' class='nivoSlider'><img loading=\"lazy\" decoding=\"async\" src=\"https:\/\/riograndezac.gob.mx\/informatica\/wp-content\/uploads\/2015\/07\/Los-Conde.png\" height=\"427\" width=\"700\" alt=\"\" class=\"slider-998 slide-999 msDefaultImage\" \/><img loading=\"lazy\" decoding=\"async\" src=\"https:\/\/riograndezac.gob.mx\/informatica\/wp-content\/uploads\/2015\/07\/Los-Conde2-e1438194116313.png\" height=\"427\" width=\"700\" alt=\"\" class=\"slider-998 slide-1000 msDefaultImage\" \/><img loading=\"lazy\" decoding=\"async\" src=\"https:\/\/riograndezac.gob.mx\/informatica\/wp-content\/uploads\/2015\/07\/Los-Conde3.png\" height=\"427\" width=\"700\" alt=\"\" class=\"slider-998 slide-1001 msDefaultImage\" \/><img loading=\"lazy\" decoding=\"async\" src=\"https:\/\/riograndezac.gob.mx\/informatica\/wp-content\/uploads\/2015\/07\/Los-Conde4.png\" height=\"427\" width=\"700\" alt=\"\" class=\"slider-998 slide-1002 msDefaultImage\" \/><\/div><\/div>\n        \n    <\/div>\n<\/div>\n<p>&nbsp;<\/p>\n<p>&nbsp;<\/p>\n<p>Habitantes de la comunidad de Los Conde de R\u00edo Grande, recibieron en el sal\u00f3n ejidal a parte del equipo de trabajadores y funcionarios de la administraci\u00f3n encabezada por Constantino Casta\u00f1eda Mu\u00f1oz, con el prop\u00f3sito de despejar algunas dudas as\u00ed como a detallar algunos acuerdos, con el tema del agua potable y alcantarillado.<\/p>\n<p>&nbsp;<\/p>\n<p>El secretario general del gobierno Felipe de Jes\u00fas Badillo Ram\u00edrez acudi\u00f3 en representaci\u00f3n del presidente municipal Constantino Casta\u00f1eda Mu\u00f1oz, acompa\u00f1ado del secretario particular Mario C\u00f3rdova Longoria, el director de Obras y Servicios P\u00fablicos Asiel Felipe Garc\u00eda Mares y Yolanda G\u00f3mez Varela tesorera municipal.<\/p>\n<p>&nbsp;<\/p>\n<p>\u201cLa encomienda que tenemos de parte del presidente Constantino Casta\u00f1eda es para atender a la invitaci\u00f3n por parte de una comisi\u00f3n representativa de la comunidad para hacer una revisi\u00f3n en cuanto a los avances del pozo, las aportaciones y denotar los beneficios que esta obra ha de traer a la comunidad\u201d, coment\u00f3 Felipe de Jes\u00fas Badillo Ram\u00edrez.<\/p>\n<p>&nbsp;<\/p>\n<p>Por parte de las y los beneficiarios, en un espacio que se abri\u00f3 para que externaran sus dudas y de esta manera aclararles la situaci\u00f3n, manifestaron que \u201cel regidor Juli\u00e1n de la Rosa Jim\u00e9nez, como miembro del Ayuntamiento y vecino de la comunidad, debe de ponernos el ejemplo en sus contribuciones y se una a las actividades que habr\u00e1n de beneficiar a Los Conde, porque \u00e9l es quien nos dice que no aportemos nada\u201d.<\/p>\n<p>&nbsp;<\/p>\n<p>Por ello, durante la intervenci\u00f3n del director de Obras y Servicios P\u00fablicos Asiel Felipe Garc\u00eda Mares dijo que \u201cqueremos aclarar que en efecto, si habr\u00e1 aportaci\u00f3n econ\u00f3mica por la cantidad de 219 mil pesos para el equipamiento, la construcci\u00f3n del tanque elevado, las l\u00edneas de conducci\u00f3n, las l\u00edneas el\u00e9ctricas del pozo, por parte de los beneficiarios, esta obra costara en total 2 millones 190 mil pesos, para estos proyectos nos apoya la CONAGUA y SAMA\u201d.<\/p>\n<p>&nbsp;<\/p>\n<p>\u201cPor parte de ellos no consideran las l\u00edneas secundarias para bajar a las viviendas, conocemos las l\u00edneas de alta tensi\u00f3n, y como hay viviendas por donde pasara la obra, se busca hacer una obra complementaria que podr\u00e1 beneficiar a quienes hay viven o las posibles nuevas construcciones, para esta obra se pretende la inversi\u00f3n de 124 mil pesos, esto es adicional, adem\u00e1s de que deben saber que se habr\u00e1 de rehabilitar la pila de agua existente\u201d, extern\u00f3.<\/p>\n<p>&nbsp;<\/p>\n<p>\u201cEsto ayudar\u00e1 tanto al tanque elevado como a la pila, de esta manera se solventar\u00e1n los problemas de agua que existen en la comunidad, por otra parte se manej\u00f3 que en algunos medios informativos que el municipio absorber\u00eda el costo y que los beneficiarios no har\u00edan aportaci\u00f3n, quiz\u00e1 se manej\u00f3 mal la informaci\u00f3n o posiblemente alguien quiso sabotear la voluntad para estas obras lo que gener\u00f3 una incertidumbre entre los habitantes\u201d, enfatiz\u00f3.<\/p>\n<p>&nbsp;<\/p>\n<p>El funcionario, describi\u00f3 que \u201clas comunidades de El Capricho, Los M\u00e1rquez, Loreto habr\u00e1n de aportar y todas las dem\u00e1s comunidades donde se vayan a realizar obras que no est\u00e1n catalogadas de muy alta marginaci\u00f3n deber\u00e1n hacer una aportaci\u00f3n, aqu\u00ed en Los Conde esta la caseta, el pozo est\u00e1 equipado, el tren de v\u00e1lvulas, las l\u00edneas de conducci\u00f3n, est\u00e1 el tanque elevado colocado, en estos momentos las l\u00edneas de postes ya deben estar colocadas, estamos a unos d\u00edas que por fin tengan agua en los Conde\u201d.<\/p>\n<p>&nbsp;<\/p>\n<p>As\u00ed mismo, dijo que \u201cen un principio se coment\u00f3 que para absorber el recurso hab\u00eda que sumar beneficiarios, pero si se coment\u00f3 aqu\u00ed en una reuni\u00f3n, primero se ha de solventar la necesidad de Los Conde, si vemos que es suficiente veremos la posibilidad de poder solventar otras comunidades, claro est\u00e1 que para tener el beneficio del recurso en alg\u00fan momento la aportaci\u00f3n se deber\u00e1 hacer aqu\u00ed a Los Conde, ahorita solo nos objeta dejar agua en Los Conde\u201d.<\/p>\n<p>&nbsp;<\/p>\n<p>Acot\u00f3 que \u201chubo muchas especulaciones, que se llevar\u00eda un tubo a la cabecera, que repartir\u00edan agua para cargar pipas, en fin, lo cierto es que para el presidente municipal la importancia es dejar a Los Conde con agua, hay que combatir la deficiencia de agua, as\u00ed que les encargamos que nos apoyen con las aportaciones a la brevedad, eso no se queda en la presidencia y mucho menos para los funcionarios como unos creen, ese recurso se paga para la empresa que hace la obra, y si no liquidamos no nos pueden entregar la obra\u201d.<\/p>\n<p>&nbsp;<\/p>\n<p>\u201cConocemos de algunos que se niegan a dar su aportaci\u00f3n, y no dudamos que sean ellos los que quieren confundir a los dem\u00e1s beneficiarios, habr\u00e1 quien por su condici\u00f3n econ\u00f3mica les es dif\u00edcil, pero al funci\u00f3n del comit\u00e9 es motivarlos para aterrizar esto, pues es su \u00faltima etapa, pronto abrir\u00e1n una llave y tendr\u00e1n agua, tambi\u00e9n es importante mencionar que para la perforaci\u00f3n no se les pidi\u00f3 ning\u00fan peso y con la voluntad del presidente municipal se realizaron pues es un albur porque no sabemos las condiciones que presente el l\u00edquido\u201d, manifest\u00f3.<\/p>\n<p>&nbsp;<\/p>\n<p>Mencion\u00f3 que \u201cno es lo correcto que la comunidad pague la perforaci\u00f3n y si no hay \u00e9xito hay que abrir en otra parte y hay que aportar nuevamente, es por eso que el presidente apoyo con la perforaci\u00f3n del pozo de Los Conde, afortunadamente hay bastante agua por eso es que exhortamos a que de la forma m\u00e1s r\u00e1pida se puedan poner al corriente y no hagan caso de los comentarios que son patadas al aire para desorientar a los dem\u00e1s\u201d.<\/p>\n","protected":false},"excerpt":{"rendered":"<p>El funcionario, describi\u00f3 que \u201clas comunidades de El Capricho, Los M\u00e1rquez, Loreto habr\u00e1n de aportar y todas las dem\u00e1s comunidades donde se vayan a realizar obras que no est\u00e1n catalogadas de muy alta marginaci\u00f3n deber\u00e1n hacer una aportaci\u00f3n<\/p>\n","protected":false},"author":1,"featured_media":1000,"comment_status":"closed","ping_status":"closed","sticky":false,"template":"","format":"standard","meta":{"_monsterinsights_skip_tracking":false,"_monsterinsights_sitenote_active":false,"_monsterinsights_sitenote_note":"","_monsterinsights_sitenote_category":0,"footnotes":""},"categories":[4],"tags":[12,18],"class_list":["post-1003","post","type-post","status-publish","format-standard","has-post-thumbnail","hentry","category-boletines","tag-comunicacion-social","tag-gobierno-municipal-rio-grande"],"jetpack_featured_media_url":"https:\/\/riograndezac.gob.mx\/informatica\/wp-content\/uploads\/2015\/07\/Los-Conde2-e1438194116313.png","_links":{"self":[{"href":"https:\/\/riograndezac.gob.mx\/informatica\/index.php?rest_route=\/wp\/v2\/posts\/1003","targetHints":{"allow":["GET"]}}],"collection":[{"href":"https:\/\/riograndezac.gob.mx\/informatica\/index.php?rest_route=\/wp\/v2\/posts"}],"about":[{"href":"https:\/\/riograndezac.gob.mx\/informatica\/index.php?rest_route=\/wp\/v2\/types\/post"}],"author":[{"embeddable":true,"href":"https:\/\/riograndezac.gob.mx\/informatica\/index.php?rest_route=\/wp\/v2\/users\/1"}],"replies":[{"embeddable":true,"href":"https:\/\/riograndezac.gob.mx\/informatica\/index.php?rest_route=%2Fwp%2Fv2%2Fcomments&post=1003"}],"version-history":[{"count":1,"href":"https:\/\/riograndezac.gob.mx\/informatica\/index.php?rest_route=\/wp\/v2\/posts\/1003\/revisions"}],"predecessor-version":[{"id":1004,"href":"https:\/\/riograndezac.gob.mx\/informatica\/index.php?rest_route=\/wp\/v2\/posts\/1003\/revisions\/1004"}],"wp:featuredmedia":[{"embeddable":true,"href":"https:\/\/riograndezac.gob.mx\/informatica\/index.php?rest_route=\/wp\/v2\/media\/1000"}],"wp:attachment":[{"href":"https:\/\/riograndezac.gob.mx\/informatica\/index.php?rest_route=%2Fwp%2Fv2%2Fmedia&parent=1003"}],"wp:term":[{"taxonomy":"category","embeddable":true,"href":"https:\/\/riograndezac.gob.mx\/informatica\/index.php?rest_route=%2Fwp%2Fv2%2Fcategories&post=1003"},{"taxonomy":"post_tag","embeddable":true,"href":"https:\/\/riograndezac.gob.mx\/informatica\/index.php?rest_route=%2Fwp%2Fv2%2Ftags&post=1003"}],"curies":[{"name":"wp","href":"https:\/\/api.w.org\/{rel}","templated":true}]}}