{"id":1014,"date":"2015-07-29T18:32:24","date_gmt":"2015-07-29T18:32:24","guid":{"rendered":"http:\/\/riograndezac.gob.mx\/informatica\/?p=1014"},"modified":"2015-08-10T18:57:48","modified_gmt":"2015-08-10T18:57:48","slug":"espectacular-velada-literaria-musical-en-la-plaza-principal-de-rio-grande-al-celebrar-los-primeros-9-anos-de-fundacion-del-grupo-pro-cultura","status":"publish","type":"post","link":"https:\/\/riograndezac.gob.mx\/informatica\/?p=1014","title":{"rendered":"Espectacular velada literaria musical en la plaza principal de R\u00edo Grande, al celebrar los primeros 9 a\u00f1os de fundaci\u00f3n del grupo pro cultura."},"content":{"rendered":"<div id=\"metaslider-id-1006\" style=\"width: 100%; margin: 0 auto;\" class=\"ml-slider-3-103-0 metaslider metaslider-nivo metaslider-1006 ml-slider has-dots-nav ms-theme-default\" role=\"region\" aria-label=\"procultura\" data-height=\"427\" data-width=\"700\">\n    <div id=\"metaslider_container_1006\">\n        <div class='slider-wrapper theme-default'><div class='ribbon'><\/div><div id='metaslider_1006' class='nivoSlider'><img loading=\"lazy\" decoding=\"async\" src=\"https:\/\/riograndezac.gob.mx\/informatica\/wp-content\/uploads\/2015\/07\/Procultura1.png\" height=\"427\" width=\"700\" alt=\"\" class=\"slider-1006 slide-1007 msDefaultImage\" \/><img loading=\"lazy\" decoding=\"async\" src=\"https:\/\/riograndezac.gob.mx\/informatica\/wp-content\/uploads\/2015\/07\/Procultura2.png\" height=\"427\" width=\"700\" alt=\"\" class=\"slider-1006 slide-1008 msDefaultImage\" \/><img loading=\"lazy\" decoding=\"async\" src=\"https:\/\/riograndezac.gob.mx\/informatica\/wp-content\/uploads\/2015\/07\/Procultura3-e1438194937326.png\" height=\"427\" width=\"700\" alt=\"\" class=\"slider-1006 slide-1009 msDefaultImage\" \/><img loading=\"lazy\" decoding=\"async\" src=\"https:\/\/riograndezac.gob.mx\/informatica\/wp-content\/uploads\/2015\/07\/Procultura4.png\" height=\"427\" width=\"700\" alt=\"\" class=\"slider-1006 slide-1010 msDefaultImage\" \/><img loading=\"lazy\" decoding=\"async\" src=\"https:\/\/riograndezac.gob.mx\/informatica\/wp-content\/uploads\/2015\/07\/Procultura5.png\" height=\"427\" width=\"700\" alt=\"\" class=\"slider-1006 slide-1011 msDefaultImage\" \/><img loading=\"lazy\" decoding=\"async\" src=\"https:\/\/riograndezac.gob.mx\/informatica\/wp-content\/uploads\/2015\/07\/Procultura8.png\" height=\"427\" width=\"700\" alt=\"\" class=\"slider-1006 slide-1012 msDefaultImage\" \/><img loading=\"lazy\" decoding=\"async\" src=\"https:\/\/riograndezac.gob.mx\/informatica\/wp-content\/uploads\/2015\/07\/Procultura23.png\" height=\"427\" width=\"700\" alt=\"\" class=\"slider-1006 slide-1013 msDefaultImage\" \/><\/div><\/div>\n        \n    <\/div>\n<\/div>\n<p>&nbsp;<\/p>\n<p>El grupo pro cultura de Rio Grande celebr\u00f3 a lo grande sus primeros 9 a\u00f1os de existencia, al presentar un programa vers\u00e1til con diferentes g\u00e9neros culturales y art\u00edsticos, entre ellos de m\u00fasica, ballet, declamaciones, trova, coreograf\u00edas, y un sin n\u00famero de experiencias que vivieron los integrantes del grupo as\u00ed como invitados especiales que de alguna forma han contribuido con su granito de arena para la realizaci\u00f3n de estos eventos.<\/p>\n<p>&nbsp;<\/p>\n<p>\u201cLos invitados de honor est\u00e1n alrededor del escenario, este evento es para el pueblo pues el fin es el mismo, rescatar los valores culturales y c\u00edvicos, aqu\u00ed una muestra del talento riograndense en sus diferentes disciplinas, gracias a todos por hacer esto posible en especial a las autoridades del Honorable Ayuntamiento encabezado por Constantino Casta\u00f1eda Mu\u00f1oz\u201d coment\u00f3 la maestra Conchita Esquivel.<\/p>\n<p>&nbsp;<\/p>\n<p>La titular del Instituto Municipal de Cultura Santa Sabina Esquivel Gonz\u00e1lez en representaci\u00f3n del alcalde Constantino Casta\u00f1eda Mu\u00f1oz, hizo entrega de un reconocimiento al grupo pro cultura por sus primeros 9 a\u00f1os de existencia.<\/p>\n<p>&nbsp;<\/p>\n<p>El escenario natural de la plaza principal fue testigo del desfile de artistas que participaron en el festejo, a las 8 de la noche el programa dio inicio con la presentaci\u00f3n de un grupo de ni\u00f1as que hicieron una presentaci\u00f3n de ballet, en seguida la ni\u00f1a Melany Salgado quien en otras ocasiones acompa\u00f1a a pro cultura deleito a los asistentes con la particularidad de su voz, la frescura y alegr\u00eda del grupo kaoba vino a encender el ambiente de los asistentes.<\/p>\n<p>&nbsp;<\/p>\n<p>A su corta edad, Casandra Monserrat Pi\u00f1\u00f3n Garc\u00eda, reci\u00e9n egresada del Colegio Marg\u00edl sorprendi\u00f3 con su talento al declamar \u201cAlbur de amor\u201d, para luego dar paso al grupo de baile moderno Shock Dance, \u00e9ste grupo conformado por Andrea Longoria Casillas, Jennifer G\u00e1mez Varela, Bryan Alvarado Casta\u00f1eda, Daniel Balderas Casta\u00f1eda y Pablo Contreras Amaya todos ellos j\u00f3venes riograndenses capaces de bailar al rito de los diferentes g\u00e9neros de m\u00fasica como hip hop, pop, bailes latinos como bachata, salsa, merengue, as\u00ed como el ritmo del suim, reggaeton, m\u00fasica dance retro entre otras, dirigidos por Constanza Casillas Saucedo y el core\u00f3grafo Juan Carlos Casillas egresado de las mejores academias de baile como Neutral Zone, Foro 2, Black Soul entre otras importantes en el Distrito Federal.<\/p>\n<p>&nbsp;<\/p>\n<p>El romanticismo y sentimiento llego al escenario con Alex el trovador quien interpretara temas del recuerdo acompa\u00f1ado de su guitarra, Mar\u00eda Luisa Somoza se encargar\u00eda de poner el broche de oro con la peculiaridad de su voz que contagia las emociones al sonar su guitarra, finalmente el grupo pro cultura entreg\u00f3 un reconocimiento a Dalia Isabel Ordaz Hern\u00e1ndez por la noble aportaci\u00f3n de compartir sus conocimientos de ballet con las nuevas generaciones.<\/p>\n","protected":false},"excerpt":{"rendered":"<p>El escenario natural de la plaza principal fue testigo del desfile de artistas que participaron en el festejo, a las 8 de la noche el programa dio inicio con la presentaci\u00f3n de un grupo de ni\u00f1as que hicieron una presentaci\u00f3n de ballet<\/p>\n","protected":false},"author":1,"featured_media":1009,"comment_status":"closed","ping_status":"closed","sticky":false,"template":"","format":"standard","meta":{"_monsterinsights_skip_tracking":false,"_monsterinsights_sitenote_active":false,"_monsterinsights_sitenote_note":"","_monsterinsights_sitenote_category":0,"footnotes":""},"categories":[8],"tags":[12,29],"class_list":["post-1014","post","type-post","status-publish","format-standard","has-post-thumbnail","hentry","category-gobierno-municipal-rio-grande-zacatecas","tag-comunicacion-social","tag-cultura"],"jetpack_featured_media_url":"https:\/\/riograndezac.gob.mx\/informatica\/wp-content\/uploads\/2015\/07\/Procultura3-e1438194937326.png","_links":{"self":[{"href":"https:\/\/riograndezac.gob.mx\/informatica\/index.php?rest_route=\/wp\/v2\/posts\/1014","targetHints":{"allow":["GET"]}}],"collection":[{"href":"https:\/\/riograndezac.gob.mx\/informatica\/index.php?rest_route=\/wp\/v2\/posts"}],"about":[{"href":"https:\/\/riograndezac.gob.mx\/informatica\/index.php?rest_route=\/wp\/v2\/types\/post"}],"author":[{"embeddable":true,"href":"https:\/\/riograndezac.gob.mx\/informatica\/index.php?rest_route=\/wp\/v2\/users\/1"}],"replies":[{"embeddable":true,"href":"https:\/\/riograndezac.gob.mx\/informatica\/index.php?rest_route=%2Fwp%2Fv2%2Fcomments&post=1014"}],"version-history":[{"count":1,"href":"https:\/\/riograndezac.gob.mx\/informatica\/index.php?rest_route=\/wp\/v2\/posts\/1014\/revisions"}],"predecessor-version":[{"id":1015,"href":"https:\/\/riograndezac.gob.mx\/informatica\/index.php?rest_route=\/wp\/v2\/posts\/1014\/revisions\/1015"}],"wp:featuredmedia":[{"embeddable":true,"href":"https:\/\/riograndezac.gob.mx\/informatica\/index.php?rest_route=\/wp\/v2\/media\/1009"}],"wp:attachment":[{"href":"https:\/\/riograndezac.gob.mx\/informatica\/index.php?rest_route=%2Fwp%2Fv2%2Fmedia&parent=1014"}],"wp:term":[{"taxonomy":"category","embeddable":true,"href":"https:\/\/riograndezac.gob.mx\/informatica\/index.php?rest_route=%2Fwp%2Fv2%2Fcategories&post=1014"},{"taxonomy":"post_tag","embeddable":true,"href":"https:\/\/riograndezac.gob.mx\/informatica\/index.php?rest_route=%2Fwp%2Fv2%2Ftags&post=1014"}],"curies":[{"name":"wp","href":"https:\/\/api.w.org\/{rel}","templated":true}]}}