{"id":1116,"date":"2015-08-04T22:54:28","date_gmt":"2015-08-04T22:54:28","guid":{"rendered":"http:\/\/riograndezac.gob.mx\/informatica\/?p=1116"},"modified":"2015-08-04T22:54:28","modified_gmt":"2015-08-04T22:54:28","slug":"cine-infantil","status":"publish","type":"post","link":"https:\/\/riograndezac.gob.mx\/informatica\/?p=1116","title":{"rendered":"Cine Infantil"},"content":{"rendered":"<p><img loading=\"lazy\" decoding=\"async\" id=\"__wp-temp-img-id\" class=\" aligncenter\" title=\"\" src=\"https:\/\/riograndezac.gob.mx\/informatica\/wp-content\/uploads\/2015\/08\/Pel\u00edcula.jpg\" alt=\"\" width=\"700\" height=\"466\" \/><\/p>\n<p>&nbsp;<\/p>\n<p>Este jueves 6 de agosto contin\u00faa el ciclo de cine Infantil en el marco de la Jornada Cultural \u201cIsidro M\u00e9ndez Lira\u201d, organizada por el Gobierno Municipal de R\u00edo Grande encabezado por el primer mandatario Constantino Casta\u00f1eda Mu\u00f1oz, a trav\u00e9s del Instituto Municipal de Cultura, con la presentaci\u00f3n de la pel\u00edcula infantil \u201cGuardianes de Oz\u201d, pel\u00edcula mexicana en animaci\u00f3n 3D.<\/p>\n<p>&nbsp;<\/p>\n<p>Se inform\u00f3 que la pel\u00edcula, palomitas y agua fresca comenzar\u00e1n en punto de las 7:00 de la tarde, en la Casa de la Cultura \u201cLuis Cerrillo C\u00e1zares\u201d, por lo que se espera la participaci\u00f3n de las familias, puesto que es un evento totalmente gratuito, con el objetivo de generar un ambiente de sana convivencia en el marco de la temporada vacacional de este verano.<\/p>\n<p>&nbsp;<\/p>\n<p>Por parte del Instituto Municipal de Cultura, se extern\u00f3 la invitaci\u00f3n a las familias para que acudan y disfruten de esta pel\u00edcula infantil del director Alberto Mar, original del animador mexicano Jorge Guti\u00e9rrez (El libro de la vida, 2014) es un \u201cspin-off\u201d de los cuentos del Mago de Oz. Narra la historia de \u201cOzzy\u201d, un peque\u00f1o pero inteligente mono volador, hijo del legendario guerrero Goliat.<\/p>\n<p>&nbsp;<\/p>\n<p>Ambos son parte del ej\u00e9rcito de monos voladores que sirve a \u201cEveline\u201d, la malvada bruja del Oeste. A diferencia del resto de su especie, \u201cOzzy\u201d no est\u00e1 convencido en servir ciegamente a \u201cEveline\u201d, as\u00ed que cuando la bruja pone en marcha sus planes para atacar el reino \u00e9l decide ir en busca de los legendarios \u201cGuardianes de Oz\u201d para que luchen contra ella.<\/p>\n<p>&nbsp;<\/p>\n<p>El Instituto Municipal de Cultura, reiter\u00f3 la invitaci\u00f3n a los padres de familia para que acudan con sus hijos, y disfruten de esta pel\u00edcula, el jueves 6 de agosto, en punto de las 7 de la tarde y disfruten de una tarde divertida, acompa\u00f1ados de las tradicionales palomitas y agua fresca.<\/p>\n","protected":false},"excerpt":{"rendered":"<p>la pel\u00edcula, palomitas y agua fresca comenzar\u00e1n en punto de las 7:00 de la tarde, en la Casa de la Cultura \u201cLuis Cerrillo C\u00e1zares\u201d<\/p>\n","protected":false},"author":1,"featured_media":1117,"comment_status":"closed","ping_status":"closed","sticky":false,"template":"","format":"standard","meta":{"_monsterinsights_skip_tracking":false,"_monsterinsights_sitenote_active":false,"_monsterinsights_sitenote_note":"","_monsterinsights_sitenote_category":0,"footnotes":""},"categories":[4],"tags":[12,18],"class_list":["post-1116","post","type-post","status-publish","format-standard","has-post-thumbnail","hentry","category-boletines","tag-comunicacion-social","tag-gobierno-municipal-rio-grande"],"jetpack_featured_media_url":"https:\/\/riograndezac.gob.mx\/informatica\/wp-content\/uploads\/2015\/08\/Pel\u00edcula.jpg","_links":{"self":[{"href":"https:\/\/riograndezac.gob.mx\/informatica\/index.php?rest_route=\/wp\/v2\/posts\/1116","targetHints":{"allow":["GET"]}}],"collection":[{"href":"https:\/\/riograndezac.gob.mx\/informatica\/index.php?rest_route=\/wp\/v2\/posts"}],"about":[{"href":"https:\/\/riograndezac.gob.mx\/informatica\/index.php?rest_route=\/wp\/v2\/types\/post"}],"author":[{"embeddable":true,"href":"https:\/\/riograndezac.gob.mx\/informatica\/index.php?rest_route=\/wp\/v2\/users\/1"}],"replies":[{"embeddable":true,"href":"https:\/\/riograndezac.gob.mx\/informatica\/index.php?rest_route=%2Fwp%2Fv2%2Fcomments&post=1116"}],"version-history":[{"count":1,"href":"https:\/\/riograndezac.gob.mx\/informatica\/index.php?rest_route=\/wp\/v2\/posts\/1116\/revisions"}],"predecessor-version":[{"id":1118,"href":"https:\/\/riograndezac.gob.mx\/informatica\/index.php?rest_route=\/wp\/v2\/posts\/1116\/revisions\/1118"}],"wp:featuredmedia":[{"embeddable":true,"href":"https:\/\/riograndezac.gob.mx\/informatica\/index.php?rest_route=\/wp\/v2\/media\/1117"}],"wp:attachment":[{"href":"https:\/\/riograndezac.gob.mx\/informatica\/index.php?rest_route=%2Fwp%2Fv2%2Fmedia&parent=1116"}],"wp:term":[{"taxonomy":"category","embeddable":true,"href":"https:\/\/riograndezac.gob.mx\/informatica\/index.php?rest_route=%2Fwp%2Fv2%2Fcategories&post=1116"},{"taxonomy":"post_tag","embeddable":true,"href":"https:\/\/riograndezac.gob.mx\/informatica\/index.php?rest_route=%2Fwp%2Fv2%2Ftags&post=1116"}],"curies":[{"name":"wp","href":"https:\/\/api.w.org\/{rel}","templated":true}]}}