{"id":1135,"date":"2015-08-04T23:12:34","date_gmt":"2015-08-04T23:12:34","guid":{"rendered":"http:\/\/riograndezac.gob.mx\/informatica\/?p=1135"},"modified":"2015-08-11T18:43:07","modified_gmt":"2015-08-11T18:43:07","slug":"hasta-hoy-se-han-atendido-a-cerca-de-2-mil-500-ninos-y-ninas-riograndenses-en-el-marco-de-los-cursos-de-veraneo-deportivo-2015","status":"publish","type":"post","link":"https:\/\/riograndezac.gob.mx\/informatica\/?p=1135","title":{"rendered":"Hasta hoy, se han atendido a cerca de 2 mil 500 ni\u00f1os y ni\u00f1as riograndenses en el marco de los cursos de \u201cVeraneo Deportivo 2015\u201d"},"content":{"rendered":"<p style=\"text-align: center;\"><div id=\"metaslider-id-1127\" style=\"width: 100%; margin: 0 auto;\" class=\"ml-slider-3-103-0 metaslider metaslider-nivo metaslider-1127 ml-slider has-dots-nav ms-theme-default\" role=\"region\" aria-label=\"veraneo\" data-height=\"327\" data-width=\"500\">\n    <div id=\"metaslider_container_1127\">\n        <div class='slider-wrapper theme-default'><div class='ribbon'><\/div><div id='metaslider_1127' class='nivoSlider'><img loading=\"lazy\" decoding=\"async\" src=\"https:\/\/riograndezac.gob.mx\/informatica\/wp-content\/uploads\/2015\/08\/veraneo-2015-1.jpg\" height=\"327\" width=\"500\" alt=\"\" class=\"slider-1127 slide-1128 msDefaultImage\" \/><img loading=\"lazy\" decoding=\"async\" src=\"https:\/\/riograndezac.gob.mx\/informatica\/wp-content\/uploads\/2015\/08\/veraneo-2015-2.jpg\" height=\"327\" width=\"500\" alt=\"\" class=\"slider-1127 slide-1129 msDefaultImage\" \/><img loading=\"lazy\" decoding=\"async\" src=\"https:\/\/riograndezac.gob.mx\/informatica\/wp-content\/uploads\/2015\/08\/veraneo-2015-3.jpg\" height=\"327\" width=\"500\" alt=\"\" class=\"slider-1127 slide-1130 msDefaultImage\" \/><img loading=\"lazy\" decoding=\"async\" src=\"https:\/\/riograndezac.gob.mx\/informatica\/wp-content\/uploads\/2015\/08\/veraneo-2015-4.jpg\" height=\"327\" width=\"500\" alt=\"\" class=\"slider-1127 slide-1131 msDefaultImage\" \/><img loading=\"lazy\" decoding=\"async\" src=\"https:\/\/riograndezac.gob.mx\/informatica\/wp-content\/uploads\/2015\/08\/veraneo-2015-5.jpg\" height=\"327\" width=\"500\" alt=\"\" class=\"slider-1127 slide-1132 msDefaultImage\" \/><img loading=\"lazy\" decoding=\"async\" src=\"https:\/\/riograndezac.gob.mx\/informatica\/wp-content\/uploads\/2015\/08\/veraneo-2015-6.jpg\" height=\"327\" width=\"500\" alt=\"\" class=\"slider-1127 slide-1133 msDefaultImage\" \/><img loading=\"lazy\" decoding=\"async\" src=\"https:\/\/riograndezac.gob.mx\/informatica\/wp-content\/uploads\/2015\/08\/veraneo-2015-7.jpg\" height=\"327\" width=\"500\" alt=\"\" class=\"slider-1127 slide-1134 msDefaultImage\" \/><\/div><\/div>\n        \n    <\/div>\n<\/div><\/p>\n<p>Hasta hoy, se han atendido a cerca de 2 mil 500 ni\u00f1os y ni\u00f1as riograndenses en el marco de los cursos de \u201cVeraneo Deportivo 2015\u201d en la Unidad Deportiva de R\u00edo Grande, organizados por el gobierno municipal encabezado Constantino Casta\u00f1eda Mu\u00f1oz, a trav\u00e9s del Instituto del deporte.<\/p>\n<p>&nbsp;<\/p>\n<p>H\u00e9ctor Mart\u00edn S\u00e1nchez Calder\u00f3n, titular de esta \u00e1rea municipal, indic\u00f3 que por segundo a\u00f1o consecutivo, se llevan a cabo estos cursos con el objetivo de que las y los ni\u00f1os tengan actividades positivas que realizar durante el verano de este a\u00f1o, por lo que hasta la fecha se han atendido cerca de 2 mil 500 ni\u00f1os, esper\u00e1ndose aumente la cifra, pues concluyen hasta el pr\u00f3ximo 14 de agosto.<\/p>\n<p>&nbsp;<\/p>\n<p>Dijo que los cursos deportivos que se imparten, con los cuales los infantes aprenden a mejorar su condici\u00f3n f\u00edsica y su estilo de vida es con participantes de 8 a 12 a\u00f1os, en las disciplinas de nataci\u00f3n, futbol, basquetbol, b\u00e9isbol y recreaci\u00f3n en general, con inscripciones gratuitas, por lo que se exhort\u00f3 a los padres de familia para que lleven a sus hijos e hijas a aprender mientras se ejercitan, por lo que a\u00fan pueden acudir a los cursos, en donde se han atendido cerca de 200 ni\u00f1os diarios.<\/p>\n<p>&nbsp;<\/p>\n<p>S\u00e1nchez Calder\u00f3n, dijo se espera que se ampl\u00ede la participaci\u00f3n en las instalaciones de la unidad deportiva, y aunque los cursos son para las y los menores, el lugar, est\u00e1 a disposici\u00f3n de la poblaci\u00f3n en general para que acuda y se active durante estas vacaciones de verano 2015.<\/p>\n<p>&nbsp;<\/p>\n<p>Se\u00f1al\u00f3 el funcionario que en este sentido, se espera que asistan tambi\u00e9n los padres de familia que as\u00ed lo deseen, para tener la oportunidad hasta de organizar alguna reta entre los adultos asistentes, para promover la convivencia con las y los asistentes, sobre todo porque se tratan de momentos de convivencia familiar.<\/p>\n<p>&nbsp;<\/p>\n<p>El titular del deporte, enfatiz\u00f3 que se pueden dar mayores informes en las oficinas de esta \u00e1rea en la presidencia municipal, puesto que por el momento se est\u00e1n definiendo los horarios de las disciplinas, sin embargo, se encuentra haciendo ya la promoci\u00f3n, a manera de que las familias riograndenses se puedan programar para llevar sobre todo a las y los ni\u00f1os a los cursos que ofrece el gobierno municipal.<\/p>\n<p>&nbsp;<\/p>\n<p>&nbsp;<\/p>\n","protected":false},"excerpt":{"rendered":"<p>S\u00e1nchez Calder\u00f3n, dijo se espera que se ampl\u00ede la participaci\u00f3n en las instalaciones de la unidad deportiva, y aunque los cursos son para las y los menores, el lugar, est\u00e1 a disposici\u00f3n de la poblaci\u00f3n en general<\/p>\n","protected":false},"author":1,"featured_media":1131,"comment_status":"closed","ping_status":"closed","sticky":false,"template":"","format":"standard","meta":{"_monsterinsights_skip_tracking":false,"_monsterinsights_sitenote_active":false,"_monsterinsights_sitenote_note":"","_monsterinsights_sitenote_category":0,"footnotes":""},"categories":[5],"tags":[12,18],"class_list":["post-1135","post","type-post","status-publish","format-standard","has-post-thumbnail","hentry","category-destacados","tag-comunicacion-social","tag-gobierno-municipal-rio-grande"],"jetpack_featured_media_url":"https:\/\/riograndezac.gob.mx\/informatica\/wp-content\/uploads\/2015\/08\/veraneo-2015-4.jpg","_links":{"self":[{"href":"https:\/\/riograndezac.gob.mx\/informatica\/index.php?rest_route=\/wp\/v2\/posts\/1135","targetHints":{"allow":["GET"]}}],"collection":[{"href":"https:\/\/riograndezac.gob.mx\/informatica\/index.php?rest_route=\/wp\/v2\/posts"}],"about":[{"href":"https:\/\/riograndezac.gob.mx\/informatica\/index.php?rest_route=\/wp\/v2\/types\/post"}],"author":[{"embeddable":true,"href":"https:\/\/riograndezac.gob.mx\/informatica\/index.php?rest_route=\/wp\/v2\/users\/1"}],"replies":[{"embeddable":true,"href":"https:\/\/riograndezac.gob.mx\/informatica\/index.php?rest_route=%2Fwp%2Fv2%2Fcomments&post=1135"}],"version-history":[{"count":2,"href":"https:\/\/riograndezac.gob.mx\/informatica\/index.php?rest_route=\/wp\/v2\/posts\/1135\/revisions"}],"predecessor-version":[{"id":1194,"href":"https:\/\/riograndezac.gob.mx\/informatica\/index.php?rest_route=\/wp\/v2\/posts\/1135\/revisions\/1194"}],"wp:featuredmedia":[{"embeddable":true,"href":"https:\/\/riograndezac.gob.mx\/informatica\/index.php?rest_route=\/wp\/v2\/media\/1131"}],"wp:attachment":[{"href":"https:\/\/riograndezac.gob.mx\/informatica\/index.php?rest_route=%2Fwp%2Fv2%2Fmedia&parent=1135"}],"wp:term":[{"taxonomy":"category","embeddable":true,"href":"https:\/\/riograndezac.gob.mx\/informatica\/index.php?rest_route=%2Fwp%2Fv2%2Fcategories&post=1135"},{"taxonomy":"post_tag","embeddable":true,"href":"https:\/\/riograndezac.gob.mx\/informatica\/index.php?rest_route=%2Fwp%2Fv2%2Ftags&post=1135"}],"curies":[{"name":"wp","href":"https:\/\/api.w.org\/{rel}","templated":true}]}}