{"id":1137,"date":"2015-08-06T19:30:43","date_gmt":"2015-08-06T19:30:43","guid":{"rendered":"http:\/\/riograndezac.gob.mx\/informatica\/?p=1137"},"modified":"2015-08-11T18:43:51","modified_gmt":"2015-08-11T18:43:51","slug":"secampo","status":"publish","type":"post","link":"https:\/\/riograndezac.gob.mx\/informatica\/?p=1137","title":{"rendered":"SECAMPO"},"content":{"rendered":"<p><img loading=\"lazy\" decoding=\"async\" id=\"__wp-temp-img-id\" class=\" aligncenter\" title=\"\" src=\"https:\/\/riograndezac.gob.mx\/informatica\/wp-content\/uploads\/2015\/08\/desarrollo-agrop-2.jpg\" alt=\"\" width=\"630\" height=\"406\" \/><\/p>\n<p>Productores agr\u00edcolas, comisariados ejidales y delegados de las comunidades del municipio de R\u00edo Grande participaron de una reuni\u00f3n informativa convocada por la direcci\u00f3n de Desarrollo Agropecuario de R\u00edo Grande, donde se trataron temas acerca de la pr\u00f3xima comercializaci\u00f3n de sus productos adem\u00e1s de aclarar algunas dudas correspondientes a los mecanismos con los que trabaja SECAMPO.<\/p>\n<p>&nbsp;<\/p>\n<p>En la reuni\u00f3n estuvo Carlos Valent\u00edn Samaniego Casta\u00f1eda quienes es el titular de la Direcci\u00f3n de Desarrollo Agropecuario y representante del alcalde Constantino Casta\u00f1eda Mu\u00f1oz adem\u00e1s de ser presidente del Consejo de Desarrollo Rural, as\u00ed como Octavio Silva representante de la SECAMPO en el municipio y Jos\u00e9 de Jes\u00fas Castelo de SAGARPA.<\/p>\n<p>&nbsp;<\/p>\n<p>En esta sesi\u00f3n, se explic\u00f3 que \u201ceste tipo de reuniones, tienes como objetivo dar a conocer c\u00f3mo funciona el PROAGRO, el llenado de solicitudes de tractores, y el aviso de siembra, derivado este \u00faltimo de la reuni\u00f3n estatal de consejo\u201d.<\/p>\n<p>&nbsp;<\/p>\n<p>\u201cComo bien sabemos al principio del periodo de siembra llovi\u00f3 bastante, esto provoc\u00f3 un retraso para que la gente entrar\u00e1 a sembrar, en la reuni\u00f3n se le solicit\u00f3 al personal de INIFAP que extendieran por lo menos 15 d\u00edas m\u00e1s el periodo de siembra, pues son ellos quienes dictaminan el paquete tecnol\u00f3gico de los cultivos\u201d, refirieron.<\/p>\n<p>&nbsp;<\/p>\n<p>\u201cNos hab\u00edan puesto como fecha l\u00edmite el 31 de julio para la siembra del frijol, como se ve\u00eda que no todos los productores alcanzar\u00edan a sembrar por el exceso agua que dur\u00f3 17 d\u00edas, entonces se accedi\u00f3 ampliar el periodo de siembra hasta el 15 de agosto, a\u00fan hay quienes est\u00e1n por terminar de sembrar y es precisamente a esas personas a quienes se les pide que nos llenen un formato de siembra donde se habr\u00e1 de recuperar para que especifique cuantas hect\u00e1reas tendr\u00e1 destinadas para sembrar frijol y de que clase con la finalidad de que al momento del acopio quede registrado el formato y sea m\u00e1s r\u00e1pido el tr\u00e1mite, es tambi\u00e9n para evitar problemas\u201d, externaron.<\/p>\n<p>&nbsp;<\/p>\n<p>Samaniego Casta\u00f1eda, dijo que el formato se encuentra en la p\u00e1gina de internet del municipio, <a href=\"http:\/\/www.riograndezac.gob.mx\">www.riograndezac.gob.mx<\/a> de manera de que se facilite localizarlo, adem\u00e1s de que se brinda la asesor\u00eda necesaria para su llenado.<\/p>\n","protected":false},"excerpt":{"rendered":"<p>Como bien sabemos al principio del periodo de siembra llovi\u00f3 bastante, esto provoc\u00f3 un retraso para que la gente entrar\u00e1 a sembrar, en la reuni\u00f3n se le solicit\u00f3 al personal de INIFAP que extendieran por lo menos 15 d\u00edas m\u00e1s el periodo de siembra<\/p>\n","protected":false},"author":1,"featured_media":1138,"comment_status":"closed","ping_status":"closed","sticky":false,"template":"","format":"standard","meta":{"_monsterinsights_skip_tracking":false,"_monsterinsights_sitenote_active":false,"_monsterinsights_sitenote_note":"","_monsterinsights_sitenote_category":0,"footnotes":""},"categories":[8],"tags":[12,18],"class_list":["post-1137","post","type-post","status-publish","format-standard","has-post-thumbnail","hentry","category-gobierno-municipal-rio-grande-zacatecas","tag-comunicacion-social","tag-gobierno-municipal-rio-grande"],"jetpack_featured_media_url":"https:\/\/riograndezac.gob.mx\/informatica\/wp-content\/uploads\/2015\/08\/desarrollo-agrop-2.jpg","_links":{"self":[{"href":"https:\/\/riograndezac.gob.mx\/informatica\/index.php?rest_route=\/wp\/v2\/posts\/1137","targetHints":{"allow":["GET"]}}],"collection":[{"href":"https:\/\/riograndezac.gob.mx\/informatica\/index.php?rest_route=\/wp\/v2\/posts"}],"about":[{"href":"https:\/\/riograndezac.gob.mx\/informatica\/index.php?rest_route=\/wp\/v2\/types\/post"}],"author":[{"embeddable":true,"href":"https:\/\/riograndezac.gob.mx\/informatica\/index.php?rest_route=\/wp\/v2\/users\/1"}],"replies":[{"embeddable":true,"href":"https:\/\/riograndezac.gob.mx\/informatica\/index.php?rest_route=%2Fwp%2Fv2%2Fcomments&post=1137"}],"version-history":[{"count":1,"href":"https:\/\/riograndezac.gob.mx\/informatica\/index.php?rest_route=\/wp\/v2\/posts\/1137\/revisions"}],"predecessor-version":[{"id":1139,"href":"https:\/\/riograndezac.gob.mx\/informatica\/index.php?rest_route=\/wp\/v2\/posts\/1137\/revisions\/1139"}],"wp:featuredmedia":[{"embeddable":true,"href":"https:\/\/riograndezac.gob.mx\/informatica\/index.php?rest_route=\/wp\/v2\/media\/1138"}],"wp:attachment":[{"href":"https:\/\/riograndezac.gob.mx\/informatica\/index.php?rest_route=%2Fwp%2Fv2%2Fmedia&parent=1137"}],"wp:term":[{"taxonomy":"category","embeddable":true,"href":"https:\/\/riograndezac.gob.mx\/informatica\/index.php?rest_route=%2Fwp%2Fv2%2Fcategories&post=1137"},{"taxonomy":"post_tag","embeddable":true,"href":"https:\/\/riograndezac.gob.mx\/informatica\/index.php?rest_route=%2Fwp%2Fv2%2Ftags&post=1137"}],"curies":[{"name":"wp","href":"https:\/\/api.w.org\/{rel}","templated":true}]}}