{"id":1140,"date":"2015-08-06T19:40:11","date_gmt":"2015-08-06T19:40:11","guid":{"rendered":"http:\/\/riograndezac.gob.mx\/informatica\/?p=1140"},"modified":"2015-08-06T19:40:11","modified_gmt":"2015-08-06T19:40:11","slug":"atiende-direccion-de-seguridad-publica-de-rio-grande-la-denuncia-del-cbta-numero-20-ante-la-lesion-de-50-y-matanza-de-100-gallinas-de-la-granja-avicola-por-un-par-de-perros-callejeros","status":"publish","type":"post","link":"https:\/\/riograndezac.gob.mx\/informatica\/?p=1140","title":{"rendered":"Atiende direcci\u00f3n de Seguridad P\u00fablica de R\u00edo Grande, la denuncia del CBTa. n\u00famero 20, ante la lesi\u00f3n de 50 y matanza de 100 gallinas de la granja av\u00edcola, por un par de perros callejeros."},"content":{"rendered":"<p><img loading=\"lazy\" decoding=\"async\" id=\"__wp-temp-img-id\" class=\" aligncenter\" title=\"\" src=\"https:\/\/riograndezac.gob.mx\/informatica\/wp-content\/uploads\/2015\/08\/cbtaa.jpg\" alt=\"\" width=\"700\" height=\"466\" \/><\/p>\n<p>&nbsp;<\/p>\n<p>Cecilio Rene G\u00f3mez P\u00e9rez, director de seguridad p\u00fablica en R\u00edo Grande, inform\u00f3 que \u201centre las 5 y 6 de la ma\u00f1ana ingresaron unos perros callejeros a la granja av\u00edcola del Centro de Bachillerato Tecnol\u00f3gico Agropecuario n\u00famero 20, lo que arroj\u00f3 como resultado m\u00e1s de medio centenar gallinas lesionadas con pocas probabilidades de sobrevivir y un centenar de aves muertas, es el reporte que tenemos hasta el momento\u201d.<\/p>\n<p>&nbsp;<\/p>\n<p>Explic\u00f3 que de acuerdo a la investigaci\u00f3n \u201cingresaron 2 perros de la raza pitbull de entre 3 y 5 a\u00f1os de edad, provenientes posiblemente de las comunidades cercanas a la instituci\u00f3n, en el \u00e1rea de las granjas de la escuela se cuenta con espacios como invernaderos, corrales para los cerdos y estos que los conocemos granjas av\u00edcolas, en otras \u00e1reas se cuenta con implementos agr\u00edcolas\u201d.<\/p>\n<p>&nbsp;<\/p>\n<p>Por parte de la Instituci\u00f3n educativa, se inform\u00f3 que \u201ctodo esto sirve para pr\u00e1cticas con los alumnos\u201d coment\u00f3 Omar Cerrillo Z\u00fa\u00f1iga Jefe del departamento de producci\u00f3n e investigaci\u00f3n.<\/p>\n<p>&nbsp;<\/p>\n<p>As\u00ed mismo dijo, que \u201cestas aves fueron producto de una donaci\u00f3n por parte de las autoridades educativas, por lo que no tenemos con claridad el valor econ\u00f3mico estimado de la p\u00e9rdida, al momento de llegar a iniciar las labores nos percatamos del desorden que estos animales hab\u00edan ocasionado con las aves, uno de ellos qued\u00f3 atrapado, enseguida dimos parte a las autoridades quienes nos sugirieron elaborar una acta con los da\u00f1os ocasionados para con ello respaldar la informaci\u00f3n de lo sucedido\u201d.<\/p>\n<p>&nbsp;<\/p>\n<p>\u201cLamentablemente no tenemos a quien levantar cargos de este siniestro, el perro ser\u00e1 dispuesto a las autoridades tanto de seguridad p\u00fablica y en su momento con las de la jurisdicci\u00f3n sanitaria para que se determine que procede, en este caso se habla de la posibilidad de sacrificar al animal, es la primera vez que esto sucede en la historia de la instituci\u00f3n, habremos de tomar las medidas necesarias porque contamos tambi\u00e9n con m\u00e1s animales que est\u00e1n expuestos a situaciones como esta\u201d, explic\u00f3.<\/p>\n<p>&nbsp;<\/p>\n<p>El docente dijo que \u201chabremos de reforzar la infraestructura de la granja, pues aqu\u00ed los alumnos hacen sus pr\u00e1cticas, adem\u00e1s de que sirven estos animales para la producci\u00f3n de huevo, pues se recolectan 50 kilos por semana, al igual que el criadero de lechones pues contamos con un total de 150 en pie de 40 d\u00edas de nacidos m\u00e1s unos m\u00e1s que est\u00e1n por nacer\u201d.<\/p>\n<p>&nbsp;<\/p>\n<p>Finaliz\u00f3 agradeciendo el respaldo de la corporaci\u00f3n de seguridad p\u00fablica, quienes acudieron de inmediato al reporte.<\/p>\n","protected":false},"excerpt":{"rendered":"<p>Lamentablemente no tenemos a quien levantar cargos de este siniestro, el perro ser\u00e1 dispuesto a las autoridades tanto de seguridad p\u00fablica y en su momento con las de la jurisdicci\u00f3n sanitaria para que se determine que procede &#8230;<\/p>\n","protected":false},"author":1,"featured_media":1141,"comment_status":"closed","ping_status":"closed","sticky":false,"template":"","format":"standard","meta":{"_monsterinsights_skip_tracking":false,"_monsterinsights_sitenote_active":false,"_monsterinsights_sitenote_note":"","_monsterinsights_sitenote_category":0,"footnotes":""},"categories":[4],"tags":[12,18],"class_list":["post-1140","post","type-post","status-publish","format-standard","has-post-thumbnail","hentry","category-boletines","tag-comunicacion-social","tag-gobierno-municipal-rio-grande"],"jetpack_featured_media_url":"https:\/\/riograndezac.gob.mx\/informatica\/wp-content\/uploads\/2015\/08\/cbtaa.jpg","_links":{"self":[{"href":"https:\/\/riograndezac.gob.mx\/informatica\/index.php?rest_route=\/wp\/v2\/posts\/1140","targetHints":{"allow":["GET"]}}],"collection":[{"href":"https:\/\/riograndezac.gob.mx\/informatica\/index.php?rest_route=\/wp\/v2\/posts"}],"about":[{"href":"https:\/\/riograndezac.gob.mx\/informatica\/index.php?rest_route=\/wp\/v2\/types\/post"}],"author":[{"embeddable":true,"href":"https:\/\/riograndezac.gob.mx\/informatica\/index.php?rest_route=\/wp\/v2\/users\/1"}],"replies":[{"embeddable":true,"href":"https:\/\/riograndezac.gob.mx\/informatica\/index.php?rest_route=%2Fwp%2Fv2%2Fcomments&post=1140"}],"version-history":[{"count":1,"href":"https:\/\/riograndezac.gob.mx\/informatica\/index.php?rest_route=\/wp\/v2\/posts\/1140\/revisions"}],"predecessor-version":[{"id":1142,"href":"https:\/\/riograndezac.gob.mx\/informatica\/index.php?rest_route=\/wp\/v2\/posts\/1140\/revisions\/1142"}],"wp:featuredmedia":[{"embeddable":true,"href":"https:\/\/riograndezac.gob.mx\/informatica\/index.php?rest_route=\/wp\/v2\/media\/1141"}],"wp:attachment":[{"href":"https:\/\/riograndezac.gob.mx\/informatica\/index.php?rest_route=%2Fwp%2Fv2%2Fmedia&parent=1140"}],"wp:term":[{"taxonomy":"category","embeddable":true,"href":"https:\/\/riograndezac.gob.mx\/informatica\/index.php?rest_route=%2Fwp%2Fv2%2Fcategories&post=1140"},{"taxonomy":"post_tag","embeddable":true,"href":"https:\/\/riograndezac.gob.mx\/informatica\/index.php?rest_route=%2Fwp%2Fv2%2Ftags&post=1140"}],"curies":[{"name":"wp","href":"https:\/\/api.w.org\/{rel}","templated":true}]}}