{"id":1185,"date":"2015-08-11T18:32:28","date_gmt":"2015-08-11T18:32:28","guid":{"rendered":"http:\/\/riograndezac.gob.mx\/informatica\/?p=1185"},"modified":"2015-08-17T05:37:09","modified_gmt":"2015-08-17T05:37:09","slug":"con-la-intencion-de-reforzar-el-trabajo-que-se-realiza-al-interior-de-la-administracion-municipal-de-rio-grande-el-alcalde-constantino-castaneda-munoz-informo-que-habra-cambios-en-seis-departamentos","status":"publish","type":"post","link":"https:\/\/riograndezac.gob.mx\/informatica\/?p=1185","title":{"rendered":"Con la intenci\u00f3n de reforzar el trabajo que se realiza al interior de la Administraci\u00f3n Municipal de R\u00edo Grande, el alcalde Constantino Casta\u00f1eda Mu\u00f1oz, inform\u00f3 que habr\u00e1 cambios en seis departamentos."},"content":{"rendered":"<p><img loading=\"lazy\" decoding=\"async\" id=\"__wp-temp-img-id\" title=\"\" src=\"https:\/\/riograndezac.gob.mx\/informatica\/wp-content\/uploads\/2015\/08\/Presidente.png\" alt=\"\" width=\"689\" height=\"713\" \/><\/p>\n<p>&nbsp;<\/p>\n<p>El primer mandatario, dijo que aunque son nombramientos de segundo nivel, ya se est\u00e1 notificando a los integrantes del Cabildo, as\u00ed como a la misma S\u00edndico Municipal Ana Marianela Hern\u00e1ndez Pe\u00f1a, en el marco de respeto que existe entre el Pleno y el alcalde.<\/p>\n<p>&nbsp;<\/p>\n<p>Dio a conocer que se busca con los cambios, eficientar el trabajo y de esta manera dar mejores resultados a la poblaci\u00f3n, incluso, son cambios que al propio personal le vendr\u00e1 bien, puesto que aprender\u00e1 sobre m\u00e1s \u00e1reas de la Administraci\u00f3n.<\/p>\n<p>&nbsp;<\/p>\n<p>Inform\u00f3 Casta\u00f1eda Mu\u00f1oz, que en el Instituto Municipal de Ecolog\u00eda en donde estaba como titular Ra\u00fal Monreal D\u00edaz, ahora ser\u00e1 Manuel de Jes\u00fas P\u00e9rez Perales, quien anteriormente era el jefe del Instituto de Atenci\u00f3n al Migrante. Para \u00e9sta \u00e1rea, ahora el responsable, ser\u00e1 Jos\u00e9 Merced Zapata Zavala, quien anteriormente ocupaba el lugar de Recursos Materiales.<\/p>\n<p>&nbsp;<\/p>\n<p>El alcalde, a\u00f1adi\u00f3 que para Recursos Materiales o Almac\u00e9n, ahora estar\u00e1 Javier Mart\u00ednez Moreno, quien era el titular de alcoholes, por lo que \u00e9sta \u00e1rea, ser\u00e1 ocupada por Edson Ortega Rodr\u00edguez.<\/p>\n<p>&nbsp;<\/p>\n<p>Dentro de los cambios, se encuentra tambi\u00e9n la permuta de los titulares del \u00e1rea del Centro SUMAR, ubicado en la comunidad de Vicente Guerrero, en donde la responsable era \u00c1ngeles Galaviz Medrano, por lo que ahora ser\u00e1 la encargada del Instituto Municipal de la Juventud, y Francisco Alberto S\u00e1nchez Z\u00fa\u00f1iga ocupar\u00e1 la direcci\u00f3n del Centro SUMAR.<\/p>\n<p>&nbsp;<\/p>\n<p>Extern\u00f3 que durante el transcurso de la semana, informar\u00e1 sobre el lugar que ocupar\u00e1 el ex titular del Instituto de Ecolog\u00eda y Medio Ambiente, Ra\u00fal Monreal D\u00edaz.<\/p>\n<p>&nbsp;<\/p>\n<p>Constantino Casta\u00f1eda, indic\u00f3 que estos cambios ser\u00e1n para mejorar el trabajo que se realiza en la Alcald\u00eda, para beneficio de la poblaci\u00f3n, puesto que todas y cada una de ellas, realizan trabajo que es necesario para el desarrollo del municipio.<\/p>\n<p>&nbsp;<\/p>\n","protected":false},"excerpt":{"rendered":"<p>Constantino Casta\u00f1eda, indic\u00f3 que estos cambios ser\u00e1n para mejorar el trabajo que se realiza en la Alcald\u00eda, para beneficio de la poblaci\u00f3n<\/p>\n","protected":false},"author":1,"featured_media":1186,"comment_status":"closed","ping_status":"closed","sticky":false,"template":"","format":"standard","meta":{"_monsterinsights_skip_tracking":false,"_monsterinsights_sitenote_active":false,"_monsterinsights_sitenote_note":"","_monsterinsights_sitenote_category":0,"footnotes":""},"categories":[8],"tags":[12,18],"class_list":["post-1185","post","type-post","status-publish","format-standard","has-post-thumbnail","hentry","category-gobierno-municipal-rio-grande-zacatecas","tag-comunicacion-social","tag-gobierno-municipal-rio-grande"],"jetpack_featured_media_url":"https:\/\/riograndezac.gob.mx\/informatica\/wp-content\/uploads\/2015\/08\/Presidente-e1439318888298.png","_links":{"self":[{"href":"https:\/\/riograndezac.gob.mx\/informatica\/index.php?rest_route=\/wp\/v2\/posts\/1185","targetHints":{"allow":["GET"]}}],"collection":[{"href":"https:\/\/riograndezac.gob.mx\/informatica\/index.php?rest_route=\/wp\/v2\/posts"}],"about":[{"href":"https:\/\/riograndezac.gob.mx\/informatica\/index.php?rest_route=\/wp\/v2\/types\/post"}],"author":[{"embeddable":true,"href":"https:\/\/riograndezac.gob.mx\/informatica\/index.php?rest_route=\/wp\/v2\/users\/1"}],"replies":[{"embeddable":true,"href":"https:\/\/riograndezac.gob.mx\/informatica\/index.php?rest_route=%2Fwp%2Fv2%2Fcomments&post=1185"}],"version-history":[{"count":1,"href":"https:\/\/riograndezac.gob.mx\/informatica\/index.php?rest_route=\/wp\/v2\/posts\/1185\/revisions"}],"predecessor-version":[{"id":1187,"href":"https:\/\/riograndezac.gob.mx\/informatica\/index.php?rest_route=\/wp\/v2\/posts\/1185\/revisions\/1187"}],"wp:featuredmedia":[{"embeddable":true,"href":"https:\/\/riograndezac.gob.mx\/informatica\/index.php?rest_route=\/wp\/v2\/media\/1186"}],"wp:attachment":[{"href":"https:\/\/riograndezac.gob.mx\/informatica\/index.php?rest_route=%2Fwp%2Fv2%2Fmedia&parent=1185"}],"wp:term":[{"taxonomy":"category","embeddable":true,"href":"https:\/\/riograndezac.gob.mx\/informatica\/index.php?rest_route=%2Fwp%2Fv2%2Fcategories&post=1185"},{"taxonomy":"post_tag","embeddable":true,"href":"https:\/\/riograndezac.gob.mx\/informatica\/index.php?rest_route=%2Fwp%2Fv2%2Ftags&post=1185"}],"curies":[{"name":"wp","href":"https:\/\/api.w.org\/{rel}","templated":true}]}}