{"id":1205,"date":"2015-08-13T04:52:25","date_gmt":"2015-08-13T04:52:25","guid":{"rendered":"http:\/\/riograndezac.gob.mx\/informatica\/?p=1205"},"modified":"2015-08-19T16:55:59","modified_gmt":"2015-08-19T16:55:59","slug":"fomento-de-las-artesanias-fonart","status":"publish","type":"post","link":"https:\/\/riograndezac.gob.mx\/informatica\/?p=1205","title":{"rendered":"Fomento de las Artesan\u00edas (FONART)"},"content":{"rendered":"<p><img loading=\"lazy\" decoding=\"async\" id=\"__wp-temp-img-id\" title=\"\" src=\"https:\/\/riograndezac.gob.mx\/informatica\/wp-content\/uploads\/2015\/08\/Arroyo.png\" alt=\"\" width=\"700\" height=\"579\" \/><\/p>\n<p>&nbsp;<\/p>\n<p>\u201cLa actividad artesanal se ha convertido en pilar imprescindible no s\u00f3lo de la econom\u00eda de algunas familias, sino del desarrollo cultural, hist\u00f3rico y humano de los riograndenses, por lo que estamos buscando el respaldo para nuestros artesanos a trav\u00e9s del Fondo Nacional para el \u201d, coment\u00f3 el encargado de Desarrollo Econ\u00f3mico y Social de R\u00edo Grande Carlos Arroyo Hern\u00e1ndez.<\/p>\n<p>&nbsp;<\/p>\n<p>El funcionario municipal, inform\u00f3 que las 3 actividades artesanales que identifican a R\u00edo Grande, son las extintas cobijas de lana, las sillas de tule y el curtido de piel, por ello, enfocar el trabajo como impulsores y gestores de programas que contribuyan al desarrollo artesanal es encomienda del presidente municipal Constantino Casta\u00f1eda Mu\u00f1oz.<\/p>\n<p>&nbsp;<\/p>\n<p>Por conducto de esta dependencia municipal, se convoc\u00f3 una a reuni\u00f3n a gran parte de los artesanos riograndenses con el fin de darles a conocer la gesti\u00f3n de un programa de apoyo por parte del Fondo Nacional para el Fomento de las Artesan\u00edas (FONART) que es un fideicomiso p\u00fablico del Gobierno Federal, sectorizado en la Secretar\u00eda de Desarrollo Social, el cual que surge como una respuesta a la necesidad de promover la actividad artesanal del pa\u00eds y contribuir as\u00ed a la generaci\u00f3n de un mayor ingreso familiar de las y los artesanos; mediante su desarrollo humano, social y econ\u00f3mico.<\/p>\n<p>&nbsp;<\/p>\n<p>Por parte de Carlos Arroyo Hern\u00e1ndez encargado de dicha direcci\u00f3n coment\u00f3 que \u201cya en algunas otras ocasiones hemos promovido algunos productos artesanales en diferentes foros o expos que participamos, reconozco el trabajo de las y los artesanos por ello es fundamental generar condiciones que impulsen esta actividad, por lo que agradeci\u00f3 la asistencia a este llamado\u201d.<\/p>\n<p>&nbsp;<\/p>\n<p>Comento adem\u00e1s que \u201clos artesanos se mostraron atentos y motivados en participar en este programa donde ya se registraron y llenaron los formatos as\u00ed como la papeler\u00eda correspondiente a cada expediente, entre otros artesanos Antonio V\u00e1zquez quien desde hace 35 a\u00f1os elabora canastos de vara de sauz y mimbre, agradeci\u00f3 que se le hablara y se le tomara en cuenta como artesano y que est\u00e1 en la mejor disposici\u00f3n de poder ense\u00f1ar a quien as\u00ed lo desee, a tejer estas canastas mediante un curso con el fin de perseverar la tradici\u00f3n y que no se pierda\u201d.<\/p>\n<p>&nbsp;<\/p>\n<p>Finaliz\u00f3 mencionando que entre algunos talleres que se impulsar\u00e1n se encuentran la elaboraci\u00f3n de huaraches de piel, bolsas de piel, tallado en madera, sillas de tule, fustes, canastas de vara de sauz y mimbre, artesan\u00eda en madera, talabarter\u00eda.<\/p>\n","protected":false},"excerpt":{"rendered":"<p>Por conducto de esta dependencia municipal, se convoc\u00f3 una a reuni\u00f3n a gran parte de los artesanos riograndenses con el fin de darles a conocer la gesti\u00f3n de un programa de apoyo por parte del Fondo Nacional para el Fomento de las Artesan\u00edas (FONART)<\/p>\n","protected":false},"author":1,"featured_media":1206,"comment_status":"closed","ping_status":"closed","sticky":false,"template":"","format":"standard","meta":{"_monsterinsights_skip_tracking":false,"_monsterinsights_sitenote_active":false,"_monsterinsights_sitenote_note":"","_monsterinsights_sitenote_category":0,"footnotes":""},"categories":[5],"tags":[12,18],"class_list":["post-1205","post","type-post","status-publish","format-standard","has-post-thumbnail","hentry","category-destacados","tag-comunicacion-social","tag-gobierno-municipal-rio-grande"],"jetpack_featured_media_url":"https:\/\/riograndezac.gob.mx\/informatica\/wp-content\/uploads\/2015\/08\/Arroyo-e1439442964187.png","_links":{"self":[{"href":"https:\/\/riograndezac.gob.mx\/informatica\/index.php?rest_route=\/wp\/v2\/posts\/1205","targetHints":{"allow":["GET"]}}],"collection":[{"href":"https:\/\/riograndezac.gob.mx\/informatica\/index.php?rest_route=\/wp\/v2\/posts"}],"about":[{"href":"https:\/\/riograndezac.gob.mx\/informatica\/index.php?rest_route=\/wp\/v2\/types\/post"}],"author":[{"embeddable":true,"href":"https:\/\/riograndezac.gob.mx\/informatica\/index.php?rest_route=\/wp\/v2\/users\/1"}],"replies":[{"embeddable":true,"href":"https:\/\/riograndezac.gob.mx\/informatica\/index.php?rest_route=%2Fwp%2Fv2%2Fcomments&post=1205"}],"version-history":[{"count":1,"href":"https:\/\/riograndezac.gob.mx\/informatica\/index.php?rest_route=\/wp\/v2\/posts\/1205\/revisions"}],"predecessor-version":[{"id":1207,"href":"https:\/\/riograndezac.gob.mx\/informatica\/index.php?rest_route=\/wp\/v2\/posts\/1205\/revisions\/1207"}],"wp:featuredmedia":[{"embeddable":true,"href":"https:\/\/riograndezac.gob.mx\/informatica\/index.php?rest_route=\/wp\/v2\/media\/1206"}],"wp:attachment":[{"href":"https:\/\/riograndezac.gob.mx\/informatica\/index.php?rest_route=%2Fwp%2Fv2%2Fmedia&parent=1205"}],"wp:term":[{"taxonomy":"category","embeddable":true,"href":"https:\/\/riograndezac.gob.mx\/informatica\/index.php?rest_route=%2Fwp%2Fv2%2Fcategories&post=1205"},{"taxonomy":"post_tag","embeddable":true,"href":"https:\/\/riograndezac.gob.mx\/informatica\/index.php?rest_route=%2Fwp%2Fv2%2Ftags&post=1205"}],"curies":[{"name":"wp","href":"https:\/\/api.w.org\/{rel}","templated":true}]}}