{"id":1217,"date":"2015-08-13T05:11:12","date_gmt":"2015-08-13T05:11:12","guid":{"rendered":"http:\/\/riograndezac.gob.mx\/informatica\/?p=1217"},"modified":"2015-08-13T05:11:12","modified_gmt":"2015-08-13T05:11:12","slug":"exhorta-el-sistema-municipal-de-agua-potable-y-alcantarillado-de-rio-grande-a-que-se-continue-con-el-cuidado-del-agua-potable","status":"publish","type":"post","link":"https:\/\/riograndezac.gob.mx\/informatica\/?p=1217","title":{"rendered":"Exhorta el Sistema Municipal de Agua Potable y Alcantarillado de R\u00edo Grande, a que se contin\u00fae con el cuidado del agua potable"},"content":{"rendered":"<p><img loading=\"lazy\" decoding=\"async\" id=\"__wp-temp-img-id\" class=\" aligncenter\" title=\"\" src=\"https:\/\/riograndezac.gob.mx\/informatica\/wp-content\/uploads\/2015\/08\/roberto-martinez.png\" alt=\"\" width=\"700\" height=\"344\" \/><\/p>\n<p>Exhorta el Sistema Municipal de Agua Potable y Alcantarillado de R\u00edo Grande, a que se contin\u00fae con el cuidado del agua potable, sobre todo en los hogares, \u201cse trata de conciencia, no de leyes o reglamentos\u201d, extern\u00f3 Roberto Mart\u00ednez Ortiz, titular del organismo descentralizado.<\/p>\n<p>&nbsp;<\/p>\n<p>El funcionario municipal, se\u00f1al\u00f3 que \u201cesta problema que se nos presenta en la actualidad es un tema que cada d\u00eda ocupa m\u00e1s la atenci\u00f3n de cient\u00edficos, t\u00e9cnicos, pol\u00edticos y en general, de todos los habitantes de R\u00edo Grande\u201d.<br \/>\nMart\u00ednez Ortiz, extern\u00f3 que \u201cla escasez de este vital l\u00edquido obliga a reiterar nuevamente una llamada a la moderaci\u00f3n de consumo por parte de la poblaci\u00f3n a nivel no s\u00f3lo aqu\u00ed, sino a nivel mundial, ya que sin su colaboraci\u00f3n los esfuerzos t\u00e9cnicos que llevamos a cabo, as\u00ed como las que hacen otras instituciones a nivel estatal, nacional y mundial, resultar\u00edan insuficientes\u201d.<br \/>\nAcot\u00f3 que \u201chay que hacer conciencia, s\u00f3lo muy poca agua es utilizada para el consumo del hombre, ya que el 90 por ciento, es agua de mar y tiene sal, el 2 por ciento es hielo y est\u00e1 en los polos, y s\u00f3lo el 1 por ciento de toda el agua del planeta es dulce, encontr\u00e1ndose en r\u00edos, lagos y mantos subterr\u00e1neos\u201d, a\u00f1adi\u00f3.<\/p>\n<p>&nbsp;<\/p>\n<p>Adem\u00e1s \u201cel agua tal como se encuentra en la naturaleza, para ser utilizada sin riesgo para el consumo humano requiere ser tratada, para eliminar las part\u00edculas y organismos que pueden ser da\u00f1inos para la salud y finalmente debe ser distribuida a trav\u00e9s de tuber\u00edas hasta tu casa, para que puedan consumirla sin ning\u00fan problema ni riesgo alguno\u201d, dijo<\/p>\n<p>&nbsp;<\/p>\n<p>\u201cQuiero destacar que en municipios vecinos, y para no irnos lejos, en Fresnillo, el agua es tandeada no cada tercer d\u00eda, sino cada 5 d\u00edas. Todas las familias tienen una cisterna o aljibe, en donde almacenan el vital l\u00edquido no porque el sistema de Agua en ese municipio se los exija, sino porque as\u00ed se va dando la vida cotidiana, ojal\u00e1 aqu\u00ed en R\u00edo Grande, podamos tomar en cuenta la sugerencia y no se tome como una imposici\u00f3n, puesto que en 5, 10, 15 o 20 a\u00f1os, que se yo, llegaremos a este extremo, y no se trata de partidos, ni de colores, sino de la realidad\u201d, refiri\u00f3.<\/p>\n<p>&nbsp;<\/p>\n<p>As\u00ed mismo dijo que \u201cahorita tenemos agua, pero cada vez llegar\u00e1 con menos presi\u00f3n, por lo que no subir\u00e1 a los tinacos, y es algo que tenemos que entender, no se trata del presidente o de su servidor, sino de la naturaleza, por lo que es m\u00e1s f\u00e1cil que se guarde el l\u00edquido en una parte baja a que suba a los tinacos\u201d, finaliz\u00f3.<\/p>\n","protected":false},"excerpt":{"rendered":"<p>Acot\u00f3 que \u201chay que hacer conciencia, s\u00f3lo muy poca agua es utilizada para el consumo del hombre, ya que el 90 por ciento, es agua de mar y tiene sal<\/p>\n","protected":false},"author":1,"featured_media":1218,"comment_status":"closed","ping_status":"closed","sticky":false,"template":"","format":"standard","meta":{"_monsterinsights_skip_tracking":false,"_monsterinsights_sitenote_active":false,"_monsterinsights_sitenote_note":"","_monsterinsights_sitenote_category":0,"footnotes":""},"categories":[4],"tags":[12,18,35],"class_list":["post-1217","post","type-post","status-publish","format-standard","has-post-thumbnail","hentry","category-boletines","tag-comunicacion-social","tag-gobierno-municipal-rio-grande","tag-simaparg"],"jetpack_featured_media_url":"https:\/\/riograndezac.gob.mx\/informatica\/wp-content\/uploads\/2015\/08\/roberto-martinez.png","_links":{"self":[{"href":"https:\/\/riograndezac.gob.mx\/informatica\/index.php?rest_route=\/wp\/v2\/posts\/1217","targetHints":{"allow":["GET"]}}],"collection":[{"href":"https:\/\/riograndezac.gob.mx\/informatica\/index.php?rest_route=\/wp\/v2\/posts"}],"about":[{"href":"https:\/\/riograndezac.gob.mx\/informatica\/index.php?rest_route=\/wp\/v2\/types\/post"}],"author":[{"embeddable":true,"href":"https:\/\/riograndezac.gob.mx\/informatica\/index.php?rest_route=\/wp\/v2\/users\/1"}],"replies":[{"embeddable":true,"href":"https:\/\/riograndezac.gob.mx\/informatica\/index.php?rest_route=%2Fwp%2Fv2%2Fcomments&post=1217"}],"version-history":[{"count":1,"href":"https:\/\/riograndezac.gob.mx\/informatica\/index.php?rest_route=\/wp\/v2\/posts\/1217\/revisions"}],"predecessor-version":[{"id":1219,"href":"https:\/\/riograndezac.gob.mx\/informatica\/index.php?rest_route=\/wp\/v2\/posts\/1217\/revisions\/1219"}],"wp:featuredmedia":[{"embeddable":true,"href":"https:\/\/riograndezac.gob.mx\/informatica\/index.php?rest_route=\/wp\/v2\/media\/1218"}],"wp:attachment":[{"href":"https:\/\/riograndezac.gob.mx\/informatica\/index.php?rest_route=%2Fwp%2Fv2%2Fmedia&parent=1217"}],"wp:term":[{"taxonomy":"category","embeddable":true,"href":"https:\/\/riograndezac.gob.mx\/informatica\/index.php?rest_route=%2Fwp%2Fv2%2Fcategories&post=1217"},{"taxonomy":"post_tag","embeddable":true,"href":"https:\/\/riograndezac.gob.mx\/informatica\/index.php?rest_route=%2Fwp%2Fv2%2Ftags&post=1217"}],"curies":[{"name":"wp","href":"https:\/\/api.w.org\/{rel}","templated":true}]}}