{"id":1227,"date":"2015-08-14T17:25:17","date_gmt":"2015-08-14T17:25:17","guid":{"rendered":"http:\/\/riograndezac.gob.mx\/informatica\/?p=1227"},"modified":"2015-08-14T17:39:24","modified_gmt":"2015-08-14T17:39:24","slug":"jornada-cultural-isidro-mendez-lira","status":"publish","type":"post","link":"https:\/\/riograndezac.gob.mx\/informatica\/?p=1227","title":{"rendered":"Jornada cultural \u201cIsidro M\u00e9ndez Lira\u201d"},"content":{"rendered":"<p style=\"text-align: left;\"><img loading=\"lazy\" decoding=\"async\" id=\"__wp-temp-img-id\" class=\" aligncenter\" title=\"\" src=\"https:\/\/riograndezac.gob.mx\/informatica\/wp-content\/uploads\/2015\/08\/Domingos-de-cultura2.png\" alt=\"\" width=\"700\" height=\"429\" \/><\/p>\n<p>En el marco de la jornada cultural Isidro M\u00e9ndez Lira 2015, no se hacen esperar las sorpresas que entregan a la ciudadan\u00eda de R\u00edo Grande, por lo que \u00e9sta no fue la excepci\u00f3n con la presentaci\u00f3n del grupo Estampa Norte\u00f1a, quienes deleitaron al p\u00fablico con canciones de anta\u00f1o que hicieron suspirar a las y los asistentes.<\/p>\n<p>&nbsp;<\/p>\n<p>El Gobierno Municipal encabezado por Constantino Casta\u00f1eda Mu\u00f1oz a trav\u00e9s del Instituto de Cultura Luis Cerrillo C\u00e1zares, a cargo de Santa Sabina Esquivel recibieron este domingo al grupo Estampa Norte\u00f1a originarios de Trancoso Zacatecas, quienes vinieron a participar en la jornada cultural \u201cIsidro M\u00e9ndez Lira\u201d.<\/p>\n<p>&nbsp;<\/p>\n<p>Estampa Norte\u00f1a es una agrupaci\u00f3n que se fund\u00f3 en la d\u00e9cada de los 90 por Estanislao Noriega L\u00f3pez quien toca el bajo sexto y encargado de la primera voz, Jos\u00e9 Mar\u00eda Rodr\u00edguez Ibarra en el bajo el\u00e9ctrico, Ricardo El\u00edas Hern\u00e1ndez en el acorde\u00f3n primero, Magdaleno Hern\u00e1ndez Rivera en la segunda voz y acorde\u00f3n segundo y Jes\u00fas Almanza L\u00f3pez en la bater\u00eda.<\/p>\n<p>&nbsp;<\/p>\n<p>Su consolidaci\u00f3n art\u00edstica se dio a finales del 2010 a ra\u00edz de picar piedra y salir trabajar, este grupo de m\u00fasicos se vieron involucrados por la Universidad Aut\u00f3noma de Zacatecas a trav\u00e9s del \u00e1rea de Arte y Cultura, donde grabar\u00edan una producci\u00f3n titulada Manifiesto de la cual participar\u00edan como invitados al lado del conjunto de m\u00fasica latinoamericana Huayrapamushka, con quienes publicaran 2 discos compactos y un libro titulado Huayrapamushka y el movimiento social de los setenta.<\/p>\n<p>&nbsp;<\/p>\n<p>Lo esencial de esta agrupaci\u00f3n es el talento que tienen sus m\u00fasicos campesinos, poseedores de una genuina calidad art\u00edstica y que han tomado al responsabilidad de preservar la tradici\u00f3n corridista que ha existido en nuestro Estado desde principios del siglo XIX, as\u00ed como de rescatar aquellas canciones que se creaban y cantaban en el M\u00e9xico rural agrario de principios de los a\u00f1os 50.<\/p>\n<p>&nbsp;<\/p>\n<p>\u201cComo olvidar\u201d, \u201cpaloma errante\u201d, \u201cenga\u00f1osa y cobarde\u201d, \u201cel amor no se vende\u201d, \u201cojitos verdes\u201d, \u201cla novia del pajarillo\u201d, polkas que hicieron historia entre nuestros antepasados como \u201cel circo\u201d, \u201cel p\u00e1vido navido\u201d, \u201cde Torre\u00f3n a Lerdo\u201d, y que decir de aquellos boleros rancheros como \u201cla hojita\u201d, \u201cingrato amor\u201d y un sinn\u00famero de melod\u00edas que arrancaron sonrisas y suspiros de los asistentes, quienes mencionaron, \u201ccomo olvidar los tradicionales bailes de las redovas y el shotis, y como olvidar esos corridos que contaban vivencias de valientes, el \u00faltimo de los dorados, la tragedia de rosita, arboles de la barranca, el paso del norte, corrido de Felipe \u00c1ngeles, descansa general\u201d.<\/p>\n<p>&nbsp;<\/p>\n<p>Su trabajo art\u00edstico y la grabaci\u00f3n del material discogr\u00e1fico Cantares de la Revoluci\u00f3n Mexicana y Mosaico Trancose\u00f1o que han logrado ser difundidos los ha llevado a participar musicalmente en pel\u00edculas y documentales dirigidas por el cineasta Edin Alin Mart\u00ednez, la primera grabaci\u00f3n Estanislao, una historia que contar fue estrenada apenas el a\u00f1o pasado en el Festival Cumbre Taj\u00edn, uno m\u00e1s que lleva por nombre Salvarena, del mismo autor que recibi\u00f3 un premio en el Festival Internacional de Cine y Derechos Humanos de M\u00e9xico.<\/p>\n","protected":false},"excerpt":{"rendered":"<p>Su trabajo art\u00edstico y la grabaci\u00f3n del material discogr\u00e1fico Cantares de la Revoluci\u00f3n Mexicana y Mosaico Trancose\u00f1o que han logrado ser difundidos los ha llevado a participar musicalmente en pel\u00edculas y documentales<\/p>\n","protected":false},"author":1,"featured_media":1228,"comment_status":"closed","ping_status":"closed","sticky":false,"template":"","format":"standard","meta":{"_monsterinsights_skip_tracking":false,"_monsterinsights_sitenote_active":false,"_monsterinsights_sitenote_note":"","_monsterinsights_sitenote_category":0,"footnotes":""},"categories":[49],"tags":[12,18],"class_list":["post-1227","post","type-post","status-publish","format-standard","has-post-thumbnail","hentry","category-cultura","tag-comunicacion-social","tag-gobierno-municipal-rio-grande"],"jetpack_featured_media_url":"https:\/\/riograndezac.gob.mx\/informatica\/wp-content\/uploads\/2015\/08\/Domingos-de-cultura2.png","_links":{"self":[{"href":"https:\/\/riograndezac.gob.mx\/informatica\/index.php?rest_route=\/wp\/v2\/posts\/1227","targetHints":{"allow":["GET"]}}],"collection":[{"href":"https:\/\/riograndezac.gob.mx\/informatica\/index.php?rest_route=\/wp\/v2\/posts"}],"about":[{"href":"https:\/\/riograndezac.gob.mx\/informatica\/index.php?rest_route=\/wp\/v2\/types\/post"}],"author":[{"embeddable":true,"href":"https:\/\/riograndezac.gob.mx\/informatica\/index.php?rest_route=\/wp\/v2\/users\/1"}],"replies":[{"embeddable":true,"href":"https:\/\/riograndezac.gob.mx\/informatica\/index.php?rest_route=%2Fwp%2Fv2%2Fcomments&post=1227"}],"version-history":[{"count":1,"href":"https:\/\/riograndezac.gob.mx\/informatica\/index.php?rest_route=\/wp\/v2\/posts\/1227\/revisions"}],"predecessor-version":[{"id":1229,"href":"https:\/\/riograndezac.gob.mx\/informatica\/index.php?rest_route=\/wp\/v2\/posts\/1227\/revisions\/1229"}],"wp:featuredmedia":[{"embeddable":true,"href":"https:\/\/riograndezac.gob.mx\/informatica\/index.php?rest_route=\/wp\/v2\/media\/1228"}],"wp:attachment":[{"href":"https:\/\/riograndezac.gob.mx\/informatica\/index.php?rest_route=%2Fwp%2Fv2%2Fmedia&parent=1227"}],"wp:term":[{"taxonomy":"category","embeddable":true,"href":"https:\/\/riograndezac.gob.mx\/informatica\/index.php?rest_route=%2Fwp%2Fv2%2Fcategories&post=1227"},{"taxonomy":"post_tag","embeddable":true,"href":"https:\/\/riograndezac.gob.mx\/informatica\/index.php?rest_route=%2Fwp%2Fv2%2Ftags&post=1227"}],"curies":[{"name":"wp","href":"https:\/\/api.w.org\/{rel}","templated":true}]}}