{"id":1230,"date":"2015-08-14T17:34:02","date_gmt":"2015-08-14T17:34:02","guid":{"rendered":"http:\/\/riograndezac.gob.mx\/informatica\/?p=1230"},"modified":"2015-08-14T17:34:02","modified_gmt":"2015-08-14T17:34:02","slug":"sabados-de-danzon","status":"publish","type":"post","link":"https:\/\/riograndezac.gob.mx\/informatica\/?p=1230","title":{"rendered":"S\u00e1bados de danz\u00f3n"},"content":{"rendered":"<p><img loading=\"lazy\" decoding=\"async\" id=\"__wp-temp-img-id\" class=\" aligncenter\" title=\"\" src=\"https:\/\/riograndezac.gob.mx\/informatica\/wp-content\/uploads\/2015\/08\/Danzon2.png\" alt=\"\" width=\"631\" height=\"404\" \/><\/p>\n<p>\u201cUno de los proyectos que hoy vemos realizados en el grupo de Pro-cultura es el de los s\u00e1bados de danz\u00f3n a partir de hoy, con la finalidad de involucrar a la ciudadan\u00eda en especial a los adultos que se identifican con este g\u00e9nero\u201d inform\u00f3 la directora del grupo Conchita Esquivel.<\/p>\n<p>&nbsp;<\/p>\n<p>\u201cQueremos agradecer el apoyo que hemos recibido por parte del Ayuntamiento encabezado por Constantino Casta\u00f1eda Mu\u00f1oz ya que compartimos en com\u00fan el inter\u00e9s de rescatar los valores en las familias y en la sociedad, ahora con este proyecto procuramos consentir a los adultos que en aquellos ayeres disfrutaban de estos bailes\u201d, detall\u00f3.<\/p>\n<p>&nbsp;<\/p>\n<p>\u201cLa cita es hoy s\u00e1bado a partir de las 7 de la noche, vamos a revivir aquellos momentos en los que el baile cadencioso, elegante en sus pasos, y con la caracter\u00edstica muy particular el que de acuerdo con el lugar donde se practica, y por su prolongado desarrollo musical, durante cada estribillo despu\u00e9s del primer tema descansan los bailadores para abanicar la cara la mujer, y galanear entre ambos mientras esperan el segundo tema\u201d, extern\u00f3.<\/p>\n<p>&nbsp;<\/p>\n<p>\u201cEntre los danzones m\u00e1s conocidos pueden citarse Nereidas, Pulque para 2 ,Mocambo, Tel\u00e9fono a larga distancia, Paludismo agudo, La Negra, Playa Suave, el inolvidable tema de Acapulco, el m\u00e1s popular Sal\u00f3n M\u00e9xico, Acayucan y Blanca Estela, quienes seamos contempor\u00e1neos debemos recordar que la historia de los salones nos trae seguramente recuerdos pues les revive ilusiones, a\u00f1ejas emociones de nuestra juventud de ayer, recordar es un placer y como no hacerlo para nuestra gente de R\u00edo Grande\u201d, refiri\u00f3.<\/p>\n<p>&nbsp;<\/p>\n<p>\u201cQui\u00e9n no bail\u00f3 con la orquesta de provincia de Beto D\u00edaz por mencionar algo, o como negar que alguien se enamor\u00f3 con m\u00fasica de la Sonora Santanera, sin duda alguna queremos extender la invitaci\u00f3n a todas aquellas parejas a que nos acompa\u00f1en este s\u00e1bado en la plaza principal, de entrada tendremos una presentaci\u00f3n a cargo de los maestros activos, pensionados y jubilados y posteriormente se abrir\u00e1 la pista para que pasen a bailar\u201d, finaliz\u00f3.<\/p>\n","protected":false},"excerpt":{"rendered":"<p>Uno de los proyectos que hoy vemos realizados en el grupo de Pro-cultura es el de los s\u00e1bados de danz\u00f3n a partir de hoy<\/p>\n","protected":false},"author":1,"featured_media":1231,"comment_status":"closed","ping_status":"closed","sticky":false,"template":"","format":"standard","meta":{"_monsterinsights_skip_tracking":false,"_monsterinsights_sitenote_active":false,"_monsterinsights_sitenote_note":"","_monsterinsights_sitenote_category":0,"footnotes":""},"categories":[4,49],"tags":[12,29],"class_list":["post-1230","post","type-post","status-publish","format-standard","has-post-thumbnail","hentry","category-boletines","category-cultura","tag-comunicacion-social","tag-cultura"],"jetpack_featured_media_url":"https:\/\/riograndezac.gob.mx\/informatica\/wp-content\/uploads\/2015\/08\/Danzon2.png","_links":{"self":[{"href":"https:\/\/riograndezac.gob.mx\/informatica\/index.php?rest_route=\/wp\/v2\/posts\/1230","targetHints":{"allow":["GET"]}}],"collection":[{"href":"https:\/\/riograndezac.gob.mx\/informatica\/index.php?rest_route=\/wp\/v2\/posts"}],"about":[{"href":"https:\/\/riograndezac.gob.mx\/informatica\/index.php?rest_route=\/wp\/v2\/types\/post"}],"author":[{"embeddable":true,"href":"https:\/\/riograndezac.gob.mx\/informatica\/index.php?rest_route=\/wp\/v2\/users\/1"}],"replies":[{"embeddable":true,"href":"https:\/\/riograndezac.gob.mx\/informatica\/index.php?rest_route=%2Fwp%2Fv2%2Fcomments&post=1230"}],"version-history":[{"count":1,"href":"https:\/\/riograndezac.gob.mx\/informatica\/index.php?rest_route=\/wp\/v2\/posts\/1230\/revisions"}],"predecessor-version":[{"id":1232,"href":"https:\/\/riograndezac.gob.mx\/informatica\/index.php?rest_route=\/wp\/v2\/posts\/1230\/revisions\/1232"}],"wp:featuredmedia":[{"embeddable":true,"href":"https:\/\/riograndezac.gob.mx\/informatica\/index.php?rest_route=\/wp\/v2\/media\/1231"}],"wp:attachment":[{"href":"https:\/\/riograndezac.gob.mx\/informatica\/index.php?rest_route=%2Fwp%2Fv2%2Fmedia&parent=1230"}],"wp:term":[{"taxonomy":"category","embeddable":true,"href":"https:\/\/riograndezac.gob.mx\/informatica\/index.php?rest_route=%2Fwp%2Fv2%2Fcategories&post=1230"},{"taxonomy":"post_tag","embeddable":true,"href":"https:\/\/riograndezac.gob.mx\/informatica\/index.php?rest_route=%2Fwp%2Fv2%2Ftags&post=1230"}],"curies":[{"name":"wp","href":"https:\/\/api.w.org\/{rel}","templated":true}]}}