{"id":1237,"date":"2015-08-17T05:09:55","date_gmt":"2015-08-17T05:09:55","guid":{"rendered":"http:\/\/riograndezac.gob.mx\/informatica\/?p=1237"},"modified":"2015-08-23T04:43:21","modified_gmt":"2015-08-23T04:43:21","slug":"nos-hemos-coordinado-con-la-delegacion-de-transito-para-que-el-tema-de-circulacion-y-seguridad-fluya-de-la-mejor-manera-en-este-proximo-regreso-a-clases","status":"publish","type":"post","link":"https:\/\/riograndezac.gob.mx\/informatica\/?p=1237","title":{"rendered":"Nos hemos coordinado con la delegaci\u00f3n de tr\u00e1nsito para que el tema de circulaci\u00f3n y seguridad, fluya de la mejor manera en este pr\u00f3ximo regreso a clases"},"content":{"rendered":"<p style=\"text-align: left;\"><img loading=\"lazy\" decoding=\"async\" id=\"__wp-temp-img-id\" title=\"\" src=\"https:\/\/riograndezac.gob.mx\/informatica\/wp-content\/uploads\/2015\/08\/Transito-escuelas.png\" alt=\"\" width=\"700\" height=\"553\" \/><\/p>\n<p>\u201cNos hemos coordinado con la delegaci\u00f3n de tr\u00e1nsito para que el tema de circulaci\u00f3n y seguridad, fluya de la mejor manera en este pr\u00f3ximo regreso a clases\u201d, inform\u00f3 Cecilio Rene G\u00f3mez P\u00e9rez, director de Seguridad P\u00fablica Municipal.<\/p>\n<p>&nbsp;<\/p>\n<p>\u201cAtendemos las recomendaciones del alcalde Constantino Casta\u00f1eda Mu\u00f1oz, ya que se aproxima el regreso a clases en los niveles de educaci\u00f3n b\u00e1sica, y para ello nos hemos coordinado con la delegaci\u00f3n de tr\u00e1nsito en el municipio a cargo de Juan de Dios Garc\u00eda Valenzuela, para procurar que todo fluya de la mejor manera en cuanto al resguardo de la seguridad, as\u00ed como a lo que concierne al tr\u00e1nsito vehicular, vigilaremos y haremos los rondines correspondientes peri\u00f3dicamente\u201d, expuso el funcionario.<\/p>\n<p>&nbsp;<\/p>\n<p>\u201cUna de las recomendaciones que podemos compartir con la ciudadan\u00eda es nada menos que se haga todo lo posible para fomentar el h\u00e1bito de la puntualidad, una vez organizados en casa y salir a tiempo, podemos ganarle al reloj por lo menos unos 10 o 15 minutitos, suficientes para hacer el recorrido hasta la puerta de la escuela y dejar a los ni\u00f1os en clase, de igual forma se puede organizar a la salida ya que se empata con la hora pico donde la mayor\u00eda de la gente sale de sus trabajos\u201d, relat\u00f3.<\/p>\n<p>&nbsp;<\/p>\n<p>\u201cEl objetivo es evitar entorpecer el tr\u00e1nsito, y por otra parte, que la ciudadan\u00eda conf\u00ede en los elementos que conforman la corporaci\u00f3n de la polic\u00eda, nos ha costado trabajo pero sabemos que lo vamos a lograr, nuestros elementos han iniciado capacitaciones y cursos que ayudaran en su persona y en su trabajo para poder estar a la altura de lo que la ciudadan\u00eda demanda que es la seguridad y tranquilidad, y que el respeto hacia un polic\u00eda se gane con los hechos, en R\u00edo Grande tenemos una polic\u00eda confiable\u201d, mencion\u00f3 G\u00f3mez P\u00e9rez.<\/p>\n<p>&nbsp;<\/p>\n<p>Agreg\u00f3 que \u201cpor otra parte, los compa\u00f1eros de la delegaci\u00f3n de tr\u00e1nsito, al igual que la corporaci\u00f3n de seguridad p\u00fablica, s\u00f3lo hacemos lo que nos corresponde, apegarnos al reglamento es lo esencial as\u00ed que en este pr\u00f3ximo regreso a clases como todos los d\u00edas nada nos cuesta con apegarnos a los reglamentos y fomentar una cultura vial, y m\u00e1s que nada una cultura de valores\u201d, finaliz\u00f3.<\/p>\n","protected":false},"excerpt":{"rendered":"<p>El objetivo es evitar entorpecer el tr\u00e1nsito, y por otra parte, que la ciudadan\u00eda conf\u00ede en los elementos que conforman la corporaci\u00f3n de la polic\u00eda, nos ha costado trabajo pero sabemos que lo vamos a lograr<\/p>\n","protected":false},"author":1,"featured_media":1238,"comment_status":"closed","ping_status":"closed","sticky":false,"template":"","format":"standard","meta":{"_monsterinsights_skip_tracking":false,"_monsterinsights_sitenote_active":false,"_monsterinsights_sitenote_note":"","_monsterinsights_sitenote_category":0,"footnotes":""},"categories":[4],"tags":[12,18],"class_list":["post-1237","post","type-post","status-publish","format-standard","has-post-thumbnail","hentry","category-boletines","tag-comunicacion-social","tag-gobierno-municipal-rio-grande"],"jetpack_featured_media_url":"https:\/\/riograndezac.gob.mx\/informatica\/wp-content\/uploads\/2015\/08\/Transito-escuelas.png","_links":{"self":[{"href":"https:\/\/riograndezac.gob.mx\/informatica\/index.php?rest_route=\/wp\/v2\/posts\/1237","targetHints":{"allow":["GET"]}}],"collection":[{"href":"https:\/\/riograndezac.gob.mx\/informatica\/index.php?rest_route=\/wp\/v2\/posts"}],"about":[{"href":"https:\/\/riograndezac.gob.mx\/informatica\/index.php?rest_route=\/wp\/v2\/types\/post"}],"author":[{"embeddable":true,"href":"https:\/\/riograndezac.gob.mx\/informatica\/index.php?rest_route=\/wp\/v2\/users\/1"}],"replies":[{"embeddable":true,"href":"https:\/\/riograndezac.gob.mx\/informatica\/index.php?rest_route=%2Fwp%2Fv2%2Fcomments&post=1237"}],"version-history":[{"count":2,"href":"https:\/\/riograndezac.gob.mx\/informatica\/index.php?rest_route=\/wp\/v2\/posts\/1237\/revisions"}],"predecessor-version":[{"id":1240,"href":"https:\/\/riograndezac.gob.mx\/informatica\/index.php?rest_route=\/wp\/v2\/posts\/1237\/revisions\/1240"}],"wp:featuredmedia":[{"embeddable":true,"href":"https:\/\/riograndezac.gob.mx\/informatica\/index.php?rest_route=\/wp\/v2\/media\/1238"}],"wp:attachment":[{"href":"https:\/\/riograndezac.gob.mx\/informatica\/index.php?rest_route=%2Fwp%2Fv2%2Fmedia&parent=1237"}],"wp:term":[{"taxonomy":"category","embeddable":true,"href":"https:\/\/riograndezac.gob.mx\/informatica\/index.php?rest_route=%2Fwp%2Fv2%2Fcategories&post=1237"},{"taxonomy":"post_tag","embeddable":true,"href":"https:\/\/riograndezac.gob.mx\/informatica\/index.php?rest_route=%2Fwp%2Fv2%2Ftags&post=1237"}],"curies":[{"name":"wp","href":"https:\/\/api.w.org\/{rel}","templated":true}]}}