{"id":1241,"date":"2015-08-17T05:16:27","date_gmt":"2015-08-17T05:16:27","guid":{"rendered":"http:\/\/riograndezac.gob.mx\/informatica\/?p=1241"},"modified":"2015-08-17T06:07:46","modified_gmt":"2015-08-17T06:07:46","slug":"campana-de-reforestacion","status":"publish","type":"post","link":"https:\/\/riograndezac.gob.mx\/informatica\/?p=1241","title":{"rendered":"Campa\u00f1a de reforestaci\u00f3n"},"content":{"rendered":"<p><img loading=\"lazy\" decoding=\"async\" id=\"__wp-temp-img-id\" class=\" aligncenter\" title=\"\" src=\"https:\/\/riograndezac.gob.mx\/informatica\/wp-content\/uploads\/2015\/08\/Reforestacion2.png\" alt=\"\" width=\"700\" height=\"371\" \/><\/p>\n<p>&nbsp;<\/p>\n<p>Comienza el Gobierno Municipal de R\u00edo Grande encabezado por Constantino Casta\u00f1eda Mu\u00f1oz, una campa\u00f1a de reforestaci\u00f3n.<\/p>\n<p>&nbsp;<\/p>\n<p>\u201cLos objetivos de este programa son dotar de \u00e1reas verdes a la ciudad, recuperar espacios destinados para sitios arbolados, incrementar las \u00e1reas verdes urbanas por habitante, as\u00ed como involucrar a la juventud y la ciudadan\u00eda en la ejecuci\u00f3n, protecci\u00f3n y cuidado de los espacios reforestados\u201d inform\u00f3 Asiel Felipe Garc\u00eda Mares director de Obras y Servicios P\u00fablicos.<\/p>\n<p>&nbsp;<\/p>\n<p>\u201cCon el respaldo del presidente municipal, nos hemos dado a la tarea de iniciar con este proyecto que no tenemos la menor duda habr\u00e1 de beneficiar a la poblaci\u00f3n, y el cual coordinar\u00e1 de manera directa Armando Campa\u201d, inform\u00f3.<\/p>\n<p>&nbsp;<\/p>\n<p>\u201cLa campa\u00f1a, la estamos iniciando en la calle Zacatecas puesto que hubo necesidad de retirar un par de \u00e1rboles a solicitud de los vecinos, ahora en cambio colocaremos nuevos \u00e1rboles que dar\u00e1n una mejor imagen y contribuir\u00e1n a crear aire limpio\u201d, mencion\u00f3 el funcionario.<\/p>\n<p>&nbsp;<\/p>\n<p>\u201cSe han dado o las instrucciones al personal de obras p\u00fablicas para que hagan un recorrido por la calle con el objetivo de cerciorarnos sobre la colocaci\u00f3n de los \u00e1rboles para que en el futuro no se presente la necesidad de removerlos por la afectaci\u00f3n con el cableado a\u00e9reo y las instalaciones hidr\u00e1ulicas como el drenaje, as\u00ed como procurar que no vengan a obstruir el tr\u00e1fico\u201d, refiri\u00f3.<\/p>\n<p>&nbsp;<\/p>\n<p>\u201cDe igual manera se ha buscado la forma de involucrar a la ciudadan\u00eda, la mec\u00e1nica es muy sencilla, podr\u00e1n organizarse grupos de vecinos de alguna calle o colonia, luego deber\u00e1n hacernos llegar una solicitud dirigida al presidente municipal en la cual especifique la cantidad de \u00e1rboles que requieran para su calle o colonia, en seguida haremos la valoraci\u00f3n y personalmente les entregaremos los \u00e1rboles, y una vez entregados y con el paso del tiempo habremos de realizar recorridos de supervisi\u00f3n y de igual forma los vecinos deber\u00e1n presentar evidencias de las actividades que han hecho\u201d, extern\u00f3.<\/p>\n<p>&nbsp;<\/p>\n<p>Finalmente comento que \u201cesta actividad es con la intenci\u00f3n de darle vida a nuestras calles, debemos aprovechar los espacios e informarnos sobre los beneficios m\u00e1s que compromisos que adquirimos al adoptar un \u00e1rbol, transmitir de igual forma el mensaje para que nuestras generaciones futuras se interesen por la reforestaci\u00f3n\u201d, finaliz\u00f3.<\/p>\n","protected":false},"excerpt":{"rendered":"<p>La campa\u00f1a, la estamos iniciando en la calle Zacatecas puesto que hubo necesidad de retirar un par de \u00e1rboles a solicitud de los vecinos<\/p>\n","protected":false},"author":1,"featured_media":1270,"comment_status":"closed","ping_status":"closed","sticky":false,"template":"","format":"standard","meta":{"_monsterinsights_skip_tracking":false,"_monsterinsights_sitenote_active":false,"_monsterinsights_sitenote_note":"","_monsterinsights_sitenote_category":0,"footnotes":""},"categories":[5],"tags":[12,18],"class_list":["post-1241","post","type-post","status-publish","format-standard","has-post-thumbnail","hentry","category-destacados","tag-comunicacion-social","tag-gobierno-municipal-rio-grande"],"jetpack_featured_media_url":"https:\/\/riograndezac.gob.mx\/informatica\/wp-content\/uploads\/2015\/08\/Reforestacion2.png","_links":{"self":[{"href":"https:\/\/riograndezac.gob.mx\/informatica\/index.php?rest_route=\/wp\/v2\/posts\/1241","targetHints":{"allow":["GET"]}}],"collection":[{"href":"https:\/\/riograndezac.gob.mx\/informatica\/index.php?rest_route=\/wp\/v2\/posts"}],"about":[{"href":"https:\/\/riograndezac.gob.mx\/informatica\/index.php?rest_route=\/wp\/v2\/types\/post"}],"author":[{"embeddable":true,"href":"https:\/\/riograndezac.gob.mx\/informatica\/index.php?rest_route=\/wp\/v2\/users\/1"}],"replies":[{"embeddable":true,"href":"https:\/\/riograndezac.gob.mx\/informatica\/index.php?rest_route=%2Fwp%2Fv2%2Fcomments&post=1241"}],"version-history":[{"count":2,"href":"https:\/\/riograndezac.gob.mx\/informatica\/index.php?rest_route=\/wp\/v2\/posts\/1241\/revisions"}],"predecessor-version":[{"id":1271,"href":"https:\/\/riograndezac.gob.mx\/informatica\/index.php?rest_route=\/wp\/v2\/posts\/1241\/revisions\/1271"}],"wp:featuredmedia":[{"embeddable":true,"href":"https:\/\/riograndezac.gob.mx\/informatica\/index.php?rest_route=\/wp\/v2\/media\/1270"}],"wp:attachment":[{"href":"https:\/\/riograndezac.gob.mx\/informatica\/index.php?rest_route=%2Fwp%2Fv2%2Fmedia&parent=1241"}],"wp:term":[{"taxonomy":"category","embeddable":true,"href":"https:\/\/riograndezac.gob.mx\/informatica\/index.php?rest_route=%2Fwp%2Fv2%2Fcategories&post=1241"},{"taxonomy":"post_tag","embeddable":true,"href":"https:\/\/riograndezac.gob.mx\/informatica\/index.php?rest_route=%2Fwp%2Fv2%2Ftags&post=1241"}],"curies":[{"name":"wp","href":"https:\/\/api.w.org\/{rel}","templated":true}]}}