{"id":1243,"date":"2015-08-17T05:20:57","date_gmt":"2015-08-17T05:20:57","guid":{"rendered":"http:\/\/riograndezac.gob.mx\/informatica\/?p=1243"},"modified":"2015-08-17T05:20:57","modified_gmt":"2015-08-17T05:20:57","slug":"con-el-respaldo-del-gobierno-municipal-que-encabeza-constantino-castaneda-munoz-el-dia-21-de-agosto-se-hara-la-entrega-de-la-pension-para-los-adultos-mayores","status":"publish","type":"post","link":"https:\/\/riograndezac.gob.mx\/informatica\/?p=1243","title":{"rendered":"Con el respaldo del Gobierno Municipal que encabeza Constantino Casta\u00f1eda Mu\u00f1oz, el d\u00eda 21 de agosto se har\u00e1 la entrega de la pensi\u00f3n para los adultos mayores"},"content":{"rendered":"<p><img loading=\"lazy\" decoding=\"async\" id=\"__wp-temp-img-id\" class=\" aligncenter\" title=\"\" src=\"https:\/\/riograndezac.gob.mx\/informatica\/wp-content\/uploads\/2015\/08\/programa-65-y-mas-2.jpg\" alt=\"\" width=\"700\" height=\"390\" \/><\/p>\n<p>\u201cCon el respaldo del Gobierno Municipal que encabeza Constantino Casta\u00f1eda Mu\u00f1oz, el d\u00eda 21 de agosto se har\u00e1 la entrega de la pensi\u00f3n para los adultos mayores y los d\u00edas 25, 26 y 27 del mismo mes se llevar\u00e1 a cabo la entrega de apoyos del programa Prospera de Inclusi\u00f3n Social correspondiente al bimestre de julio- agosto\u201d as\u00ed lo dio a conocer el enlace municipal Jos\u00e9 Gerardo Hidrogo Calder\u00f3n.<\/p>\n<p>&nbsp;<\/p>\n<p>\u201cEste apoyo se ha entregado cada 2 meses, hasta el momento tenemos registrados tan solo en la cabecera 4 mil 832 titulares quienes son los derechohabientes del programa Prospera, as\u00ed que apartar de las 9 de la ma\u00f1ana del 25 al 27 para los de la cabecera municipal\u201d, destac\u00f3.<\/p>\n<p>&nbsp;<\/p>\n<p>\u201cVamos a contar con el personal de Prospera en una mesa de atenci\u00f3n que nos habr\u00e1n de auxiliar para las cuestiones de actualizaciones, como los cambios de domicilio, correcci\u00f3n de informaci\u00f3n, reposiciones de tarjetas extraviadas, entrega de documentaciones\u201d, extern\u00f3.<\/p>\n<p>&nbsp;<\/p>\n<p>\u201cPara la incorporaci\u00f3n dependemos de la coordinaci\u00f3n estatal, deber\u00e1n de informarnos con anticipaci\u00f3n, debido a que son recursos federales a\u00fan no tenemos fechas programadas para la incorporaci\u00f3n\u201d, refiri\u00f3 Hidrogo Calder\u00f3n.<\/p>\n<p>&nbsp;<\/p>\n<p>\u201cTenemos varios puntos sedes, hay algunas comunidades m\u00e1s cercanas a la cabecera que son las que deber\u00e1n acudir estos d\u00edas, la zona conurbada y urbana saben que deber\u00e1n presentarse, pues tenemos los monitores del programa que se encargan de hacer llegar la informaci\u00f3n, en las comunidades m\u00e1s alejadas tenemos ya los d\u00edas establecidos en los que habremos de ir a entregarles los apoyos\u201d, dio a conocer.<\/p>\n<p>&nbsp;<\/p>\n<p>As\u00ed mismo se\u00f1al\u00f3 que para mayores informes, se pide a la poblaci\u00f3n que acuda de manera directa a las oficinas de enlace municipal, ubicadas en el interior del Mercado R\u00edo Grande, en donde se les dar\u00e1n a conocer detalles de la entrega de manera personalizada.<\/p>\n","protected":false},"excerpt":{"rendered":"<p>Vamos a contar con el personal de Prospera en una mesa de atenci\u00f3n que nos habr\u00e1n de auxiliar para las cuestiones de actualizaciones, como los cambios de domicilio, correcci\u00f3n de informaci\u00f3n&#8230;<\/p>\n","protected":false},"author":1,"featured_media":1244,"comment_status":"closed","ping_status":"closed","sticky":false,"template":"","format":"standard","meta":{"_monsterinsights_skip_tracking":false,"_monsterinsights_sitenote_active":false,"_monsterinsights_sitenote_note":"","_monsterinsights_sitenote_category":0,"footnotes":""},"categories":[4],"tags":[12,18],"class_list":["post-1243","post","type-post","status-publish","format-standard","has-post-thumbnail","hentry","category-boletines","tag-comunicacion-social","tag-gobierno-municipal-rio-grande"],"jetpack_featured_media_url":"https:\/\/riograndezac.gob.mx\/informatica\/wp-content\/uploads\/2015\/08\/programa-65-y-mas-2.jpg","_links":{"self":[{"href":"https:\/\/riograndezac.gob.mx\/informatica\/index.php?rest_route=\/wp\/v2\/posts\/1243","targetHints":{"allow":["GET"]}}],"collection":[{"href":"https:\/\/riograndezac.gob.mx\/informatica\/index.php?rest_route=\/wp\/v2\/posts"}],"about":[{"href":"https:\/\/riograndezac.gob.mx\/informatica\/index.php?rest_route=\/wp\/v2\/types\/post"}],"author":[{"embeddable":true,"href":"https:\/\/riograndezac.gob.mx\/informatica\/index.php?rest_route=\/wp\/v2\/users\/1"}],"replies":[{"embeddable":true,"href":"https:\/\/riograndezac.gob.mx\/informatica\/index.php?rest_route=%2Fwp%2Fv2%2Fcomments&post=1243"}],"version-history":[{"count":1,"href":"https:\/\/riograndezac.gob.mx\/informatica\/index.php?rest_route=\/wp\/v2\/posts\/1243\/revisions"}],"predecessor-version":[{"id":1245,"href":"https:\/\/riograndezac.gob.mx\/informatica\/index.php?rest_route=\/wp\/v2\/posts\/1243\/revisions\/1245"}],"wp:featuredmedia":[{"embeddable":true,"href":"https:\/\/riograndezac.gob.mx\/informatica\/index.php?rest_route=\/wp\/v2\/media\/1244"}],"wp:attachment":[{"href":"https:\/\/riograndezac.gob.mx\/informatica\/index.php?rest_route=%2Fwp%2Fv2%2Fmedia&parent=1243"}],"wp:term":[{"taxonomy":"category","embeddable":true,"href":"https:\/\/riograndezac.gob.mx\/informatica\/index.php?rest_route=%2Fwp%2Fv2%2Fcategories&post=1243"},{"taxonomy":"post_tag","embeddable":true,"href":"https:\/\/riograndezac.gob.mx\/informatica\/index.php?rest_route=%2Fwp%2Fv2%2Ftags&post=1243"}],"curies":[{"name":"wp","href":"https:\/\/api.w.org\/{rel}","templated":true}]}}