{"id":1246,"date":"2015-08-17T05:29:05","date_gmt":"2015-08-17T05:29:05","guid":{"rendered":"http:\/\/riograndezac.gob.mx\/informatica\/?p=1246"},"modified":"2015-08-23T04:44:00","modified_gmt":"2015-08-23T04:44:00","slug":"listo-el-operativo-de-seguridad-en-el-municipio-con-motivo-de-las-fiestas-de-fundacion-de-rio-grande-asi-como-religiosas-en-honor-a-santa-elena-de-la-cruz","status":"publish","type":"post","link":"https:\/\/riograndezac.gob.mx\/informatica\/?p=1246","title":{"rendered":"Listo el operativo de Seguridad en el municipio con motivo de las Fiestas de Fundaci\u00f3n de R\u00edo Grande, as\u00ed como religiosas en honor a Santa Elena de la Cruz."},"content":{"rendered":"<p style=\"text-align: center;\">\u00a0<div id=\"metaslider-id-1249\" style=\"width: 100%; margin: 0 auto;\" class=\"ml-slider-3-103-0 metaslider metaslider-nivo metaslider-1249 ml-slider has-dots-nav ms-theme-default\" role=\"region\" aria-label=\"calle zacatecas\" data-height=\"327\" data-width=\"500\">\n    <div id=\"metaslider_container_1249\">\n        <div class='slider-wrapper theme-default'><div class='ribbon'><\/div><div id='metaslider_1249' class='nivoSlider'><img loading=\"lazy\" decoding=\"async\" src=\"https:\/\/riograndezac.gob.mx\/informatica\/wp-content\/uploads\/2015\/08\/calle-zacatecas-operativo-11.jpg\" height=\"327\" width=\"500\" alt=\"\" class=\"slider-1249 slide-1250 msDefaultImage\" \/><img loading=\"lazy\" decoding=\"async\" src=\"https:\/\/riograndezac.gob.mx\/informatica\/wp-content\/uploads\/2015\/08\/calle-zacatecas-operativo-2.jpg\" height=\"327\" width=\"500\" alt=\"\" class=\"slider-1249 slide-1251 msDefaultImage\" \/><img loading=\"lazy\" decoding=\"async\" src=\"https:\/\/riograndezac.gob.mx\/informatica\/wp-content\/uploads\/2015\/08\/calle-zacatecas-operativo-3.jpg\" height=\"327\" width=\"500\" alt=\"\" class=\"slider-1249 slide-1252 msDefaultImage\" \/><img loading=\"lazy\" decoding=\"async\" src=\"https:\/\/riograndezac.gob.mx\/informatica\/wp-content\/uploads\/2015\/08\/calle-zacatecas-operativo-4.jpg\" height=\"327\" width=\"500\" alt=\"\" class=\"slider-1249 slide-1253 msDefaultImage\" \/><\/div><\/div>\n        \n    <\/div>\n<\/div><\/p>\n<p>&nbsp;<\/p>\n<p>Felpe de Jes\u00fas Badillo Ram\u00edrez, secretario del Ayuntamiento de R\u00edo Grande, indic\u00f3 que se tiene preparado un operativo de seguridad con motivo de las fiestas patronales de Santa Elena, as\u00ed como la miniferia que organiza la asociaci\u00f3n civil Casa Hogar Santa Elena.<\/p>\n<p>&nbsp;<\/p>\n<p>Indic\u00f3 que las corporaciones municipales entre ellas Seguridad P\u00fablica, Protecci\u00f3n Civil y Bomberos, Cruz Roja, Tr\u00e1nsito, as\u00ed como las corporaciones como la polic\u00eda estatal y ej\u00e9rcito mexicano, estar\u00e1n atentos a las actividades multitudinarias con motivo de las fiestas religiosas.<\/p>\n<p>&nbsp;<\/p>\n<p>Destac\u00f3 que la miniferia se llevar\u00e1 a cabo en el Malec\u00f3n, por lo que se pide a la poblaci\u00f3n, tome sus precauciones, as\u00ed mismo, indic\u00f3 que ya se abri\u00f3 paso en la calle Zacatecas reci\u00e9n concluida su reconstrucci\u00f3n, para dar mayor fluidez en el tr\u00e1nsito vehicular debido a la localizaci\u00f3n de la miniferia.<\/p>\n<p>&nbsp;<\/p>\n<p>Dijo que se invita a la poblaci\u00f3n para el tema del consumo responsable, para evitar accidentes que lamentar.<\/p>\n<p>&nbsp;<\/p>\n<p>&nbsp;<\/p>\n<p><strong>FIESTA RELIGIOSA<\/strong><\/p>\n<p>En el marco de la celebraci\u00f3n de las Fiestas Religiosas del 18 de agosto en R\u00edo Grande, se realiz\u00f3 la elecci\u00f3n de la reina de estos eventos, en donde Emilia Lizania Delgado Guardado, del Santuario de Guadalupe de la Colonia Tepeyac, recibi\u00f3 de manos del p\u00e1rroco Amancio Mac\u00edas L\u00f3pez y del representante del alcalde Constantino Casta\u00f1eda Mu\u00f1oz, Mario C\u00f3rdova Longoria, la corona, al ser la afortunada por suerte, en ser Su Graciosa Majestad por este a\u00f1o.<\/p>\n<p>&nbsp;<\/p>\n<p>C\u00f3rdova Longoria, felicit\u00f3 a la poblaci\u00f3n riograndense, por ser parte de este 454 aniversario, en que los primeros pobladores trajeron como patrona a Santa Elena, as\u00ed mismo coincidieron en el tema de la paz, pues cada hogar la puede crear desde el interior del seno familiar.<\/p>\n<p>&nbsp;<\/p>\n<p>Por parte del P\u00e1rroco, agradeci\u00f3 el trabajo del comit\u00e9 y el respaldo del Gobierno municipal, as\u00ed mismo, exhort\u00f3 a la poblaci\u00f3n para que asista a todas las actividades religiosas preparadas para el d\u00eda 18 de agosto, que iniciar\u00e1n desde hoy lunes 17, con las tradicionales ma\u00f1anitas en el templo parroquial, posteriormente, el rosario de Aurora, las celebraciones eucar\u00edsticas, la visita del Arzobispo de Durango, la procesi\u00f3n solemne por las principales calles, el concierto de la Banda del Estado y por la noche la quema de los fuegos pirot\u00e9cnicos.<\/p>\n","protected":false},"excerpt":{"rendered":"<p>En el marco de la celebraci\u00f3n de las Fiestas Religiosas del 18 de agosto en R\u00edo Grande, se realiz\u00f3 la elecci\u00f3n de la reina de estos eventos<\/p>\n","protected":false},"author":1,"featured_media":1247,"comment_status":"closed","ping_status":"closed","sticky":false,"template":"","format":"standard","meta":{"_monsterinsights_skip_tracking":false,"_monsterinsights_sitenote_active":false,"_monsterinsights_sitenote_note":"","_monsterinsights_sitenote_category":0,"footnotes":""},"categories":[8],"tags":[12,18],"class_list":["post-1246","post","type-post","status-publish","format-standard","has-post-thumbnail","hentry","category-gobierno-municipal-rio-grande-zacatecas","tag-comunicacion-social","tag-gobierno-municipal-rio-grande"],"jetpack_featured_media_url":"https:\/\/riograndezac.gob.mx\/informatica\/wp-content\/uploads\/2015\/08\/calle-zacatecas-operativo-1.jpg","_links":{"self":[{"href":"https:\/\/riograndezac.gob.mx\/informatica\/index.php?rest_route=\/wp\/v2\/posts\/1246","targetHints":{"allow":["GET"]}}],"collection":[{"href":"https:\/\/riograndezac.gob.mx\/informatica\/index.php?rest_route=\/wp\/v2\/posts"}],"about":[{"href":"https:\/\/riograndezac.gob.mx\/informatica\/index.php?rest_route=\/wp\/v2\/types\/post"}],"author":[{"embeddable":true,"href":"https:\/\/riograndezac.gob.mx\/informatica\/index.php?rest_route=\/wp\/v2\/users\/1"}],"replies":[{"embeddable":true,"href":"https:\/\/riograndezac.gob.mx\/informatica\/index.php?rest_route=%2Fwp%2Fv2%2Fcomments&post=1246"}],"version-history":[{"count":2,"href":"https:\/\/riograndezac.gob.mx\/informatica\/index.php?rest_route=\/wp\/v2\/posts\/1246\/revisions"}],"predecessor-version":[{"id":1254,"href":"https:\/\/riograndezac.gob.mx\/informatica\/index.php?rest_route=\/wp\/v2\/posts\/1246\/revisions\/1254"}],"wp:featuredmedia":[{"embeddable":true,"href":"https:\/\/riograndezac.gob.mx\/informatica\/index.php?rest_route=\/wp\/v2\/media\/1247"}],"wp:attachment":[{"href":"https:\/\/riograndezac.gob.mx\/informatica\/index.php?rest_route=%2Fwp%2Fv2%2Fmedia&parent=1246"}],"wp:term":[{"taxonomy":"category","embeddable":true,"href":"https:\/\/riograndezac.gob.mx\/informatica\/index.php?rest_route=%2Fwp%2Fv2%2Fcategories&post=1246"},{"taxonomy":"post_tag","embeddable":true,"href":"https:\/\/riograndezac.gob.mx\/informatica\/index.php?rest_route=%2Fwp%2Fv2%2Ftags&post=1246"}],"curies":[{"name":"wp","href":"https:\/\/api.w.org\/{rel}","templated":true}]}}