{"id":12473,"date":"2023-03-09T08:51:26","date_gmt":"2023-03-09T14:51:26","guid":{"rendered":"https:\/\/riograndezac.gob.mx\/informatica\/?p=12473"},"modified":"2023-03-10T08:53:06","modified_gmt":"2023-03-10T14:53:06","slug":"continua-la-capacitacion-para-el-personal-de-proteccion-civil-de-rio-grande","status":"publish","type":"post","link":"https:\/\/riograndezac.gob.mx\/informatica\/?p=12473","title":{"rendered":"CONTINUA LA CAPACITACI\u00d3N PARA EL PERSONAL DE PROTECCI\u00d3N CIVIL DE R\u00cdO GRANDE"},"content":{"rendered":"\n<figure class=\"wp-block-gallery has-nested-images columns-default is-cropped wp-block-gallery-1 is-layout-flex wp-block-gallery-is-layout-flex\">\n<figure class=\"wp-block-image size-large\"><img loading=\"lazy\" decoding=\"async\" width=\"840\" height=\"630\" data-id=\"12478\" src=\"https:\/\/riograndezac.gob.mx\/informatica\/wp-content\/uploads\/2023\/03\/WhatsApp-Image-2023-03-09-at-7.58.31-PM-2-840x630.jpeg\" alt=\"\" class=\"wp-image-12478\" srcset=\"https:\/\/riograndezac.gob.mx\/informatica\/wp-content\/uploads\/2023\/03\/WhatsApp-Image-2023-03-09-at-7.58.31-PM-2-840x630.jpeg 840w, https:\/\/riograndezac.gob.mx\/informatica\/wp-content\/uploads\/2023\/03\/WhatsApp-Image-2023-03-09-at-7.58.31-PM-2-487x365.jpeg 487w, https:\/\/riograndezac.gob.mx\/informatica\/wp-content\/uploads\/2023\/03\/WhatsApp-Image-2023-03-09-at-7.58.31-PM-2-768x576.jpeg 768w, https:\/\/riograndezac.gob.mx\/informatica\/wp-content\/uploads\/2023\/03\/WhatsApp-Image-2023-03-09-at-7.58.31-PM-2.jpeg 1040w\" sizes=\"auto, (max-width: 840px) 100vw, 840px\" \/><\/figure>\n\n\n\n<figure class=\"wp-block-image size-large\"><img loading=\"lazy\" decoding=\"async\" width=\"840\" height=\"630\" data-id=\"12476\" src=\"https:\/\/riograndezac.gob.mx\/informatica\/wp-content\/uploads\/2023\/03\/WhatsApp-Image-2023-03-09-at-7.58.31-PM-840x630.jpeg\" alt=\"\" class=\"wp-image-12476\" srcset=\"https:\/\/riograndezac.gob.mx\/informatica\/wp-content\/uploads\/2023\/03\/WhatsApp-Image-2023-03-09-at-7.58.31-PM-840x630.jpeg 840w, https:\/\/riograndezac.gob.mx\/informatica\/wp-content\/uploads\/2023\/03\/WhatsApp-Image-2023-03-09-at-7.58.31-PM-487x365.jpeg 487w, https:\/\/riograndezac.gob.mx\/informatica\/wp-content\/uploads\/2023\/03\/WhatsApp-Image-2023-03-09-at-7.58.31-PM-768x576.jpeg 768w, https:\/\/riograndezac.gob.mx\/informatica\/wp-content\/uploads\/2023\/03\/WhatsApp-Image-2023-03-09-at-7.58.31-PM.jpeg 1040w\" sizes=\"auto, (max-width: 840px) 100vw, 840px\" \/><\/figure>\n\n\n\n<figure class=\"wp-block-image size-large\"><img loading=\"lazy\" decoding=\"async\" width=\"840\" height=\"630\" data-id=\"12475\" src=\"https:\/\/riograndezac.gob.mx\/informatica\/wp-content\/uploads\/2023\/03\/WhatsApp-Image-2023-03-09-at-7.58.30-PM-840x630.jpeg\" alt=\"\" class=\"wp-image-12475\" srcset=\"https:\/\/riograndezac.gob.mx\/informatica\/wp-content\/uploads\/2023\/03\/WhatsApp-Image-2023-03-09-at-7.58.30-PM-840x630.jpeg 840w, https:\/\/riograndezac.gob.mx\/informatica\/wp-content\/uploads\/2023\/03\/WhatsApp-Image-2023-03-09-at-7.58.30-PM-487x365.jpeg 487w, https:\/\/riograndezac.gob.mx\/informatica\/wp-content\/uploads\/2023\/03\/WhatsApp-Image-2023-03-09-at-7.58.30-PM-768x576.jpeg 768w, https:\/\/riograndezac.gob.mx\/informatica\/wp-content\/uploads\/2023\/03\/WhatsApp-Image-2023-03-09-at-7.58.30-PM.jpeg 1024w\" sizes=\"auto, (max-width: 840px) 100vw, 840px\" \/><\/figure>\n\n\n\n<figure class=\"wp-block-image size-large\"><img loading=\"lazy\" decoding=\"async\" width=\"840\" height=\"630\" data-id=\"12477\" src=\"https:\/\/riograndezac.gob.mx\/informatica\/wp-content\/uploads\/2023\/03\/WhatsApp-Image-2023-03-09-at-7.58.31-PM-1-1-840x630.jpeg\" alt=\"\" class=\"wp-image-12477\" srcset=\"https:\/\/riograndezac.gob.mx\/informatica\/wp-content\/uploads\/2023\/03\/WhatsApp-Image-2023-03-09-at-7.58.31-PM-1-1-840x630.jpeg 840w, https:\/\/riograndezac.gob.mx\/informatica\/wp-content\/uploads\/2023\/03\/WhatsApp-Image-2023-03-09-at-7.58.31-PM-1-1-487x365.jpeg 487w, https:\/\/riograndezac.gob.mx\/informatica\/wp-content\/uploads\/2023\/03\/WhatsApp-Image-2023-03-09-at-7.58.31-PM-1-1-768x576.jpeg 768w, https:\/\/riograndezac.gob.mx\/informatica\/wp-content\/uploads\/2023\/03\/WhatsApp-Image-2023-03-09-at-7.58.31-PM-1-1.jpeg 1040w\" sizes=\"auto, (max-width: 840px) 100vw, 840px\" \/><\/figure>\n<\/figure>\n\n\n\n<p><\/p>\n\n\n\n<p>Elementos pertenecientes a la Coordinaci\u00f3n de Protecci\u00f3n Civil y Bomberos de R\u00edo Grande, contin\u00faan con las capacitaciones en materia de rescate, incendios forestales, incendios de maleza y de incendios en casa habitaci\u00f3n.<\/p>\n\n\n\n<p>A trav\u00e9s de la practica de rapel, rescate en zonas complicadas, en alturas, o con la simulaci\u00f3n de incendios, es como el personal de esta coordinaci\u00f3n se encuentra en constante capacitaci\u00f3n, as\u00ed lo dio a conocer Mario Alberto Reyes Fajardo, titular de Protecci\u00f3n Civil en R\u00edo Grande.<\/p>\n\n\n\n<p>\u201cEl objetivo es que el personal con mayor experiencia transmita a los nuevos integrantes de la Coordinaci\u00f3n y a los voluntarios, los conocimientos adquiridos en capacitaciones previas, para con esto fortalecer la Instituci\u00f3n y brindar a la ciudadan\u00eda una atenci\u00f3n adecuada en caso de una emergencia\u201d; inform\u00f3 Reyes Fajardo.<\/p>\n\n\n\n<p>De igual manera, se dio a conocer que se est\u00e1n realizando simulacros en algunas instituciones educativas y en algunos centros comerciales, con la finalidad de que tanto el personal, como el publico en general, sepan como actuar en caso de alguna contingencia.<\/p>\n","protected":false},"excerpt":{"rendered":"<p>Elementos pertenecientes a la Coordinaci\u00f3n de Protecci\u00f3n Civil y Bomberos de R\u00edo Grande, contin\u00faan con las capacitaciones en materia de rescate, incendios forestales, incendios de maleza y de incendios en casa habitaci\u00f3n. A trav\u00e9s de la practica de rapel, rescate en zonas complicadas, en alturas, o con la simulaci\u00f3n de incendios, es como el personal de esta coordinaci\u00f3n se encuentra en constante capacitaci\u00f3n, as\u00ed lo dio a conocer Mario Alberto Reyes Fajardo, titular de Protecci\u00f3n Civil en R\u00edo Grande. \u201cEl objetivo es que el personal con mayor experiencia transmita a&hellip;<\/p>\n","protected":false},"author":1,"featured_media":12474,"comment_status":"closed","ping_status":"closed","sticky":false,"template":"","format":"standard","meta":{"_monsterinsights_skip_tracking":false,"_monsterinsights_sitenote_active":false,"_monsterinsights_sitenote_note":"","_monsterinsights_sitenote_category":0,"footnotes":""},"categories":[5,123],"tags":[12,125],"class_list":["post-12473","post","type-post","status-publish","format-standard","has-post-thumbnail","hentry","category-destacados","category-gobierno-de-rio-grande","tag-comunicacion-social","tag-gobierno-de-rio-grande"],"jetpack_featured_media_url":"https:\/\/riograndezac.gob.mx\/informatica\/wp-content\/uploads\/2023\/03\/WhatsApp-Image-2023-03-09-at-7.58.31-PM-1.jpeg","_links":{"self":[{"href":"https:\/\/riograndezac.gob.mx\/informatica\/index.php?rest_route=\/wp\/v2\/posts\/12473","targetHints":{"allow":["GET"]}}],"collection":[{"href":"https:\/\/riograndezac.gob.mx\/informatica\/index.php?rest_route=\/wp\/v2\/posts"}],"about":[{"href":"https:\/\/riograndezac.gob.mx\/informatica\/index.php?rest_route=\/wp\/v2\/types\/post"}],"author":[{"embeddable":true,"href":"https:\/\/riograndezac.gob.mx\/informatica\/index.php?rest_route=\/wp\/v2\/users\/1"}],"replies":[{"embeddable":true,"href":"https:\/\/riograndezac.gob.mx\/informatica\/index.php?rest_route=%2Fwp%2Fv2%2Fcomments&post=12473"}],"version-history":[{"count":1,"href":"https:\/\/riograndezac.gob.mx\/informatica\/index.php?rest_route=\/wp\/v2\/posts\/12473\/revisions"}],"predecessor-version":[{"id":12479,"href":"https:\/\/riograndezac.gob.mx\/informatica\/index.php?rest_route=\/wp\/v2\/posts\/12473\/revisions\/12479"}],"wp:featuredmedia":[{"embeddable":true,"href":"https:\/\/riograndezac.gob.mx\/informatica\/index.php?rest_route=\/wp\/v2\/media\/12474"}],"wp:attachment":[{"href":"https:\/\/riograndezac.gob.mx\/informatica\/index.php?rest_route=%2Fwp%2Fv2%2Fmedia&parent=12473"}],"wp:term":[{"taxonomy":"category","embeddable":true,"href":"https:\/\/riograndezac.gob.mx\/informatica\/index.php?rest_route=%2Fwp%2Fv2%2Fcategories&post=12473"},{"taxonomy":"post_tag","embeddable":true,"href":"https:\/\/riograndezac.gob.mx\/informatica\/index.php?rest_route=%2Fwp%2Fv2%2Ftags&post=12473"}],"curies":[{"name":"wp","href":"https:\/\/api.w.org\/{rel}","templated":true}]}}