{"id":1279,"date":"2015-08-17T23:11:27","date_gmt":"2015-08-17T23:11:27","guid":{"rendered":"http:\/\/riograndezac.gob.mx\/informatica\/?p=1279"},"modified":"2015-08-26T15:32:34","modified_gmt":"2015-08-26T15:32:34","slug":"unidad-movil-para-la-deteccion-de-cancer-de-mama-y-cervicouterino","status":"publish","type":"post","link":"https:\/\/riograndezac.gob.mx\/informatica\/?p=1279","title":{"rendered":"Unidad M\u00f3vil para la detecci\u00f3n de c\u00e1ncer de mama y cervicouterino"},"content":{"rendered":"<p><img loading=\"lazy\" decoding=\"async\" id=\"__wp-temp-img-id\" class=\" aligncenter\" title=\"\" src=\"https:\/\/riograndezac.gob.mx\/informatica\/wp-content\/uploads\/2015\/08\/Papanicolau2.png\" alt=\"\" width=\"700\" height=\"357\" \/><\/p>\n<p>El gobierno municipal encabezado por Constantino Casta\u00f1eda Mu\u00f1oz en coordinaci\u00f3n con el Instituto Municipal de la Mujer a cargo de Anah\u00ed Cerrillo Aguilar, recibieron la Unidad M\u00f3vil para la detecci\u00f3n de c\u00e1ncer de mama y cervicouterino, a cargo de los servicios de Salud del Estado de Zacatecas.<\/p>\n<p>&nbsp;<\/p>\n<p>Durante el emotivo acto de inauguraci\u00f3n, llevado a cabo en el Centro Ol\u00edmpico, se inform\u00f3 por parte de Cerrillo Aguilar que \u201cel objetivo es unirnos a esta campa\u00f1a a nivel nacional sobre el c\u00e1ncer cervicouterino as\u00ed mismo para invitar a las mujeres que deseen realizarse un estudio de mastograf\u00eda estamos a tiempo, lamentablemente estos son los casos m\u00e1s comunes de muertes en las mujeres a nivel internacional, se ha detectado que estos padecimientos han costado muchas vidas, ahora es prioridad para el gobierno municipal atender los temas de salud\u201d.<\/p>\n<p>&nbsp;<\/p>\n<p>\u201cEstos servicios son totalmente gratuitos, por ello invitamos a todas las mujeres a que se acerquen a estas unidades m\u00f3viles, estar\u00e1n esta semana hasta el pr\u00f3ximo 21 de agosto, lo \u00fanico que deben presentar ser\u00e1 la p\u00f3liza del seguro popular, en caso de no contar con la p\u00f3liza, habr\u00e1 un m\u00f3dulo para poder tramitarlo, nada menos iniciamos con m\u00e1s de 30 mujeres de diferentes comunidades y colonias cercanas a la cabecera, es momento de prevenir, pues una vez diagnosticado el c\u00e1ncer la situaci\u00f3n se torna delicada no solo para el paciente sino a la familia\u201d, a\u00f1adieron.<\/p>\n<p>&nbsp;<\/p>\n<p>Por parte de los Servicios de Salud, representados a trav\u00e9s de la Jurisdicci\u00f3n Sanitaria IV, se manifest\u00f3 que \u201clas mujeres de 40 a\u00f1os en adelante pueden realizarse la mastograf\u00eda, y para la revisi\u00f3n sobre el c\u00e1ncer cervicouterino podan atenderse de todas las edades siempre y cuando hayan iniciado con su vida sexual, conocido tambi\u00e9n como el c\u00e1ncer de la matriz y la detecci\u00f3n del virus del papiloma humano tambi\u00e9n a trav\u00e9s de esta citolog\u00eda\u201d.<\/p>\n<p>&nbsp;<\/p>\n<p>\u201cLamentablemente hay muchas j\u00f3venes que con 21 a\u00f1os ya se han diagnosticado con c\u00e1ncer cervicouterino, es un padecimiento que les ha quitado la vida a 1 de cada 10 mujeres mexicanas, por ello la importancia de que se atiendan, ser\u00e1 el color menta el s\u00edmbolo de esta campa\u00f1a contra el c\u00e1ncer \u201cM\u00e1s cerca de lo que parece\u201d es el slogan y desafortunadamente as\u00ed es, un mal que afecta a muchas mujeres aun sin saberlo, pues no presenta s\u00edntomas pero cuando ya hay un avance considerable en ocasiones ya no hay mucho que hacer\u201d a\u00f1adieron.<\/p>\n","protected":false},"excerpt":{"rendered":"<p>Durante el emotivo acto de inauguraci\u00f3n, llevado a cabo en el Centro Ol\u00edmpico, se inform\u00f3 por parte de Cerrillo Aguilar que \u201cel objetivo es unirnos a esta campa\u00f1a a nivel nacional sobre el c\u00e1ncer cervicouterino as\u00ed mismo para invitar a las mujeres que deseen realizarse un estudio de mastograf\u00eda estamos a tiempo &#8230;<\/p>\n","protected":false},"author":1,"featured_media":1280,"comment_status":"closed","ping_status":"closed","sticky":false,"template":"","format":"standard","meta":{"_monsterinsights_skip_tracking":false,"_monsterinsights_sitenote_active":false,"_monsterinsights_sitenote_note":"","_monsterinsights_sitenote_category":0,"footnotes":""},"categories":[4],"tags":[12,18],"class_list":["post-1279","post","type-post","status-publish","format-standard","has-post-thumbnail","hentry","category-boletines","tag-comunicacion-social","tag-gobierno-municipal-rio-grande"],"jetpack_featured_media_url":"https:\/\/riograndezac.gob.mx\/informatica\/wp-content\/uploads\/2015\/08\/Papanicolau2.png","_links":{"self":[{"href":"https:\/\/riograndezac.gob.mx\/informatica\/index.php?rest_route=\/wp\/v2\/posts\/1279","targetHints":{"allow":["GET"]}}],"collection":[{"href":"https:\/\/riograndezac.gob.mx\/informatica\/index.php?rest_route=\/wp\/v2\/posts"}],"about":[{"href":"https:\/\/riograndezac.gob.mx\/informatica\/index.php?rest_route=\/wp\/v2\/types\/post"}],"author":[{"embeddable":true,"href":"https:\/\/riograndezac.gob.mx\/informatica\/index.php?rest_route=\/wp\/v2\/users\/1"}],"replies":[{"embeddable":true,"href":"https:\/\/riograndezac.gob.mx\/informatica\/index.php?rest_route=%2Fwp%2Fv2%2Fcomments&post=1279"}],"version-history":[{"count":1,"href":"https:\/\/riograndezac.gob.mx\/informatica\/index.php?rest_route=\/wp\/v2\/posts\/1279\/revisions"}],"predecessor-version":[{"id":1281,"href":"https:\/\/riograndezac.gob.mx\/informatica\/index.php?rest_route=\/wp\/v2\/posts\/1279\/revisions\/1281"}],"wp:featuredmedia":[{"embeddable":true,"href":"https:\/\/riograndezac.gob.mx\/informatica\/index.php?rest_route=\/wp\/v2\/media\/1280"}],"wp:attachment":[{"href":"https:\/\/riograndezac.gob.mx\/informatica\/index.php?rest_route=%2Fwp%2Fv2%2Fmedia&parent=1279"}],"wp:term":[{"taxonomy":"category","embeddable":true,"href":"https:\/\/riograndezac.gob.mx\/informatica\/index.php?rest_route=%2Fwp%2Fv2%2Fcategories&post=1279"},{"taxonomy":"post_tag","embeddable":true,"href":"https:\/\/riograndezac.gob.mx\/informatica\/index.php?rest_route=%2Fwp%2Fv2%2Ftags&post=1279"}],"curies":[{"name":"wp","href":"https:\/\/api.w.org\/{rel}","templated":true}]}}