{"id":1282,"date":"2015-08-17T23:17:17","date_gmt":"2015-08-17T23:17:17","guid":{"rendered":"http:\/\/riograndezac.gob.mx\/informatica\/?p=1282"},"modified":"2015-08-17T23:17:17","modified_gmt":"2015-08-17T23:17:17","slug":"cursos-cdc","status":"publish","type":"post","link":"https:\/\/riograndezac.gob.mx\/informatica\/?p=1282","title":{"rendered":"Cursos CDC"},"content":{"rendered":"<p><img loading=\"lazy\" decoding=\"async\" id=\"__wp-temp-img-id\" class=\" aligncenter\" title=\"\" src=\"https:\/\/riograndezac.gob.mx\/informatica\/wp-content\/uploads\/2015\/08\/Cursos-CDC.png\" alt=\"\" width=\"700\" height=\"475\" \/><\/p>\n<p>&nbsp;<\/p>\n<p>\u201cGracias al respaldo por parte del presidente municipal Constantino Casta\u00f1eda Mu\u00f1oz y a la gesti\u00f3n realizada ante la SEDATU queremos informar que ya iniciaron formalmente los cursos de belleza, zumba y m\u00fasica en el Centro de Desarrollo Comunitario del Ol\u00edmpico, y pronto habr\u00e1n de iniciar m\u00e1s talleres en coordinaci\u00f3n con las escuelas primarias quienes nos permiten hacer uso de sus instalaciones para acercar los talleres a las colonias y barrios del municipio\u201d, inform\u00f3 el encargado del CDC No\u00e9 Guti\u00e9rrez.<\/p>\n<p>&nbsp;<\/p>\n<p>\u201cSastrer\u00eda b\u00e1sica y alta costura iniciaron esta semana, pero quedan 18 talleres m\u00e1s por iniciar como carpinter\u00eda, reposter\u00eda, electricidad residencial, l\u00e1cteos, c\u00e1rnicos, talleres de derechos ciudadanos con actividades de zumba, b\u00e1squetbol y futbol, con los que se trabaja el tema de \u201cla equidad de g\u00e9nero\u201d entre otros que no tenemos la menor duda que habr\u00e1n de beneficiar a la ciudadan\u00eda, pues son las indicaciones que tenemos por parte del alcalde Constantino Casta\u00f1eda Mu\u00f1oz\u201d, extern\u00f3 el funcionario municipal.<\/p>\n<p>&nbsp;<\/p>\n<p>Indic\u00f3 que \u201ctenemos una meta de 600 beneficiarios en estos cursos que han de tener una duraci\u00f3n de 3 meses, m\u00e1s todo indica que nuevamente se habr\u00e1 de rebasar el objetivo pues cada vez es m\u00e1s la poblaci\u00f3n que se interesa en formar parte de estas actividades en las que el objetivo es inculcar en la ciudadan\u00eda la inquietud de emprender alg\u00fan proyecto personal que venga a generar ingresos a la familia\u201d.<\/p>\n<p>&nbsp;<\/p>\n<p>Cabe se\u00f1alar que \u201cen la primera etapa la inversi\u00f3n es de 1 mill\u00f3n 350 mil pesos, 675 por parte del municipio y el resto por la misma cantidad es por parte del gobierno federal, es necesario destacar la participaci\u00f3n que se tiene por parte de los instructores la cual est\u00e1 totalmente certificada, pues es un requisito que debemos de cumplir, los instructores en su mayor\u00eda cuentan con la experiencia suficiente y la preparaci\u00f3n profesional que esto requiere, as\u00ed que no hay raz\u00f3n para quedarse en el intento\u201d, refiri\u00f3.<\/p>\n<p>&nbsp;<\/p>\n<p>\u201cEst\u00e1n todos invitados, el presidente municipal nos ha encomendado hacer lo posible para que entre la poblaci\u00f3n a participar de estos talleres, pues desde los ni\u00f1os de 6 a\u00f1os pueden participar en cursos art\u00edsticos como de pintura, m\u00fasica y manualidades y a partir de los 16 a\u00f1os en adelante todos cuantos quieran pueden participar\u201d, finaliz\u00f3.<\/p>\n","protected":false},"excerpt":{"rendered":"<p>Gracias al respaldo por parte del presidente municipal Constantino Casta\u00f1eda Mu\u00f1oz y a la gesti\u00f3n realizada ante la SEDATU queremos informar que ya iniciaron formalmente los cursos de belleza, zumba y m\u00fasica en el Centro de Desarrollo Comunitario del Ol\u00edmpico<\/p>\n","protected":false},"author":1,"featured_media":1283,"comment_status":"closed","ping_status":"closed","sticky":false,"template":"","format":"standard","meta":{"_monsterinsights_skip_tracking":false,"_monsterinsights_sitenote_active":false,"_monsterinsights_sitenote_note":"","_monsterinsights_sitenote_category":0,"footnotes":""},"categories":[5],"tags":[12],"class_list":["post-1282","post","type-post","status-publish","format-standard","has-post-thumbnail","hentry","category-destacados","tag-comunicacion-social"],"jetpack_featured_media_url":"https:\/\/riograndezac.gob.mx\/informatica\/wp-content\/uploads\/2015\/08\/Cursos-CDC.png","_links":{"self":[{"href":"https:\/\/riograndezac.gob.mx\/informatica\/index.php?rest_route=\/wp\/v2\/posts\/1282","targetHints":{"allow":["GET"]}}],"collection":[{"href":"https:\/\/riograndezac.gob.mx\/informatica\/index.php?rest_route=\/wp\/v2\/posts"}],"about":[{"href":"https:\/\/riograndezac.gob.mx\/informatica\/index.php?rest_route=\/wp\/v2\/types\/post"}],"author":[{"embeddable":true,"href":"https:\/\/riograndezac.gob.mx\/informatica\/index.php?rest_route=\/wp\/v2\/users\/1"}],"replies":[{"embeddable":true,"href":"https:\/\/riograndezac.gob.mx\/informatica\/index.php?rest_route=%2Fwp%2Fv2%2Fcomments&post=1282"}],"version-history":[{"count":1,"href":"https:\/\/riograndezac.gob.mx\/informatica\/index.php?rest_route=\/wp\/v2\/posts\/1282\/revisions"}],"predecessor-version":[{"id":1284,"href":"https:\/\/riograndezac.gob.mx\/informatica\/index.php?rest_route=\/wp\/v2\/posts\/1282\/revisions\/1284"}],"wp:featuredmedia":[{"embeddable":true,"href":"https:\/\/riograndezac.gob.mx\/informatica\/index.php?rest_route=\/wp\/v2\/media\/1283"}],"wp:attachment":[{"href":"https:\/\/riograndezac.gob.mx\/informatica\/index.php?rest_route=%2Fwp%2Fv2%2Fmedia&parent=1282"}],"wp:term":[{"taxonomy":"category","embeddable":true,"href":"https:\/\/riograndezac.gob.mx\/informatica\/index.php?rest_route=%2Fwp%2Fv2%2Fcategories&post=1282"},{"taxonomy":"post_tag","embeddable":true,"href":"https:\/\/riograndezac.gob.mx\/informatica\/index.php?rest_route=%2Fwp%2Fv2%2Ftags&post=1282"}],"curies":[{"name":"wp","href":"https:\/\/api.w.org\/{rel}","templated":true}]}}