{"id":1288,"date":"2015-08-19T14:25:44","date_gmt":"2015-08-19T14:25:44","guid":{"rendered":"http:\/\/riograndezac.gob.mx\/informatica\/?p=1288"},"modified":"2015-08-26T15:37:57","modified_gmt":"2015-08-26T15:37:57","slug":"la-comunidad-catolica-de-rio-grande-festejo-a-su-patrona-santa-elena-de-la-cruz-como-muestra-de-fe-y-de-una-gran-tradicion-y-cultura-desde-hace-454-anos","status":"publish","type":"post","link":"https:\/\/riograndezac.gob.mx\/informatica\/?p=1288","title":{"rendered":"La comunidad cat\u00f3lica de R\u00edo Grande, festej\u00f3 a su patrona Santa Elena de la Cruz como muestra de fe y de una gran tradici\u00f3n y cultura desde hace 454 a\u00f1os."},"content":{"rendered":"<p>&nbsp;<\/p>\n<p><img loading=\"lazy\" decoding=\"async\" id=\"__wp-temp-img-id\" class=\"aligncenter\" title=\"\" src=\"https:\/\/riograndezac.gob.mx\/informatica\/wp-content\/uploads\/2015\/08\/Misa-fiestas-patronales4.png\" alt=\"\" width=\"579\" height=\"393\" \/><\/p>\n<p>Con diferentes actividades religiosas, organizadas por el Comit\u00e9 de las Fiestas Patronales as\u00ed como de la Asociaci\u00f3n Civil Santa Elena de la Cruz, la poblaci\u00f3n celebr\u00f3 a Santa Elena del R\u00edo Grande, este martes 18 de agosto.<\/p>\n<p>&nbsp;<\/p>\n<p>Despu\u00e9s de haberse\u00a0 llevado a cabo el solemne novenario en honor a la patrona, desde el pasado 9 de agosto con los rosarios de aurora, peregrinaciones, misa de unci\u00f3n de enfermos, los matrimonios colectivos, entre otras actividades se inici\u00f3 el gran festejo\u00a0 que congrega a miles y miles de riograndenses que dan gracias por los bienes recibidos.<\/p>\n<p>&nbsp;<\/p>\n<p>El d\u00eda se inici\u00f3 con las tradicionales ma\u00f1anitas, Vigilia y Eucarist\u00eda desde las 10 de la noche del lunes 17, acompa\u00f1ados por un mariachi local, luego en punto de las 6 de la ma\u00f1ana se entonaron de nueva cuenta las ma\u00f1anitas seguidas de la Santa Misa de 7.<\/p>\n<p>&nbsp;<\/p>\n<p>A partir de las 8 de la ma\u00f1ana de este lunes se comenz\u00f3 la exhibici\u00f3n de danzas de la regi\u00f3n, haciendo una gran fiesta para la grey cat\u00f3lica.<\/p>\n<p>&nbsp;<\/p>\n<p>A las 12 del d\u00eda se celebr\u00f3 una Eucarist\u00eda con la presencia de cerca de 30 Sacerdotes oriundos del municipio, as\u00ed como de algunos otros que estuvieron en la Parroquia de Santa Elena de la Cruz, presidida por Amancio Mac\u00edas L\u00f3pez, la cual fue concelebrada por el Arzobispo de Durango, Don Jos\u00e9 Antonio Fern\u00e1ndez Hurtado.<\/p>\n<p>&nbsp;<\/p>\n<p>En esta celebraci\u00f3n Eucar\u00edstica, en donde se pidi\u00f3 por la paz del mundo entero, estuvo la presidenta del Sistema Municipal para el Desarrollo Integral de la Familia, (SMDIF), Martha Patricia Molina de Casta\u00f1eda, as\u00ed como el Secretario del Ayuntamiento, Felipe de Jes\u00fas Badillo Ram\u00edrez, en representaci\u00f3n del alcalde Constantino Casta\u00f1eda Mu\u00f1oz.<\/p>\n<p>&nbsp;<\/p>\n<p>De igual manera, estuvo la s\u00edndico Ana Marianela Hern\u00e1ndez Pe\u00f1a, as\u00ed como regidoras integrantes del Ayuntamiento, funcionarios y funcionarias, celebrando a la Patrona de Santa\u00a0 de R\u00edo Grande.<\/p>\n","protected":false},"excerpt":{"rendered":"<p>A partir de las 8 de la ma\u00f1ana de este lunes se comenz\u00f3 la exhibici\u00f3n de danzas de la regi\u00f3n, haciendo una gran fiesta para la grey cat\u00f3lica.<\/p>\n","protected":false},"author":1,"featured_media":1289,"comment_status":"closed","ping_status":"closed","sticky":false,"template":"","format":"standard","meta":{"_monsterinsights_skip_tracking":false,"_monsterinsights_sitenote_active":false,"_monsterinsights_sitenote_note":"","_monsterinsights_sitenote_category":0,"footnotes":""},"categories":[8],"tags":[12,18],"class_list":["post-1288","post","type-post","status-publish","format-standard","has-post-thumbnail","hentry","category-gobierno-municipal-rio-grande-zacatecas","tag-comunicacion-social","tag-gobierno-municipal-rio-grande"],"jetpack_featured_media_url":"https:\/\/riograndezac.gob.mx\/informatica\/wp-content\/uploads\/2015\/08\/Misa-fiestas-patronales4.png","_links":{"self":[{"href":"https:\/\/riograndezac.gob.mx\/informatica\/index.php?rest_route=\/wp\/v2\/posts\/1288","targetHints":{"allow":["GET"]}}],"collection":[{"href":"https:\/\/riograndezac.gob.mx\/informatica\/index.php?rest_route=\/wp\/v2\/posts"}],"about":[{"href":"https:\/\/riograndezac.gob.mx\/informatica\/index.php?rest_route=\/wp\/v2\/types\/post"}],"author":[{"embeddable":true,"href":"https:\/\/riograndezac.gob.mx\/informatica\/index.php?rest_route=\/wp\/v2\/users\/1"}],"replies":[{"embeddable":true,"href":"https:\/\/riograndezac.gob.mx\/informatica\/index.php?rest_route=%2Fwp%2Fv2%2Fcomments&post=1288"}],"version-history":[{"count":1,"href":"https:\/\/riograndezac.gob.mx\/informatica\/index.php?rest_route=\/wp\/v2\/posts\/1288\/revisions"}],"predecessor-version":[{"id":1290,"href":"https:\/\/riograndezac.gob.mx\/informatica\/index.php?rest_route=\/wp\/v2\/posts\/1288\/revisions\/1290"}],"wp:featuredmedia":[{"embeddable":true,"href":"https:\/\/riograndezac.gob.mx\/informatica\/index.php?rest_route=\/wp\/v2\/media\/1289"}],"wp:attachment":[{"href":"https:\/\/riograndezac.gob.mx\/informatica\/index.php?rest_route=%2Fwp%2Fv2%2Fmedia&parent=1288"}],"wp:term":[{"taxonomy":"category","embeddable":true,"href":"https:\/\/riograndezac.gob.mx\/informatica\/index.php?rest_route=%2Fwp%2Fv2%2Fcategories&post=1288"},{"taxonomy":"post_tag","embeddable":true,"href":"https:\/\/riograndezac.gob.mx\/informatica\/index.php?rest_route=%2Fwp%2Fv2%2Ftags&post=1288"}],"curies":[{"name":"wp","href":"https:\/\/api.w.org\/{rel}","templated":true}]}}