{"id":1294,"date":"2015-08-19T14:40:44","date_gmt":"2015-08-19T14:40:44","guid":{"rendered":"http:\/\/riograndezac.gob.mx\/informatica\/?p=1294"},"modified":"2015-08-26T15:39:27","modified_gmt":"2015-08-26T15:39:27","slug":"reconoce-el-gobierno-municipal-encabezado-por-constantino-castaneda-munoz-a-la-internacional-banda-de-musica-de-zacatecas-por-sus-85-anos-de-trayectoria-deleitando-el-oido-de-su-publico-riograndens","status":"publish","type":"post","link":"https:\/\/riograndezac.gob.mx\/informatica\/?p=1294","title":{"rendered":"Reconoce el Gobierno Municipal encabezado por Constantino Casta\u00f1eda Mu\u00f1oz, a la Internacional Banda de M\u00fasica de Zacatecas, por sus 85 a\u00f1os de trayectoria, deleitando el o\u00eddo de su p\u00fablico riograndense."},"content":{"rendered":"<p><img loading=\"lazy\" decoding=\"async\" id=\"__wp-temp-img-id\" class=\"aligncenter\" title=\"\" src=\"https:\/\/riograndezac.gob.mx\/informatica\/wp-content\/uploads\/2015\/08\/Reconocimiento.png\" alt=\"\" width=\"700\" height=\"424\" \/><\/p>\n<p>&nbsp;<\/p>\n<p>&nbsp;<\/p>\n<p>A trav\u00e9s del Instituto Municipal de Cultura, en el Marco de la Jornada Cultural \u201cIsidro M\u00e9ndez Lira\u201d, en representaci\u00f3n del alcalde, Santa Sabina Esquivel Gonz\u00e1lez, as\u00ed como el presidente de la Asociaci\u00f3n Civil \u201cCasa Hogar Santa Elena\u201d, como comit\u00e9 organizador, Jes\u00fas Zapata Esquivel, hicieron la entrega del reconocimiento por su aniversario.<\/p>\n<p>&nbsp;<\/p>\n<p>En manos de su director Salvador Garc\u00eda y Ortega, se hizo entrega del reconocimiento para los m\u00e1s de 70 integrantes de la Banda, quienes han puesto en alto el nombre del estado Zacatecano.<\/p>\n<p>&nbsp;<\/p>\n<p>A manera de historia, es necesario se\u00f1alar que fue el 1 de enero de 1930 cuando por disposici\u00f3n del entonces gobernador Luis R. Reyes, t\u00edo bisabuelo del actual mandatario Miguel Alonso Reyes, se funda la Banda de M\u00fasica del Estado y Municipio, la cual dispone bajo la direcci\u00f3n de Octaviano Sigala G\u00f3mez.<br \/>\nEl 1 de marzo de ese a\u00f1o fue su primera presentaci\u00f3n, misma que se efectu\u00f3 en el Jard\u00edn Ju\u00e1rez, actualmente Plaza de Armas, pero por cuestiones econ\u00f3micas, fue hasta 1931 cuando se les da el nombramiento oficial; conjunto conformado originalmente por un director, un m\u00fasico mayor, cinco m\u00fasicos solistas, cinco m\u00fasicos de primera, siete de segunda y siete de tercera, quienes recib\u00edan un salario de 15 a 75 pesos.<\/p>\n<p>&nbsp;<\/p>\n<p>En noviembre de 1980 viajan a la ciudad Filadelfia para celebrar el Bicentenario de la Independencia de Estados Unidos, donde fue la \u00fanica Banda Sinf\u00f3nica de Latinoam\u00e9rica que asisti\u00f3 al evento.<\/p>\n<p>Fue hasta 1996 cuando es designado Salvador Garc\u00eda y Ortega como el nuevo director por el gobernador Arturo Romo Guti\u00e9rrez, sigue con la precauci\u00f3n de mantenerse en el buen gusto y complaciendo a su basto auditorio.<\/p>\n<p>&nbsp;<\/p>\n<p>La Banda de M\u00fasica, deleit\u00f3 a chicos y grandes con temas cl\u00e1sicos como \u201cLa Marcha de Zacatecas\u201d, \u201cLas Ma\u00f1anitas\u201d, La Marcha Azteca, \u201cLa Bamba\u201d, entre otras, que fueron del agrado de la poblaci\u00f3n que acudi\u00f3 para vivir este momento inolvidable.<\/p>\n<p>&nbsp;<\/p>\n","protected":false},"excerpt":{"rendered":"<p>En noviembre de 1980 viajan a la ciudad Filadelfia para celebrar el Bicentenario de la Independencia de Estados Unidos, donde fue la \u00fanica Banda Sinf\u00f3nica de Latinoam\u00e9rica que asisti\u00f3 al evento.<\/p>\n","protected":false},"author":1,"featured_media":1295,"comment_status":"closed","ping_status":"closed","sticky":false,"template":"","format":"standard","meta":{"_monsterinsights_skip_tracking":false,"_monsterinsights_sitenote_active":false,"_monsterinsights_sitenote_note":"","_monsterinsights_sitenote_category":0,"footnotes":""},"categories":[4],"tags":[12],"class_list":["post-1294","post","type-post","status-publish","format-standard","has-post-thumbnail","hentry","category-boletines","tag-comunicacion-social"],"jetpack_featured_media_url":"https:\/\/riograndezac.gob.mx\/informatica\/wp-content\/uploads\/2015\/08\/Reconocimiento-e1440003819739.png","_links":{"self":[{"href":"https:\/\/riograndezac.gob.mx\/informatica\/index.php?rest_route=\/wp\/v2\/posts\/1294","targetHints":{"allow":["GET"]}}],"collection":[{"href":"https:\/\/riograndezac.gob.mx\/informatica\/index.php?rest_route=\/wp\/v2\/posts"}],"about":[{"href":"https:\/\/riograndezac.gob.mx\/informatica\/index.php?rest_route=\/wp\/v2\/types\/post"}],"author":[{"embeddable":true,"href":"https:\/\/riograndezac.gob.mx\/informatica\/index.php?rest_route=\/wp\/v2\/users\/1"}],"replies":[{"embeddable":true,"href":"https:\/\/riograndezac.gob.mx\/informatica\/index.php?rest_route=%2Fwp%2Fv2%2Fcomments&post=1294"}],"version-history":[{"count":1,"href":"https:\/\/riograndezac.gob.mx\/informatica\/index.php?rest_route=\/wp\/v2\/posts\/1294\/revisions"}],"predecessor-version":[{"id":1296,"href":"https:\/\/riograndezac.gob.mx\/informatica\/index.php?rest_route=\/wp\/v2\/posts\/1294\/revisions\/1296"}],"wp:featuredmedia":[{"embeddable":true,"href":"https:\/\/riograndezac.gob.mx\/informatica\/index.php?rest_route=\/wp\/v2\/media\/1295"}],"wp:attachment":[{"href":"https:\/\/riograndezac.gob.mx\/informatica\/index.php?rest_route=%2Fwp%2Fv2%2Fmedia&parent=1294"}],"wp:term":[{"taxonomy":"category","embeddable":true,"href":"https:\/\/riograndezac.gob.mx\/informatica\/index.php?rest_route=%2Fwp%2Fv2%2Fcategories&post=1294"},{"taxonomy":"post_tag","embeddable":true,"href":"https:\/\/riograndezac.gob.mx\/informatica\/index.php?rest_route=%2Fwp%2Fv2%2Ftags&post=1294"}],"curies":[{"name":"wp","href":"https:\/\/api.w.org\/{rel}","templated":true}]}}