{"id":12953,"date":"2023-06-06T13:50:45","date_gmt":"2023-06-06T18:50:45","guid":{"rendered":"https:\/\/riograndezac.gob.mx\/informatica\/?p=12953"},"modified":"2023-06-07T13:52:51","modified_gmt":"2023-06-07T18:52:51","slug":"ignauguran-en-rio-grande-la-gran-esperanza","status":"publish","type":"post","link":"https:\/\/riograndezac.gob.mx\/informatica\/?p=12953","title":{"rendered":"IGNAUGURAN EN R\u00cdO GRANDE &#8220;LA GRAN ESPERANZA&#8221;"},"content":{"rendered":"\n<figure class=\"wp-block-gallery has-nested-images columns-default is-cropped wp-block-gallery-1 is-layout-flex wp-block-gallery-is-layout-flex\">\n<figure class=\"wp-block-image size-large\"><img loading=\"lazy\" decoding=\"async\" width=\"840\" height=\"560\" data-id=\"12957\" src=\"https:\/\/riograndezac.gob.mx\/informatica\/wp-content\/uploads\/2023\/06\/WhatsApp-Image-2023-06-06-at-6.48.38-AM-1-840x560.jpeg\" alt=\"\" class=\"wp-image-12957\" srcset=\"https:\/\/riograndezac.gob.mx\/informatica\/wp-content\/uploads\/2023\/06\/WhatsApp-Image-2023-06-06-at-6.48.38-AM-1-840x560.jpeg 840w, https:\/\/riograndezac.gob.mx\/informatica\/wp-content\/uploads\/2023\/06\/WhatsApp-Image-2023-06-06-at-6.48.38-AM-1-548x365.jpeg 548w, https:\/\/riograndezac.gob.mx\/informatica\/wp-content\/uploads\/2023\/06\/WhatsApp-Image-2023-06-06-at-6.48.38-AM-1-768x512.jpeg 768w, https:\/\/riograndezac.gob.mx\/informatica\/wp-content\/uploads\/2023\/06\/WhatsApp-Image-2023-06-06-at-6.48.38-AM-1-1536x1023.jpeg 1536w, https:\/\/riograndezac.gob.mx\/informatica\/wp-content\/uploads\/2023\/06\/WhatsApp-Image-2023-06-06-at-6.48.38-AM-1.jpeg 1600w\" sizes=\"auto, (max-width: 840px) 100vw, 840px\" \/><\/figure>\n\n\n\n<figure class=\"wp-block-image size-large\"><img loading=\"lazy\" decoding=\"async\" width=\"840\" height=\"560\" data-id=\"12955\" src=\"https:\/\/riograndezac.gob.mx\/informatica\/wp-content\/uploads\/2023\/06\/WhatsApp-Image-2023-06-06-at-6.48.38-AM-840x560.jpeg\" alt=\"\" class=\"wp-image-12955\" srcset=\"https:\/\/riograndezac.gob.mx\/informatica\/wp-content\/uploads\/2023\/06\/WhatsApp-Image-2023-06-06-at-6.48.38-AM-840x560.jpeg 840w, https:\/\/riograndezac.gob.mx\/informatica\/wp-content\/uploads\/2023\/06\/WhatsApp-Image-2023-06-06-at-6.48.38-AM-548x365.jpeg 548w, https:\/\/riograndezac.gob.mx\/informatica\/wp-content\/uploads\/2023\/06\/WhatsApp-Image-2023-06-06-at-6.48.38-AM-768x512.jpeg 768w, https:\/\/riograndezac.gob.mx\/informatica\/wp-content\/uploads\/2023\/06\/WhatsApp-Image-2023-06-06-at-6.48.38-AM-1536x1023.jpeg 1536w, https:\/\/riograndezac.gob.mx\/informatica\/wp-content\/uploads\/2023\/06\/WhatsApp-Image-2023-06-06-at-6.48.38-AM.jpeg 1600w\" sizes=\"auto, (max-width: 840px) 100vw, 840px\" \/><\/figure>\n\n\n\n<figure class=\"wp-block-image size-large\"><img loading=\"lazy\" decoding=\"async\" width=\"840\" height=\"630\" data-id=\"12956\" src=\"https:\/\/riograndezac.gob.mx\/informatica\/wp-content\/uploads\/2023\/06\/WhatsApp-Image-2023-06-06-at-6.48.39-AM-1-840x630.jpeg\" alt=\"\" class=\"wp-image-12956\" srcset=\"https:\/\/riograndezac.gob.mx\/informatica\/wp-content\/uploads\/2023\/06\/WhatsApp-Image-2023-06-06-at-6.48.39-AM-1-840x630.jpeg 840w, https:\/\/riograndezac.gob.mx\/informatica\/wp-content\/uploads\/2023\/06\/WhatsApp-Image-2023-06-06-at-6.48.39-AM-1-487x365.jpeg 487w, https:\/\/riograndezac.gob.mx\/informatica\/wp-content\/uploads\/2023\/06\/WhatsApp-Image-2023-06-06-at-6.48.39-AM-1-768x576.jpeg 768w, https:\/\/riograndezac.gob.mx\/informatica\/wp-content\/uploads\/2023\/06\/WhatsApp-Image-2023-06-06-at-6.48.39-AM-1.jpeg 1080w\" sizes=\"auto, (max-width: 840px) 100vw, 840px\" \/><\/figure>\n<\/figure>\n\n\n\n<p>R\u00cdO GRANDE. Autoridades Municipales de R\u00edo Grande y Francisco R. Murgu\u00eda , atestiguaron la inauguraci\u00f3n de la estaci\u00f3n de radio La Gran Esperanza, que opera a trav\u00e9s del 91.9 FM.<\/p>\n\n\n\n<p>F\u00e9lix Escobedo D\u00e1vila, director de Comunicaci\u00f3n Social en representaci\u00f3n del alcalde Mario C\u00f3rdova, felicit\u00f3 a Hoppe Channel ante la iniciativa de alimentar a la poblaci\u00f3n con informaci\u00f3n que sea edificante en las personas.<\/p>\n\n\n\n<p>Adri\u00e1n Montes de Oca, director operativo de La Gran Esperanza, precis\u00f3 que se transmitir\u00e1n 20 horas diarias con contenido espiritual, mental, f\u00edsico y que permita al radioescucha orientarse en diversos temas, principalmente de salud.<\/p>\n\n\n\n<p>Al evento acudieron Abdiel Patraca, director de Hoppe Channel, Rafael Torres, presidente de la misi\u00f3n Noroccidental de la Iglesia Adventista y Juan Isaac Per\u00e9z Mayorga del distrito de R\u00edo Grande.<\/p>\n","protected":false},"excerpt":{"rendered":"<p>R\u00cdO GRANDE. Autoridades Municipales de R\u00edo Grande y Francisco R. Murgu\u00eda , atestiguaron la inauguraci\u00f3n de la estaci\u00f3n de radio La Gran Esperanza, que opera a trav\u00e9s del 91.9 FM. F\u00e9lix Escobedo D\u00e1vila, director de Comunicaci\u00f3n Social en representaci\u00f3n del alcalde Mario C\u00f3rdova, felicit\u00f3 a Hoppe Channel ante la iniciativa de alimentar a la poblaci\u00f3n con informaci\u00f3n que sea edificante en las personas. Adri\u00e1n Montes de Oca, director operativo de La Gran Esperanza, precis\u00f3 que se transmitir\u00e1n 20 horas diarias con contenido espiritual, mental, f\u00edsico y que permita al radioescucha&hellip;<\/p>\n","protected":false},"author":1,"featured_media":12954,"comment_status":"closed","ping_status":"closed","sticky":false,"template":"","format":"standard","meta":{"_monsterinsights_skip_tracking":false,"_monsterinsights_sitenote_active":false,"_monsterinsights_sitenote_note":"","_monsterinsights_sitenote_category":0,"footnotes":""},"categories":[5,123],"tags":[12,125],"class_list":["post-12953","post","type-post","status-publish","format-standard","has-post-thumbnail","hentry","category-destacados","category-gobierno-de-rio-grande","tag-comunicacion-social","tag-gobierno-de-rio-grande"],"jetpack_featured_media_url":"https:\/\/riograndezac.gob.mx\/informatica\/wp-content\/uploads\/2023\/06\/WhatsApp-Image-2023-06-06-at-6.48.39-AM.jpeg","_links":{"self":[{"href":"https:\/\/riograndezac.gob.mx\/informatica\/index.php?rest_route=\/wp\/v2\/posts\/12953","targetHints":{"allow":["GET"]}}],"collection":[{"href":"https:\/\/riograndezac.gob.mx\/informatica\/index.php?rest_route=\/wp\/v2\/posts"}],"about":[{"href":"https:\/\/riograndezac.gob.mx\/informatica\/index.php?rest_route=\/wp\/v2\/types\/post"}],"author":[{"embeddable":true,"href":"https:\/\/riograndezac.gob.mx\/informatica\/index.php?rest_route=\/wp\/v2\/users\/1"}],"replies":[{"embeddable":true,"href":"https:\/\/riograndezac.gob.mx\/informatica\/index.php?rest_route=%2Fwp%2Fv2%2Fcomments&post=12953"}],"version-history":[{"count":1,"href":"https:\/\/riograndezac.gob.mx\/informatica\/index.php?rest_route=\/wp\/v2\/posts\/12953\/revisions"}],"predecessor-version":[{"id":12958,"href":"https:\/\/riograndezac.gob.mx\/informatica\/index.php?rest_route=\/wp\/v2\/posts\/12953\/revisions\/12958"}],"wp:featuredmedia":[{"embeddable":true,"href":"https:\/\/riograndezac.gob.mx\/informatica\/index.php?rest_route=\/wp\/v2\/media\/12954"}],"wp:attachment":[{"href":"https:\/\/riograndezac.gob.mx\/informatica\/index.php?rest_route=%2Fwp%2Fv2%2Fmedia&parent=12953"}],"wp:term":[{"taxonomy":"category","embeddable":true,"href":"https:\/\/riograndezac.gob.mx\/informatica\/index.php?rest_route=%2Fwp%2Fv2%2Fcategories&post=12953"},{"taxonomy":"post_tag","embeddable":true,"href":"https:\/\/riograndezac.gob.mx\/informatica\/index.php?rest_route=%2Fwp%2Fv2%2Ftags&post=12953"}],"curies":[{"name":"wp","href":"https:\/\/api.w.org\/{rel}","templated":true}]}}