{"id":12959,"date":"2023-06-09T09:33:09","date_gmt":"2023-06-09T14:33:09","guid":{"rendered":"https:\/\/riograndezac.gob.mx\/informatica\/?p=12959"},"modified":"2023-06-09T09:33:11","modified_gmt":"2023-06-09T14:33:11","slug":"conmemoran-en-rio-grande-dia-de-la-libertad-de-expresion","status":"publish","type":"post","link":"https:\/\/riograndezac.gob.mx\/informatica\/?p=12959","title":{"rendered":"CONMEMORAN EN R\u00cdO GRANDE D\u00cdA DE LA LIBERTAD DE EXPRESI\u00d3N"},"content":{"rendered":"\n<figure class=\"wp-block-gallery has-nested-images columns-default is-cropped wp-block-gallery-1 is-layout-flex wp-block-gallery-is-layout-flex\">\n<figure class=\"wp-block-image size-large\"><img loading=\"lazy\" decoding=\"async\" width=\"840\" height=\"560\" data-id=\"12964\" src=\"https:\/\/riograndezac.gob.mx\/informatica\/wp-content\/uploads\/2023\/06\/WhatsApp-Image-2023-06-08-at-4.18.38-PM-840x560.jpeg\" alt=\"\" class=\"wp-image-12964\" srcset=\"https:\/\/riograndezac.gob.mx\/informatica\/wp-content\/uploads\/2023\/06\/WhatsApp-Image-2023-06-08-at-4.18.38-PM-840x560.jpeg 840w, https:\/\/riograndezac.gob.mx\/informatica\/wp-content\/uploads\/2023\/06\/WhatsApp-Image-2023-06-08-at-4.18.38-PM-548x365.jpeg 548w, https:\/\/riograndezac.gob.mx\/informatica\/wp-content\/uploads\/2023\/06\/WhatsApp-Image-2023-06-08-at-4.18.38-PM-768x512.jpeg 768w, https:\/\/riograndezac.gob.mx\/informatica\/wp-content\/uploads\/2023\/06\/WhatsApp-Image-2023-06-08-at-4.18.38-PM-1536x1023.jpeg 1536w, https:\/\/riograndezac.gob.mx\/informatica\/wp-content\/uploads\/2023\/06\/WhatsApp-Image-2023-06-08-at-4.18.38-PM.jpeg 1600w\" sizes=\"auto, (max-width: 840px) 100vw, 840px\" \/><\/figure>\n\n\n\n<figure class=\"wp-block-image size-large\"><img loading=\"lazy\" decoding=\"async\" width=\"840\" height=\"560\" data-id=\"12962\" src=\"https:\/\/riograndezac.gob.mx\/informatica\/wp-content\/uploads\/2023\/06\/WhatsApp-Image-2023-06-08-at-4.18.37-PM-840x560.jpeg\" alt=\"\" class=\"wp-image-12962\" srcset=\"https:\/\/riograndezac.gob.mx\/informatica\/wp-content\/uploads\/2023\/06\/WhatsApp-Image-2023-06-08-at-4.18.37-PM-840x560.jpeg 840w, https:\/\/riograndezac.gob.mx\/informatica\/wp-content\/uploads\/2023\/06\/WhatsApp-Image-2023-06-08-at-4.18.37-PM-548x365.jpeg 548w, https:\/\/riograndezac.gob.mx\/informatica\/wp-content\/uploads\/2023\/06\/WhatsApp-Image-2023-06-08-at-4.18.37-PM-768x512.jpeg 768w, https:\/\/riograndezac.gob.mx\/informatica\/wp-content\/uploads\/2023\/06\/WhatsApp-Image-2023-06-08-at-4.18.37-PM-1536x1023.jpeg 1536w, https:\/\/riograndezac.gob.mx\/informatica\/wp-content\/uploads\/2023\/06\/WhatsApp-Image-2023-06-08-at-4.18.37-PM.jpeg 1600w\" sizes=\"auto, (max-width: 840px) 100vw, 840px\" \/><\/figure>\n\n\n\n<figure class=\"wp-block-image size-large\"><img loading=\"lazy\" decoding=\"async\" width=\"840\" height=\"560\" data-id=\"12961\" src=\"https:\/\/riograndezac.gob.mx\/informatica\/wp-content\/uploads\/2023\/06\/WhatsApp-Image-2023-06-08-at-4.18.38-PM-1-840x560.jpeg\" alt=\"\" class=\"wp-image-12961\" srcset=\"https:\/\/riograndezac.gob.mx\/informatica\/wp-content\/uploads\/2023\/06\/WhatsApp-Image-2023-06-08-at-4.18.38-PM-1-840x560.jpeg 840w, https:\/\/riograndezac.gob.mx\/informatica\/wp-content\/uploads\/2023\/06\/WhatsApp-Image-2023-06-08-at-4.18.38-PM-1-548x365.jpeg 548w, https:\/\/riograndezac.gob.mx\/informatica\/wp-content\/uploads\/2023\/06\/WhatsApp-Image-2023-06-08-at-4.18.38-PM-1-768x512.jpeg 768w, https:\/\/riograndezac.gob.mx\/informatica\/wp-content\/uploads\/2023\/06\/WhatsApp-Image-2023-06-08-at-4.18.38-PM-1-1536x1023.jpeg 1536w, https:\/\/riograndezac.gob.mx\/informatica\/wp-content\/uploads\/2023\/06\/WhatsApp-Image-2023-06-08-at-4.18.38-PM-1.jpeg 1600w\" sizes=\"auto, (max-width: 840px) 100vw, 840px\" \/><\/figure>\n\n\n\n<figure class=\"wp-block-image size-large\"><img loading=\"lazy\" decoding=\"async\" width=\"840\" height=\"560\" data-id=\"12963\" src=\"https:\/\/riograndezac.gob.mx\/informatica\/wp-content\/uploads\/2023\/06\/WhatsApp-Image-2023-06-08-at-4.18.38-PM-2-840x560.jpeg\" alt=\"\" class=\"wp-image-12963\" srcset=\"https:\/\/riograndezac.gob.mx\/informatica\/wp-content\/uploads\/2023\/06\/WhatsApp-Image-2023-06-08-at-4.18.38-PM-2-840x560.jpeg 840w, https:\/\/riograndezac.gob.mx\/informatica\/wp-content\/uploads\/2023\/06\/WhatsApp-Image-2023-06-08-at-4.18.38-PM-2-548x365.jpeg 548w, https:\/\/riograndezac.gob.mx\/informatica\/wp-content\/uploads\/2023\/06\/WhatsApp-Image-2023-06-08-at-4.18.38-PM-2-768x512.jpeg 768w, https:\/\/riograndezac.gob.mx\/informatica\/wp-content\/uploads\/2023\/06\/WhatsApp-Image-2023-06-08-at-4.18.38-PM-2-1536x1023.jpeg 1536w, https:\/\/riograndezac.gob.mx\/informatica\/wp-content\/uploads\/2023\/06\/WhatsApp-Image-2023-06-08-at-4.18.38-PM-2.jpeg 1600w\" sizes=\"auto, (max-width: 840px) 100vw, 840px\" \/><\/figure>\n<\/figure>\n\n\n\n<p>R\u00edo Grande, Zac.- Con motivo de la conmemoraci\u00f3n del 7 de junio, D\u00eda de la Libertad de Expresi\u00f3n, la administraci\u00f3n municipal reuni\u00f3 a los diferentes medios de comunicaci\u00f3n para convivir y entregar reconocimientos a las trayectorias de cada una de las plataformas informativas.<\/p>\n\n\n\n<p>Esta actividad fue encabezada por el presidente municipal, Mario C\u00f3rdova Longoria, quien reconoci\u00f3 la importancia de cada uno de los presentes y de sus respectivos medios, con quienes se comprometi\u00f3 a trabajar en conjunto, con la finalidad de que la poblaci\u00f3n tenga el mayor acceso y se pueda mantener informada.<\/p>\n\n\n\n<p>Televisoras, radiodifusoras, medios digitales, prensa escrita y periodistas independientes, agradecieron que se tengan este tipo de acercamientos, de igual manera, pidieron a las autoridades ser receptivas a las demandas sociales y criticas que puedan surgir en torno a su quehacer p\u00fablico. Adem\u00e1s, se coincidi\u00f3 en que despu\u00e9s de siete a\u00f1os de no realizarse, es un acierto retomar estas celebraciones.<\/p>\n\n\n\n<p>Al evento tambi\u00e9n acudieron regidoras, regidores y funcionarios municipales y estatales, quienes entregaron algunos presentes a manera de agradecimiento y felicitaci\u00f3n por la labor realizada en el \u00e1mbito de la comunicaci\u00f3n. Cabe mencionar que tambi\u00e9n grupos musicales como la Descendencia de R\u00edo Grande y La Obscuridad Norte\u00f1a se hicieron presentes a trav\u00e9s de su aportaci\u00f3n.<\/p>\n","protected":false},"excerpt":{"rendered":"<p>R\u00edo Grande, Zac.- Con motivo de la conmemoraci\u00f3n del 7 de junio, D\u00eda de la Libertad de Expresi\u00f3n, la administraci\u00f3n municipal reuni\u00f3 a los diferentes medios de comunicaci\u00f3n para convivir y entregar reconocimientos a las trayectorias de cada una de las plataformas informativas. Esta actividad fue encabezada por el presidente municipal, Mario C\u00f3rdova Longoria, quien reconoci\u00f3 la importancia de cada uno de los presentes y de sus respectivos medios, con quienes se comprometi\u00f3 a trabajar en conjunto, con la finalidad de que la poblaci\u00f3n tenga el mayor acceso y se&hellip;<\/p>\n","protected":false},"author":1,"featured_media":12960,"comment_status":"closed","ping_status":"closed","sticky":false,"template":"","format":"standard","meta":{"_monsterinsights_skip_tracking":false,"_monsterinsights_sitenote_active":false,"_monsterinsights_sitenote_note":"","_monsterinsights_sitenote_category":0,"footnotes":""},"categories":[5,123],"tags":[12,125],"class_list":["post-12959","post","type-post","status-publish","format-standard","has-post-thumbnail","hentry","category-destacados","category-gobierno-de-rio-grande","tag-comunicacion-social","tag-gobierno-de-rio-grande"],"jetpack_featured_media_url":"https:\/\/riograndezac.gob.mx\/informatica\/wp-content\/uploads\/2023\/06\/WhatsApp-Image-2023-06-08-at-4.18.38-PM-3.jpeg","_links":{"self":[{"href":"https:\/\/riograndezac.gob.mx\/informatica\/index.php?rest_route=\/wp\/v2\/posts\/12959","targetHints":{"allow":["GET"]}}],"collection":[{"href":"https:\/\/riograndezac.gob.mx\/informatica\/index.php?rest_route=\/wp\/v2\/posts"}],"about":[{"href":"https:\/\/riograndezac.gob.mx\/informatica\/index.php?rest_route=\/wp\/v2\/types\/post"}],"author":[{"embeddable":true,"href":"https:\/\/riograndezac.gob.mx\/informatica\/index.php?rest_route=\/wp\/v2\/users\/1"}],"replies":[{"embeddable":true,"href":"https:\/\/riograndezac.gob.mx\/informatica\/index.php?rest_route=%2Fwp%2Fv2%2Fcomments&post=12959"}],"version-history":[{"count":1,"href":"https:\/\/riograndezac.gob.mx\/informatica\/index.php?rest_route=\/wp\/v2\/posts\/12959\/revisions"}],"predecessor-version":[{"id":12965,"href":"https:\/\/riograndezac.gob.mx\/informatica\/index.php?rest_route=\/wp\/v2\/posts\/12959\/revisions\/12965"}],"wp:featuredmedia":[{"embeddable":true,"href":"https:\/\/riograndezac.gob.mx\/informatica\/index.php?rest_route=\/wp\/v2\/media\/12960"}],"wp:attachment":[{"href":"https:\/\/riograndezac.gob.mx\/informatica\/index.php?rest_route=%2Fwp%2Fv2%2Fmedia&parent=12959"}],"wp:term":[{"taxonomy":"category","embeddable":true,"href":"https:\/\/riograndezac.gob.mx\/informatica\/index.php?rest_route=%2Fwp%2Fv2%2Fcategories&post=12959"},{"taxonomy":"post_tag","embeddable":true,"href":"https:\/\/riograndezac.gob.mx\/informatica\/index.php?rest_route=%2Fwp%2Fv2%2Ftags&post=12959"}],"curies":[{"name":"wp","href":"https:\/\/api.w.org\/{rel}","templated":true}]}}