{"id":12966,"date":"2023-06-09T09:34:42","date_gmt":"2023-06-09T14:34:42","guid":{"rendered":"https:\/\/riograndezac.gob.mx\/informatica\/?p=12966"},"modified":"2023-06-09T09:34:44","modified_gmt":"2023-06-09T14:34:44","slug":"rio-grande-realizara-primer-feria-municipal-de-reclutamiento-laboral","status":"publish","type":"post","link":"https:\/\/riograndezac.gob.mx\/informatica\/?p=12966","title":{"rendered":"R\u00cdO GRANDE REALIZAR\u00c1 PRIMER FERIA MUNICIPAL DE RECLUTAMIENTO LABORAL"},"content":{"rendered":"<div class=\"wp-block-image\">\n<figure class=\"aligncenter size-large is-resized\"><img loading=\"lazy\" decoding=\"async\" src=\"https:\/\/riograndezac.gob.mx\/informatica\/wp-content\/uploads\/2023\/06\/WhatsApp-Image-2023-06-09-at-6.53.33-AM-1-540x840.jpeg\" alt=\"\" class=\"wp-image-12968\" width=\"270\" height=\"420\" srcset=\"https:\/\/riograndezac.gob.mx\/informatica\/wp-content\/uploads\/2023\/06\/WhatsApp-Image-2023-06-09-at-6.53.33-AM-1-540x840.jpeg 540w, https:\/\/riograndezac.gob.mx\/informatica\/wp-content\/uploads\/2023\/06\/WhatsApp-Image-2023-06-09-at-6.53.33-AM-1-235x365.jpeg 235w, https:\/\/riograndezac.gob.mx\/informatica\/wp-content\/uploads\/2023\/06\/WhatsApp-Image-2023-06-09-at-6.53.33-AM-1-768x1195.jpeg 768w, https:\/\/riograndezac.gob.mx\/informatica\/wp-content\/uploads\/2023\/06\/WhatsApp-Image-2023-06-09-at-6.53.33-AM-1.jpeg 864w\" sizes=\"auto, (max-width: 270px) 100vw, 270px\" \/><\/figure>\n<\/div>\n\n\n<p>R\u00edo Grande, Zac.- La Direcci\u00f3n de Desarrollo Econ\u00f3mico organiza la primera &#8220;Feria Municipal de Reclutamiento Laboral&#8221;, misma que tiene como objetivo ofrecer oportunidades de trabajo en empresas locales, regionales e incluso nacionales o transnacionales.<\/p>\n\n\n\n<p>El presidente municipa, Mario C\u00f3rdova Longoria, mencion\u00f3 que una de las necesidades m\u00e1s sentidas de la poblaci\u00f3n sigue siendo la falta de empleo, es por ello que en conjunto empresas locales y gobierno municipal, se dieron a la tarea de realizar este reclutamiento laboral.<\/p>\n\n\n\n<p>Por su parte, Jaime Cort\u00e9s Acu\u00f1a, titular de la Direcci\u00f3n de Desarrollo Econ\u00f3mico, mencion\u00f3 que se tienen que aprovechar las ventajas que se tienen como municipio, ya que R\u00edo Grande es una zona comercial potencial en el norte del estado.<\/p>\n\n\n\n<p>Para finalizar se di\u00f3 a conocer que al rededor de 20 empresas estar\u00e1n ofertando m\u00e1s de 150 vacantes de trabajo, mismas que son certificadas y cuentan con las prestaciones de ley. El evento tiene como fecha de realizaci\u00f3n el pr\u00f3ximo viernes 16 de junio a partir de las 10:00 horas en la plaza principal.<\/p>\n","protected":false},"excerpt":{"rendered":"<p>R\u00edo Grande, Zac.- La Direcci\u00f3n de Desarrollo Econ\u00f3mico organiza la primera &#8220;Feria Municipal de Reclutamiento Laboral&#8221;, misma que tiene como objetivo ofrecer oportunidades de trabajo en empresas locales, regionales e incluso nacionales o transnacionales. El presidente municipa, Mario C\u00f3rdova Longoria, mencion\u00f3 que una de las necesidades m\u00e1s sentidas de la poblaci\u00f3n sigue siendo la falta de empleo, es por ello que en conjunto empresas locales y gobierno municipal, se dieron a la tarea de realizar este reclutamiento laboral. Por su parte, Jaime Cort\u00e9s Acu\u00f1a, titular de la Direcci\u00f3n de Desarrollo&hellip;<\/p>\n","protected":false},"author":1,"featured_media":12967,"comment_status":"closed","ping_status":"closed","sticky":false,"template":"","format":"standard","meta":{"_monsterinsights_skip_tracking":false,"_monsterinsights_sitenote_active":false,"_monsterinsights_sitenote_note":"","_monsterinsights_sitenote_category":0,"footnotes":""},"categories":[5,123],"tags":[12,125],"class_list":["post-12966","post","type-post","status-publish","format-standard","has-post-thumbnail","hentry","category-destacados","category-gobierno-de-rio-grande","tag-comunicacion-social","tag-gobierno-de-rio-grande"],"jetpack_featured_media_url":"https:\/\/riograndezac.gob.mx\/informatica\/wp-content\/uploads\/2023\/06\/WhatsApp-Image-2023-06-09-at-6.53.33-AM.jpeg","_links":{"self":[{"href":"https:\/\/riograndezac.gob.mx\/informatica\/index.php?rest_route=\/wp\/v2\/posts\/12966","targetHints":{"allow":["GET"]}}],"collection":[{"href":"https:\/\/riograndezac.gob.mx\/informatica\/index.php?rest_route=\/wp\/v2\/posts"}],"about":[{"href":"https:\/\/riograndezac.gob.mx\/informatica\/index.php?rest_route=\/wp\/v2\/types\/post"}],"author":[{"embeddable":true,"href":"https:\/\/riograndezac.gob.mx\/informatica\/index.php?rest_route=\/wp\/v2\/users\/1"}],"replies":[{"embeddable":true,"href":"https:\/\/riograndezac.gob.mx\/informatica\/index.php?rest_route=%2Fwp%2Fv2%2Fcomments&post=12966"}],"version-history":[{"count":1,"href":"https:\/\/riograndezac.gob.mx\/informatica\/index.php?rest_route=\/wp\/v2\/posts\/12966\/revisions"}],"predecessor-version":[{"id":12969,"href":"https:\/\/riograndezac.gob.mx\/informatica\/index.php?rest_route=\/wp\/v2\/posts\/12966\/revisions\/12969"}],"wp:featuredmedia":[{"embeddable":true,"href":"https:\/\/riograndezac.gob.mx\/informatica\/index.php?rest_route=\/wp\/v2\/media\/12967"}],"wp:attachment":[{"href":"https:\/\/riograndezac.gob.mx\/informatica\/index.php?rest_route=%2Fwp%2Fv2%2Fmedia&parent=12966"}],"wp:term":[{"taxonomy":"category","embeddable":true,"href":"https:\/\/riograndezac.gob.mx\/informatica\/index.php?rest_route=%2Fwp%2Fv2%2Fcategories&post=12966"},{"taxonomy":"post_tag","embeddable":true,"href":"https:\/\/riograndezac.gob.mx\/informatica\/index.php?rest_route=%2Fwp%2Fv2%2Ftags&post=12966"}],"curies":[{"name":"wp","href":"https:\/\/api.w.org\/{rel}","templated":true}]}}