{"id":1299,"date":"2015-08-20T17:23:24","date_gmt":"2015-08-20T17:23:24","guid":{"rendered":"http:\/\/riograndezac.gob.mx\/informatica\/?p=1299"},"modified":"2015-08-20T17:23:24","modified_gmt":"2015-08-20T17:23:24","slug":"cine-infantil-en-la-casa-de-la-cultura","status":"publish","type":"post","link":"https:\/\/riograndezac.gob.mx\/informatica\/?p=1299","title":{"rendered":"Cine infantil en la Casa de la Cultura"},"content":{"rendered":"<p><img loading=\"lazy\" decoding=\"async\" id=\"__wp-temp-img-id\" title=\"\" src=\"https:\/\/riograndezac.gob.mx\/informatica\/wp-content\/uploads\/2015\/08\/cine-1.jpg\" alt=\"\" width=\"698\" height=\"421\" \/><\/p>\n<p>Grandes momentos divertidos, pasaron las y los durante el ya tradicional ciclo de cine infantil en la Casa de la Cultura \u201cLu\u00eds Cerrillo C\u00e1zares\u201d, con la presentaci\u00f3n de la pel\u00edcula \u201cLos Ping\u00fcinos de Madagascar.<\/p>\n<p>&nbsp;<\/p>\n<p>En el marco de la Jornada Cultural \u201cIsidro M\u00e9ndez Lira\u201d, organizada por el Gobierno Municipal de R\u00edo Grande encabezado por el primer mandatario Constantino Casta\u00f1eda Mu\u00f1oz, se llev\u00f3 a cabo la proyecci\u00f3n de esta pel\u00edcula, la cual fue disfrutada, acompa\u00f1\u00e1ndose de las tradicionales palomitas y agua fresca.<\/p>\n<p>&nbsp;<\/p>\n<p>En esta pel\u00edcula, se narra de una manera divertida, el tema de la amistad, basada en que \u201clos equipos de s\u00faper esp\u00edas no nacen, se incuban. Descubre los enigmas de los p\u00e1jaros encubiertos m\u00e1s sobresalientes e hilarantes en el campo del espionaje mundial: Skipper, Kowalski, Rico y Cabo\u201d.<\/p>\n<p>&nbsp;<\/p>\n<p>As\u00ed mismo se narra que \u201cesta crema y nata est\u00e1 uniendo fuerzas con una refinada organizaci\u00f3n secreta, de nombre R\u00e1faga Polar. Liderados por el atractivo y fornido agente Clasificado pero entonces, juntos deber\u00e1n evitar que el mal\u00e9volo doctor Octavius Brine destruya el mundo como lo conocemos\u201d.<\/p>\n<p>&nbsp;<\/p>\n<p>De una manera divertida se narra esta divertida pel\u00edcula que mantuvo ocupados a chicos y grandes, por lo que manifestaron su deseo de no concluir con este tipo de actividades, sino que por el contrario, pidieron que se contin\u00faen llevando a cabo.<\/p>\n<p>&nbsp;<\/p>\n<p>Por parte del Instituto de cultura, se inform\u00f3 que se revisar\u00e1 el tema con el alcalde Constantino Casta\u00f1eda Mu\u00f1oz, para que se contin\u00fae con la actividad de manera permanente, puesto que es un lugar al que se hace tradici\u00f3n acudir, no s\u00f3lo por parte de las y los ni\u00f1os, sino de chicos y grandes.<\/p>\n<p>&nbsp;<\/p>\n<p>Finalmente, se inform\u00f3 que probablemente, se continuar\u00e1 con el ciclo a partir del jueves 27 de agosto, en punto de las 7 de la tarde, a pesar de que se clausura la jornada cultural \u201cIsidro M\u00e9ndez Lira\u201d, el pr\u00f3ximo domingo 23 de agosto, en la plaza principal en punto de las 7 de la tarde.<\/p>\n","protected":false},"excerpt":{"rendered":"<p>Por parte del Instituto de cultura, se inform\u00f3 que se revisar\u00e1 el tema con el alcalde Constantino Casta\u00f1eda Mu\u00f1oz, para que se contin\u00fae con la actividad de manera permanente<\/p>\n","protected":false},"author":1,"featured_media":1300,"comment_status":"closed","ping_status":"closed","sticky":false,"template":"","format":"standard","meta":{"_monsterinsights_skip_tracking":false,"_monsterinsights_sitenote_active":false,"_monsterinsights_sitenote_note":"","_monsterinsights_sitenote_category":0,"footnotes":""},"categories":[49],"tags":[12,29],"class_list":["post-1299","post","type-post","status-publish","format-standard","has-post-thumbnail","hentry","category-cultura","tag-comunicacion-social","tag-cultura"],"jetpack_featured_media_url":"https:\/\/riograndezac.gob.mx\/informatica\/wp-content\/uploads\/2015\/08\/cine-1.jpg","_links":{"self":[{"href":"https:\/\/riograndezac.gob.mx\/informatica\/index.php?rest_route=\/wp\/v2\/posts\/1299","targetHints":{"allow":["GET"]}}],"collection":[{"href":"https:\/\/riograndezac.gob.mx\/informatica\/index.php?rest_route=\/wp\/v2\/posts"}],"about":[{"href":"https:\/\/riograndezac.gob.mx\/informatica\/index.php?rest_route=\/wp\/v2\/types\/post"}],"author":[{"embeddable":true,"href":"https:\/\/riograndezac.gob.mx\/informatica\/index.php?rest_route=\/wp\/v2\/users\/1"}],"replies":[{"embeddable":true,"href":"https:\/\/riograndezac.gob.mx\/informatica\/index.php?rest_route=%2Fwp%2Fv2%2Fcomments&post=1299"}],"version-history":[{"count":1,"href":"https:\/\/riograndezac.gob.mx\/informatica\/index.php?rest_route=\/wp\/v2\/posts\/1299\/revisions"}],"predecessor-version":[{"id":1301,"href":"https:\/\/riograndezac.gob.mx\/informatica\/index.php?rest_route=\/wp\/v2\/posts\/1299\/revisions\/1301"}],"wp:featuredmedia":[{"embeddable":true,"href":"https:\/\/riograndezac.gob.mx\/informatica\/index.php?rest_route=\/wp\/v2\/media\/1300"}],"wp:attachment":[{"href":"https:\/\/riograndezac.gob.mx\/informatica\/index.php?rest_route=%2Fwp%2Fv2%2Fmedia&parent=1299"}],"wp:term":[{"taxonomy":"category","embeddable":true,"href":"https:\/\/riograndezac.gob.mx\/informatica\/index.php?rest_route=%2Fwp%2Fv2%2Fcategories&post=1299"},{"taxonomy":"post_tag","embeddable":true,"href":"https:\/\/riograndezac.gob.mx\/informatica\/index.php?rest_route=%2Fwp%2Fv2%2Ftags&post=1299"}],"curies":[{"name":"wp","href":"https:\/\/api.w.org\/{rel}","templated":true}]}}