{"id":13022,"date":"2023-06-23T19:42:27","date_gmt":"2023-06-24T00:42:27","guid":{"rendered":"https:\/\/riograndezac.gob.mx\/informatica\/?p=13022"},"modified":"2023-06-23T19:42:29","modified_gmt":"2023-06-24T00:42:29","slug":"nombran-a-la-nueva-titular-de-coordinacion-de-bibliotecas","status":"publish","type":"post","link":"https:\/\/riograndezac.gob.mx\/informatica\/?p=13022","title":{"rendered":"NOMBRAN A LA NUEVA TITULAR DE COORDINACI\u00d3N DE BIBLIOTECAS"},"content":{"rendered":"<div class=\"wp-block-image\">\n<figure class=\"aligncenter size-large is-resized\"><img loading=\"lazy\" decoding=\"async\" src=\"https:\/\/riograndezac.gob.mx\/informatica\/wp-content\/uploads\/2023\/06\/WhatsApp-Image-2023-06-23-at-5.41.04-PM-840x630.jpeg\" alt=\"\" class=\"wp-image-13024\" width=\"420\" height=\"315\" srcset=\"https:\/\/riograndezac.gob.mx\/informatica\/wp-content\/uploads\/2023\/06\/WhatsApp-Image-2023-06-23-at-5.41.04-PM-840x630.jpeg 840w, https:\/\/riograndezac.gob.mx\/informatica\/wp-content\/uploads\/2023\/06\/WhatsApp-Image-2023-06-23-at-5.41.04-PM-487x365.jpeg 487w, https:\/\/riograndezac.gob.mx\/informatica\/wp-content\/uploads\/2023\/06\/WhatsApp-Image-2023-06-23-at-5.41.04-PM-768x576.jpeg 768w, https:\/\/riograndezac.gob.mx\/informatica\/wp-content\/uploads\/2023\/06\/WhatsApp-Image-2023-06-23-at-5.41.04-PM-1536x1152.jpeg 1536w, https:\/\/riograndezac.gob.mx\/informatica\/wp-content\/uploads\/2023\/06\/WhatsApp-Image-2023-06-23-at-5.41.04-PM.jpeg 1600w\" sizes=\"auto, (max-width: 420px) 100vw, 420px\" \/><\/figure>\n<\/div>\n\n\n<p>R\u00edo Grande, Zac.- Este viernes fue nombrada la nueva titular de la Coordinaci\u00f3n de Bibliotecas, recayendo la responsabilidad en Angeles Hern\u00e1ndez Hern\u00e1ndez. As\u00ed mismo, se present\u00f3 a Edith Hern\u00e1ndez Cuevas como encargada de la Biblioteca Municipal, ubicada en el Centro Cultural &#8220;Luis Cerrillo Cazares&#8221;.<\/p>\n\n\n\n<p>En reuni\u00f3n con las bibliotecarias y los bibliotecarios, el alcalde Mario C\u00f3rdova Longoria, realiz\u00f3 la presentaci\u00f3n formal de las nuevas titulares, quienes ya cuentan con experiencia en cargos p\u00fablicos relacionados a esta nueva responsabilidad, por lo que se les solicit\u00f3 continuar trabajando con cada una de las 14 subsedes en el municipio.<\/p>\n\n\n\n<p>De igual manera, Mario C\u00f3rdova, se comprometi\u00f3 a seguir invirtiendo en la infraestructura de estos espacios de lectura, esparcimiento y sana convivencia, iniciando con dotar de todos los servicios b\u00e1sicos, ya que a\u00fan en la actualidad, existen bibliotecas que no cuentan con luz el\u00e9ctrica o internet, por lo que ya se est\u00e1 proyectando el recurso para mejorar estos espacios, tal y como se hizo con la biblioteca de la comunidad de Tetillas.<\/p>\n\n\n\n<p>Cabe mencionar que en la reuni\u00f3n se aclar\u00f3 que Martha Chairez Sifuentes, anterior coordinadora, solo fue removida del cargo, pero no fue destituida de la administraci\u00f3n municipal, por lo que en pr\u00f3ximos d\u00edas se le estar\u00e1 asignando una nueva encomienda p\u00fablica.<\/p>\n","protected":false},"excerpt":{"rendered":"<p>R\u00edo Grande, Zac.- Este viernes fue nombrada la nueva titular de la Coordinaci\u00f3n de Bibliotecas, recayendo la responsabilidad en Angeles Hern\u00e1ndez Hern\u00e1ndez. As\u00ed mismo, se present\u00f3 a Edith Hern\u00e1ndez Cuevas como encargada de la Biblioteca Municipal, ubicada en el Centro Cultural &#8220;Luis Cerrillo Cazares&#8221;. En reuni\u00f3n con las bibliotecarias y los bibliotecarios, el alcalde Mario C\u00f3rdova Longoria, realiz\u00f3 la presentaci\u00f3n formal de las nuevas titulares, quienes ya cuentan con experiencia en cargos p\u00fablicos relacionados a esta nueva responsabilidad, por lo que se les solicit\u00f3 continuar trabajando con cada una de&hellip;<\/p>\n","protected":false},"author":1,"featured_media":13023,"comment_status":"closed","ping_status":"closed","sticky":false,"template":"","format":"standard","meta":{"_monsterinsights_skip_tracking":false,"_monsterinsights_sitenote_active":false,"_monsterinsights_sitenote_note":"","_monsterinsights_sitenote_category":0,"footnotes":""},"categories":[5,123],"tags":[12,125],"class_list":["post-13022","post","type-post","status-publish","format-standard","has-post-thumbnail","hentry","category-destacados","category-gobierno-de-rio-grande","tag-comunicacion-social","tag-gobierno-de-rio-grande"],"jetpack_featured_media_url":"https:\/\/riograndezac.gob.mx\/informatica\/wp-content\/uploads\/2023\/06\/WhatsApp-Image-2023-06-23-at-5.41.03-PM.jpeg","_links":{"self":[{"href":"https:\/\/riograndezac.gob.mx\/informatica\/index.php?rest_route=\/wp\/v2\/posts\/13022","targetHints":{"allow":["GET"]}}],"collection":[{"href":"https:\/\/riograndezac.gob.mx\/informatica\/index.php?rest_route=\/wp\/v2\/posts"}],"about":[{"href":"https:\/\/riograndezac.gob.mx\/informatica\/index.php?rest_route=\/wp\/v2\/types\/post"}],"author":[{"embeddable":true,"href":"https:\/\/riograndezac.gob.mx\/informatica\/index.php?rest_route=\/wp\/v2\/users\/1"}],"replies":[{"embeddable":true,"href":"https:\/\/riograndezac.gob.mx\/informatica\/index.php?rest_route=%2Fwp%2Fv2%2Fcomments&post=13022"}],"version-history":[{"count":1,"href":"https:\/\/riograndezac.gob.mx\/informatica\/index.php?rest_route=\/wp\/v2\/posts\/13022\/revisions"}],"predecessor-version":[{"id":13025,"href":"https:\/\/riograndezac.gob.mx\/informatica\/index.php?rest_route=\/wp\/v2\/posts\/13022\/revisions\/13025"}],"wp:featuredmedia":[{"embeddable":true,"href":"https:\/\/riograndezac.gob.mx\/informatica\/index.php?rest_route=\/wp\/v2\/media\/13023"}],"wp:attachment":[{"href":"https:\/\/riograndezac.gob.mx\/informatica\/index.php?rest_route=%2Fwp%2Fv2%2Fmedia&parent=13022"}],"wp:term":[{"taxonomy":"category","embeddable":true,"href":"https:\/\/riograndezac.gob.mx\/informatica\/index.php?rest_route=%2Fwp%2Fv2%2Fcategories&post=13022"},{"taxonomy":"post_tag","embeddable":true,"href":"https:\/\/riograndezac.gob.mx\/informatica\/index.php?rest_route=%2Fwp%2Fv2%2Ftags&post=13022"}],"curies":[{"name":"wp","href":"https:\/\/api.w.org\/{rel}","templated":true}]}}