{"id":13026,"date":"2023-06-26T09:23:08","date_gmt":"2023-06-26T14:23:08","guid":{"rendered":"https:\/\/riograndezac.gob.mx\/informatica\/?p=13026"},"modified":"2023-06-27T09:27:05","modified_gmt":"2023-06-27T14:27:05","slug":"realizan-la-primera-inhumacion-en-el-nuevo-panteon-de-rio-grande","status":"publish","type":"post","link":"https:\/\/riograndezac.gob.mx\/informatica\/?p=13026","title":{"rendered":"REALIZAN LA PRIMERA INHUMACI\u00d3N EN EL NUEVO PANTE\u00d3N DE R\u00cdO GRANDE"},"content":{"rendered":"\n<figure class=\"wp-block-gallery has-nested-images columns-default is-cropped wp-block-gallery-1 is-layout-flex wp-block-gallery-is-layout-flex\">\n<figure class=\"wp-block-image size-large\"><img loading=\"lazy\" decoding=\"async\" width=\"840\" height=\"630\" data-id=\"13030\" src=\"https:\/\/riograndezac.gob.mx\/informatica\/wp-content\/uploads\/2023\/06\/WhatsApp-Image-2023-06-27-at-8.11.11-AM-1-840x630.jpeg\" alt=\"\" class=\"wp-image-13030\" srcset=\"https:\/\/riograndezac.gob.mx\/informatica\/wp-content\/uploads\/2023\/06\/WhatsApp-Image-2023-06-27-at-8.11.11-AM-1-840x630.jpeg 840w, https:\/\/riograndezac.gob.mx\/informatica\/wp-content\/uploads\/2023\/06\/WhatsApp-Image-2023-06-27-at-8.11.11-AM-1-487x365.jpeg 487w, https:\/\/riograndezac.gob.mx\/informatica\/wp-content\/uploads\/2023\/06\/WhatsApp-Image-2023-06-27-at-8.11.11-AM-1-768x576.jpeg 768w, https:\/\/riograndezac.gob.mx\/informatica\/wp-content\/uploads\/2023\/06\/WhatsApp-Image-2023-06-27-at-8.11.11-AM-1-1536x1152.jpeg 1536w, https:\/\/riograndezac.gob.mx\/informatica\/wp-content\/uploads\/2023\/06\/WhatsApp-Image-2023-06-27-at-8.11.11-AM-1.jpeg 1600w\" sizes=\"auto, (max-width: 840px) 100vw, 840px\" \/><\/figure>\n\n\n\n<figure class=\"wp-block-image size-large\"><img loading=\"lazy\" decoding=\"async\" width=\"840\" height=\"676\" data-id=\"13029\" src=\"https:\/\/riograndezac.gob.mx\/informatica\/wp-content\/uploads\/2023\/06\/WhatsApp-Image-2023-06-27-at-8.11.11-AM-840x676.jpeg\" alt=\"\" class=\"wp-image-13029\" srcset=\"https:\/\/riograndezac.gob.mx\/informatica\/wp-content\/uploads\/2023\/06\/WhatsApp-Image-2023-06-27-at-8.11.11-AM-840x676.jpeg 840w, https:\/\/riograndezac.gob.mx\/informatica\/wp-content\/uploads\/2023\/06\/WhatsApp-Image-2023-06-27-at-8.11.11-AM-454x365.jpeg 454w, https:\/\/riograndezac.gob.mx\/informatica\/wp-content\/uploads\/2023\/06\/WhatsApp-Image-2023-06-27-at-8.11.11-AM-768x618.jpeg 768w, https:\/\/riograndezac.gob.mx\/informatica\/wp-content\/uploads\/2023\/06\/WhatsApp-Image-2023-06-27-at-8.11.11-AM.jpeg 1522w\" sizes=\"auto, (max-width: 840px) 100vw, 840px\" \/><\/figure>\n\n\n\n<figure class=\"wp-block-image size-large\"><img loading=\"lazy\" decoding=\"async\" width=\"630\" height=\"840\" data-id=\"13031\" src=\"https:\/\/riograndezac.gob.mx\/informatica\/wp-content\/uploads\/2023\/06\/WhatsApp-Image-2023-06-27-at-8.11.10-AM-2-630x840.jpeg\" alt=\"\" class=\"wp-image-13031\" srcset=\"https:\/\/riograndezac.gob.mx\/informatica\/wp-content\/uploads\/2023\/06\/WhatsApp-Image-2023-06-27-at-8.11.10-AM-2-630x840.jpeg 630w, https:\/\/riograndezac.gob.mx\/informatica\/wp-content\/uploads\/2023\/06\/WhatsApp-Image-2023-06-27-at-8.11.10-AM-2-274x365.jpeg 274w, https:\/\/riograndezac.gob.mx\/informatica\/wp-content\/uploads\/2023\/06\/WhatsApp-Image-2023-06-27-at-8.11.10-AM-2-768x1024.jpeg 768w, https:\/\/riograndezac.gob.mx\/informatica\/wp-content\/uploads\/2023\/06\/WhatsApp-Image-2023-06-27-at-8.11.10-AM-2-1152x1536.jpeg 1152w, https:\/\/riograndezac.gob.mx\/informatica\/wp-content\/uploads\/2023\/06\/WhatsApp-Image-2023-06-27-at-8.11.10-AM-2.jpeg 1200w\" sizes=\"auto, (max-width: 630px) 100vw, 630px\" \/><\/figure>\n\n\n\n<figure class=\"wp-block-image size-thumbnail\"><img loading=\"lazy\" decoding=\"async\" width=\"500\" height=\"280\" data-id=\"13028\" src=\"https:\/\/riograndezac.gob.mx\/informatica\/wp-content\/uploads\/2023\/06\/WhatsApp-Image-2023-06-27-at-8.11.10-AM-500x280.jpeg\" alt=\"\" class=\"wp-image-13028\"\/><\/figure>\n<\/figure>\n\n\n\n<p>R\u00edo Grande, Zac.- El domingo 25 de junio, fue sepultada la primera persona en el pante\u00f3n municipal &#8220;Jardines del Oriente&#8221;, siendo la ciudadana Nancy Ben\u00edtez Guerrero, quien descansar\u00e1 eternamente en este espacio.<\/p>\n\n\n\n<p>El Gobierno de R\u00edo Grande inform\u00f3 en medios oficiales este hecho con el siguiente mensaje; &#8220;Nos unimos a la pena que embarga a la familia y amigos de Nancy Ben\u00edtez Guerrero, por su sensible fallecimiento. Nancy es la primer persona en ser sepultada en este nuevo Campo Santo, un espacio digno para quienes ser\u00e1 su \u00faltima morada y para quienes visitar\u00e1n a sus difuntos&#8221;.<\/p>\n\n\n\n<p>Juan Fidel Chan Fraire, titular de Registro Civil en el municipio, indic\u00f3 que m\u00e1s all\u00e1 de que faltan por concluir algunos detalles, es impostergable la utilizaci\u00f3n de este nuevo espacio, ya que el pante\u00f3n&#8221;Santa Elena&#8221; ya no cuenta con lugares, por lo que fue viable tomar est\u00e1 decisi\u00f3n.<\/p>\n\n\n\n<p>As\u00ed mismo, di\u00f3 a conocer que la indicacion del presidente municipal, Mario C\u00f3rdova Longoria, fue la de brindar las facilidades, por lo que se tuvo la coordinaci\u00f3n con autoridades locales, estatales y federales, para resguardar el cortejo f\u00fanebre.<\/p>\n\n\n\n<p>Para finalizar, Ra\u00fal Hern\u00e1ndez Mart\u00ednez, secretario del Ayuntamiento, se\u00f1al\u00f3 que ya se est\u00e1 trabajando en la adecuaci\u00f3n del acceso principal, esto con la construcci\u00f3n de un puente vado, para de ah\u00ed proceder a la pavimentaci\u00f3n e instalaci\u00f3n de luminarias.<\/p>\n","protected":false},"excerpt":{"rendered":"<p>R\u00edo Grande, Zac.- El domingo 25 de junio, fue sepultada la primera persona en el pante\u00f3n municipal &#8220;Jardines del Oriente&#8221;, siendo la ciudadana Nancy Ben\u00edtez Guerrero, quien descansar\u00e1 eternamente en este espacio. El Gobierno de R\u00edo Grande inform\u00f3 en medios oficiales este hecho con el siguiente mensaje; &#8220;Nos unimos a la pena que embarga a la familia y amigos de Nancy Ben\u00edtez Guerrero, por su sensible fallecimiento. Nancy es la primer persona en ser sepultada en este nuevo Campo Santo, un espacio digno para quienes ser\u00e1 su \u00faltima morada y&hellip;<\/p>\n","protected":false},"author":1,"featured_media":13027,"comment_status":"closed","ping_status":"closed","sticky":false,"template":"","format":"standard","meta":{"_monsterinsights_skip_tracking":false,"_monsterinsights_sitenote_active":false,"_monsterinsights_sitenote_note":"","_monsterinsights_sitenote_category":0,"footnotes":""},"categories":[5,123],"tags":[12,125],"class_list":["post-13026","post","type-post","status-publish","format-standard","has-post-thumbnail","hentry","category-destacados","category-gobierno-de-rio-grande","tag-comunicacion-social","tag-gobierno-de-rio-grande"],"jetpack_featured_media_url":"https:\/\/riograndezac.gob.mx\/informatica\/wp-content\/uploads\/2023\/06\/WhatsApp-Image-2023-06-27-at-8.11.10-AM-1.jpeg","_links":{"self":[{"href":"https:\/\/riograndezac.gob.mx\/informatica\/index.php?rest_route=\/wp\/v2\/posts\/13026","targetHints":{"allow":["GET"]}}],"collection":[{"href":"https:\/\/riograndezac.gob.mx\/informatica\/index.php?rest_route=\/wp\/v2\/posts"}],"about":[{"href":"https:\/\/riograndezac.gob.mx\/informatica\/index.php?rest_route=\/wp\/v2\/types\/post"}],"author":[{"embeddable":true,"href":"https:\/\/riograndezac.gob.mx\/informatica\/index.php?rest_route=\/wp\/v2\/users\/1"}],"replies":[{"embeddable":true,"href":"https:\/\/riograndezac.gob.mx\/informatica\/index.php?rest_route=%2Fwp%2Fv2%2Fcomments&post=13026"}],"version-history":[{"count":1,"href":"https:\/\/riograndezac.gob.mx\/informatica\/index.php?rest_route=\/wp\/v2\/posts\/13026\/revisions"}],"predecessor-version":[{"id":13032,"href":"https:\/\/riograndezac.gob.mx\/informatica\/index.php?rest_route=\/wp\/v2\/posts\/13026\/revisions\/13032"}],"wp:featuredmedia":[{"embeddable":true,"href":"https:\/\/riograndezac.gob.mx\/informatica\/index.php?rest_route=\/wp\/v2\/media\/13027"}],"wp:attachment":[{"href":"https:\/\/riograndezac.gob.mx\/informatica\/index.php?rest_route=%2Fwp%2Fv2%2Fmedia&parent=13026"}],"wp:term":[{"taxonomy":"category","embeddable":true,"href":"https:\/\/riograndezac.gob.mx\/informatica\/index.php?rest_route=%2Fwp%2Fv2%2Fcategories&post=13026"},{"taxonomy":"post_tag","embeddable":true,"href":"https:\/\/riograndezac.gob.mx\/informatica\/index.php?rest_route=%2Fwp%2Fv2%2Ftags&post=13026"}],"curies":[{"name":"wp","href":"https:\/\/api.w.org\/{rel}","templated":true}]}}