{"id":1305,"date":"2015-08-20T17:31:14","date_gmt":"2015-08-20T17:31:14","guid":{"rendered":"http:\/\/riograndezac.gob.mx\/informatica\/?p=1305"},"modified":"2015-08-26T15:39:56","modified_gmt":"2015-08-26T15:39:56","slug":"espectacular-sabado-de-danzon-en-la-plaza-principal-organizado-por-el-grupo-pro-cultura-de-rio-grande","status":"publish","type":"post","link":"https:\/\/riograndezac.gob.mx\/informatica\/?p=1305","title":{"rendered":"Espectacular s\u00e1bado de danz\u00f3n en la plaza principal organizado por el grupo Pro Cultura de R\u00edo Grande"},"content":{"rendered":"<p><img loading=\"lazy\" decoding=\"async\" id=\"__wp-temp-img-id\" class=\"aligncenter\" title=\"\" src=\"https:\/\/riograndezac.gob.mx\/informatica\/wp-content\/uploads\/2015\/08\/Danzon.png\" alt=\"\" width=\"458\" height=\"445\" \/><\/p>\n<p>Espectacular s\u00e1bado de danz\u00f3n en la plaza principal organizado por el grupo Pro Cultura de R\u00edo Grande, donde los asistentes se deleitaron y bailaron al ritmo de la m\u00fasica que sin duda ha dejado marcada la existencia de las generaciones, iniciando con el acto inaugural en el que se cont\u00f3 con la presencia de la directora del Instituto Municipal de Cultura Santa Sabina Esquivel Gonz\u00e1lez, en representaci\u00f3n del alcalde Constantino Casta\u00f1eda Mu\u00f1oz.<\/p>\n<p>&nbsp;<\/p>\n<p>La cita fue punto de las 7 de la tarde, en el escenario natural del municipio donde casi un centenar de adultos llegaron a revivir aquella \u00e9poca de oro que marcar\u00eda sus vidas, pues tan s\u00f3lo de recordar las an\u00e9cdotas de sus rostros se desprend\u00edan sonrisas \u201cqueremos agradecer el respaldo de la presidencia municipal encabezada por Constantino Casta\u00f1eda Mu\u00f1oz al compartir con este grupo de Pro-cultura, el inter\u00e9s de rescatar principalmente los valores que denotan entre la sociedad\u201d, se\u00f1alaron.<\/p>\n<p>&nbsp;<\/p>\n<p>Conchita Esquivel Delgado, presidenta del grupo Pro-cultura, indic\u00f3 que \u201cla finalidad de este proyecto es venir a refrescar nuestras memorias, nuestros recuerdos y as\u00ed volver a vivir aquellas tardes en las que los salones de baile eran de baile con elegancia y el porte de los caballeros, pero tambi\u00e9n con la belleza de la mujer al desplazarse suavemente con estos ritmos nos hacen recordar andanzas del pasado, por lo que de eso se encargan los maestros jubilados y pensionados\u201d\u201d.<\/p>\n<p>&nbsp;<\/p>\n<p>\u201cHubo muy buena respuesta por parte de los asistentes, pues quisimos sorprenderlos con este nuevo proyecto, tal es as\u00ed que despu\u00e9s de la presentaci\u00f3n del grupo de maestros se abri\u00f3 la pista, nos acompa\u00f1aron parejas de adultos que nos dio mucho gusto ver y que no se hicieron esperar para bailar piezas de cha cha cha, mambos, danzones, as\u00ed que esperamos el apoyo de la ciudadan\u00eda para continuar con este proyecto que esperamos hacerlo s\u00e1bado a s\u00e1bado\u201d, extern\u00f3.<\/p>\n<p>&nbsp;<\/p>\n<p>Finalmente Concepci\u00f3n Esquivel Delgado, quien encabeza este proyecto desde hace m\u00e1s de 8 a\u00f1os, agradeci\u00f3 el apoyo de los dem\u00e1s colaboradores y extendi\u00f3 la invitaci\u00f3n para este pr\u00f3ximo s\u00e1bado quienes tengan ganas de pasar una buena tarde en compa\u00f1\u00eda de su pareja no se queden con las ganas y lleguen a bailar con los s\u00e1bados de danz\u00f3n.<\/p>\n","protected":false},"excerpt":{"rendered":"<p>Conchita Esquivel Delgado, presidenta del grupo Pro-cultura, indic\u00f3 que \u201cla finalidad de este proyecto es venir a refrescar nuestras memorias, nuestros recuerdos y as\u00ed volver a vivir aquellas tardes en las que los salones de baile<\/p>\n","protected":false},"author":1,"featured_media":1306,"comment_status":"closed","ping_status":"closed","sticky":false,"template":"","format":"standard","meta":{"_monsterinsights_skip_tracking":false,"_monsterinsights_sitenote_active":false,"_monsterinsights_sitenote_note":"","_monsterinsights_sitenote_category":0,"footnotes":""},"categories":[49],"tags":[12,29,18],"class_list":["post-1305","post","type-post","status-publish","format-standard","has-post-thumbnail","hentry","category-cultura","tag-comunicacion-social","tag-cultura","tag-gobierno-municipal-rio-grande"],"jetpack_featured_media_url":"https:\/\/riograndezac.gob.mx\/informatica\/wp-content\/uploads\/2015\/08\/Danzon.png","_links":{"self":[{"href":"https:\/\/riograndezac.gob.mx\/informatica\/index.php?rest_route=\/wp\/v2\/posts\/1305","targetHints":{"allow":["GET"]}}],"collection":[{"href":"https:\/\/riograndezac.gob.mx\/informatica\/index.php?rest_route=\/wp\/v2\/posts"}],"about":[{"href":"https:\/\/riograndezac.gob.mx\/informatica\/index.php?rest_route=\/wp\/v2\/types\/post"}],"author":[{"embeddable":true,"href":"https:\/\/riograndezac.gob.mx\/informatica\/index.php?rest_route=\/wp\/v2\/users\/1"}],"replies":[{"embeddable":true,"href":"https:\/\/riograndezac.gob.mx\/informatica\/index.php?rest_route=%2Fwp%2Fv2%2Fcomments&post=1305"}],"version-history":[{"count":1,"href":"https:\/\/riograndezac.gob.mx\/informatica\/index.php?rest_route=\/wp\/v2\/posts\/1305\/revisions"}],"predecessor-version":[{"id":1307,"href":"https:\/\/riograndezac.gob.mx\/informatica\/index.php?rest_route=\/wp\/v2\/posts\/1305\/revisions\/1307"}],"wp:featuredmedia":[{"embeddable":true,"href":"https:\/\/riograndezac.gob.mx\/informatica\/index.php?rest_route=\/wp\/v2\/media\/1306"}],"wp:attachment":[{"href":"https:\/\/riograndezac.gob.mx\/informatica\/index.php?rest_route=%2Fwp%2Fv2%2Fmedia&parent=1305"}],"wp:term":[{"taxonomy":"category","embeddable":true,"href":"https:\/\/riograndezac.gob.mx\/informatica\/index.php?rest_route=%2Fwp%2Fv2%2Fcategories&post=1305"},{"taxonomy":"post_tag","embeddable":true,"href":"https:\/\/riograndezac.gob.mx\/informatica\/index.php?rest_route=%2Fwp%2Fv2%2Ftags&post=1305"}],"curies":[{"name":"wp","href":"https:\/\/api.w.org\/{rel}","templated":true}]}}