{"id":1308,"date":"2015-08-23T04:24:00","date_gmt":"2015-08-23T04:24:00","guid":{"rendered":"http:\/\/riograndezac.gob.mx\/informatica\/?p=1308"},"modified":"2015-08-26T15:40:41","modified_gmt":"2015-08-26T15:40:41","slug":"apertura-de-grupos-de-maestria-y-doctorado-en-rio-grande","status":"publish","type":"post","link":"https:\/\/riograndezac.gob.mx\/informatica\/?p=1308","title":{"rendered":"Apertura de grupos de maestr\u00eda y doctorado en R\u00edo Grande"},"content":{"rendered":"<p><img loading=\"lazy\" decoding=\"async\" id=\"__wp-temp-img-id\" class=\"aligncenter\" title=\"\" src=\"https:\/\/riograndezac.gob.mx\/informatica\/wp-content\/uploads\/2015\/08\/uaf-3-1024x680.jpg\" alt=\"\" width=\"700\" height=\"465\" \/><\/p>\n<p>Con el objetivo de que continuar promoviendo la educaci\u00f3n entre la poblaci\u00f3n riograndense, se reuni\u00f3 el alcalde Constantino Casta\u00f1eda Mu\u00f1oz, con la rectora de la Universidad Aut\u00f3noma de Fresnillo (UAF), Geovanna Xyklady Cabrera Gir\u00f3n, con motivo de la apertura de grupos de maestr\u00eda y doctorado en R\u00edo Grande.<\/p>\n<p>&nbsp;<\/p>\n<p>Con el respaldo del Gobierno Municipal, se dar\u00e1 apertura a la maestr\u00eda y doctorado en Educaci\u00f3n, por parte de la Universidad Aut\u00f3noma de Fresnillo, en donde participar\u00e1n riograndenses con deseo de continuar prepar\u00e1ndose de manera acad\u00e9mica.<\/p>\n<p>&nbsp;<\/p>\n<p>En este sentido, durante la reuni\u00f3n, el alcalde, agradeci\u00f3 la oportunidad para acercar este tipo de posgrados, puesto que significa incluso un ahorro en la econom\u00eda de las y los aspirantes. Por otra parte, el primer mandatario de R\u00edo Grande, puso a disposici\u00f3n de la UAF, el Centro Sumar, ubicado en la comunidad de Vicente Guerrero, puesto que cuenta con la infraestructura adecuada para que se lleve a cabo este tipo de preparaci\u00f3n.<\/p>\n<p>&nbsp;<\/p>\n<p>La Rectora, por su parte, agradeci\u00f3 la apertura del Alcalde Constantino, y reconoci\u00f3 el inter\u00e9s que tiene en el sector educativo, por lo que propuso un convenio para celebrarse entre el Gobierno Municipal y la Universidad, a manera de otorgar becas para el personal de la Administraci\u00f3n e incluso a los hijos de los empleados, para que contin\u00faen con su preparaci\u00f3n acad\u00e9mica desde el bachillerato hasta el doctorado.<\/p>\n<p>&nbsp;<\/p>\n<p>Casta\u00f1eda Mu\u00f1oz, se\u00f1al\u00f3 la disposici\u00f3n de Cabrera Gir\u00f3n, y manifest\u00f3 que el convenio ser\u00e1 presentado en la pr\u00f3xima sesi\u00f3n de Cabildo, sabedor de que el pleno del Cabildo, as\u00ed como la S\u00edndico municipal, Ana Marianela Hern\u00e1ndez Pe\u00f1a, son los principales impulsores en el tema de la educaci\u00f3n.<\/p>\n<p>&nbsp;<\/p>\n<p>Durante esta reuni\u00f3n estuvieron, adem\u00e1s de la rectora, Mar\u00eda Dolores Rubio Acu\u00f1a, contralora de la instituci\u00f3n, Leidi Diana Ruvalcaba Gonz\u00e1lez, jefa del departamento de planeaci\u00f3n, Javier Moreno Reyes, docente y colaborador de la Universidad, as\u00ed como el secretario del Ayuntamiento Felipe de Jes\u00fas Badillo Ram\u00edrez.<\/p>\n<p>&nbsp;<\/p>\n<p>Despu\u00e9s de la sesi\u00f3n de trabajo, se realiz\u00f3 un recorrido en el Centro Sumar, que ser\u00e1 el lugar donde se impartir\u00e1n las clases, a partir del pr\u00f3ximo 5 de septiembre. As\u00ed mismo, se inform\u00f3 que habr\u00e1 una segunda fecha de inscripci\u00f3n, el pr\u00f3ximo s\u00e1bado 29 de agosto en este mismo lugar, a partir de las 10 de la ma\u00f1ana.<\/p>\n<p>&nbsp;<\/p>\n","protected":false},"excerpt":{"rendered":"<p>La Rectora, por su parte, agradeci\u00f3 la apertura del Alcalde Constantino, y reconoci\u00f3 el inter\u00e9s que tiene en el sector educativo, por lo que propuso un convenio para celebrarse entre el Gobierno Municipal y la Universidad<\/p>\n","protected":false},"author":1,"featured_media":1309,"comment_status":"closed","ping_status":"closed","sticky":false,"template":"","format":"standard","meta":{"_monsterinsights_skip_tracking":false,"_monsterinsights_sitenote_active":false,"_monsterinsights_sitenote_note":"","_monsterinsights_sitenote_category":0,"footnotes":""},"categories":[4],"tags":[12,18],"class_list":["post-1308","post","type-post","status-publish","format-standard","has-post-thumbnail","hentry","category-boletines","tag-comunicacion-social","tag-gobierno-municipal-rio-grande"],"jetpack_featured_media_url":"https:\/\/riograndezac.gob.mx\/informatica\/wp-content\/uploads\/2015\/08\/uaf-3-1024x680.jpg","_links":{"self":[{"href":"https:\/\/riograndezac.gob.mx\/informatica\/index.php?rest_route=\/wp\/v2\/posts\/1308","targetHints":{"allow":["GET"]}}],"collection":[{"href":"https:\/\/riograndezac.gob.mx\/informatica\/index.php?rest_route=\/wp\/v2\/posts"}],"about":[{"href":"https:\/\/riograndezac.gob.mx\/informatica\/index.php?rest_route=\/wp\/v2\/types\/post"}],"author":[{"embeddable":true,"href":"https:\/\/riograndezac.gob.mx\/informatica\/index.php?rest_route=\/wp\/v2\/users\/1"}],"replies":[{"embeddable":true,"href":"https:\/\/riograndezac.gob.mx\/informatica\/index.php?rest_route=%2Fwp%2Fv2%2Fcomments&post=1308"}],"version-history":[{"count":1,"href":"https:\/\/riograndezac.gob.mx\/informatica\/index.php?rest_route=\/wp\/v2\/posts\/1308\/revisions"}],"predecessor-version":[{"id":1310,"href":"https:\/\/riograndezac.gob.mx\/informatica\/index.php?rest_route=\/wp\/v2\/posts\/1308\/revisions\/1310"}],"wp:featuredmedia":[{"embeddable":true,"href":"https:\/\/riograndezac.gob.mx\/informatica\/index.php?rest_route=\/wp\/v2\/media\/1309"}],"wp:attachment":[{"href":"https:\/\/riograndezac.gob.mx\/informatica\/index.php?rest_route=%2Fwp%2Fv2%2Fmedia&parent=1308"}],"wp:term":[{"taxonomy":"category","embeddable":true,"href":"https:\/\/riograndezac.gob.mx\/informatica\/index.php?rest_route=%2Fwp%2Fv2%2Fcategories&post=1308"},{"taxonomy":"post_tag","embeddable":true,"href":"https:\/\/riograndezac.gob.mx\/informatica\/index.php?rest_route=%2Fwp%2Fv2%2Ftags&post=1308"}],"curies":[{"name":"wp","href":"https:\/\/api.w.org\/{rel}","templated":true}]}}