{"id":13099,"date":"2023-06-30T15:17:00","date_gmt":"2023-06-30T20:17:00","guid":{"rendered":"https:\/\/riograndezac.gob.mx\/informatica\/?p=13099"},"modified":"2023-07-03T15:19:12","modified_gmt":"2023-07-03T20:19:12","slug":"culminan-curso-de-manejo-agroecologico-y-practicas-sustentables-2","status":"publish","type":"post","link":"https:\/\/riograndezac.gob.mx\/informatica\/?p=13099","title":{"rendered":"CULMINAN CURSO DE MANEJO AGROECOL\u00d3GICO Y PR\u00c1CTICAS SUSTENTABLES"},"content":{"rendered":"\n<figure class=\"wp-block-gallery has-nested-images columns-default is-cropped wp-block-gallery-1 is-layout-flex wp-block-gallery-is-layout-flex\">\n<figure class=\"wp-block-image size-large\"><img loading=\"lazy\" decoding=\"async\" width=\"630\" height=\"840\" data-id=\"13102\" src=\"https:\/\/riograndezac.gob.mx\/informatica\/wp-content\/uploads\/2023\/07\/WhatsApp-Image-2023-06-30-at-3.16.52-PM-630x840.jpeg\" alt=\"\" class=\"wp-image-13102\" srcset=\"https:\/\/riograndezac.gob.mx\/informatica\/wp-content\/uploads\/2023\/07\/WhatsApp-Image-2023-06-30-at-3.16.52-PM-630x840.jpeg 630w, https:\/\/riograndezac.gob.mx\/informatica\/wp-content\/uploads\/2023\/07\/WhatsApp-Image-2023-06-30-at-3.16.52-PM-274x365.jpeg 274w, https:\/\/riograndezac.gob.mx\/informatica\/wp-content\/uploads\/2023\/07\/WhatsApp-Image-2023-06-30-at-3.16.52-PM-768x1024.jpeg 768w, https:\/\/riograndezac.gob.mx\/informatica\/wp-content\/uploads\/2023\/07\/WhatsApp-Image-2023-06-30-at-3.16.52-PM-1152x1536.jpeg 1152w, https:\/\/riograndezac.gob.mx\/informatica\/wp-content\/uploads\/2023\/07\/WhatsApp-Image-2023-06-30-at-3.16.52-PM.jpeg 1200w\" sizes=\"auto, (max-width: 630px) 100vw, 630px\" \/><\/figure>\n\n\n\n<figure class=\"wp-block-image size-large\"><img loading=\"lazy\" decoding=\"async\" width=\"630\" height=\"840\" data-id=\"13101\" src=\"https:\/\/riograndezac.gob.mx\/informatica\/wp-content\/uploads\/2023\/07\/WhatsApp-Image-2023-06-30-at-3.16.53-PM-1-630x840.jpeg\" alt=\"\" class=\"wp-image-13101\" srcset=\"https:\/\/riograndezac.gob.mx\/informatica\/wp-content\/uploads\/2023\/07\/WhatsApp-Image-2023-06-30-at-3.16.53-PM-1-630x840.jpeg 630w, https:\/\/riograndezac.gob.mx\/informatica\/wp-content\/uploads\/2023\/07\/WhatsApp-Image-2023-06-30-at-3.16.53-PM-1-274x365.jpeg 274w, https:\/\/riograndezac.gob.mx\/informatica\/wp-content\/uploads\/2023\/07\/WhatsApp-Image-2023-06-30-at-3.16.53-PM-1.jpeg 768w\" sizes=\"auto, (max-width: 630px) 100vw, 630px\" \/><\/figure>\n<\/figure>\n\n\n\n<p>R\u00edo Grande, Zac., &#8211; Gerardo Hidrogo Calder\u00f3n, titular del \u00e1rea de Fomento Agropecuario del Gobierno de R\u00edo Grande, dio a conocer que 26 alumnos culminaron el \u201cCurso Taller de Manejo Agroecol\u00f3gico de Plagas y Pr\u00e1cticas de Agricultura Sustentable\u201d.<\/p>\n\n\n\n<p>El taller fue impartido en la Escuela Secundaria T\u00e9cnica # 52 de la comunidad de Jos\u00e9 Mar\u00eda Morelos, m\u00e1s conocida como La Almoloya, inici\u00f3 en el mes de enero y concluy\u00f3 el pasado martes, con la entrega de reconocimientos a los alumnos de tercer grado, ya que son los que est\u00e1n pr\u00f3ximos a egresar.<\/p>\n\n\n\n<p>El manejo de plagas, restos de la agricultura mundial, el consumo del frijol y la buena salud, determinaci\u00f3n de textura de suelos, la cuenca del r\u00edo Aguanaval, el sistema de hidropon\u00eda por capilaridad, fueron algunos de los temas que se impartieron en el curso.<\/p>\n\n\n\n<p>En la clausura participaron Luis Arroyo Cuellar, director de Obras P\u00fablicas; Ismael Torres Alba, director del plantel educativo; la subdirectora Adriana Rico y Gerardo Hidrogo, quien a nombre del presidente municipal, Mario C\u00f3rdova Longoria; felicit\u00f3 a los alumnos y agradeci\u00f3 a la instituci\u00f3n por las facilidades brindadas.<\/p>\n","protected":false},"excerpt":{"rendered":"<p>R\u00edo Grande, Zac., &#8211; Gerardo Hidrogo Calder\u00f3n, titular del \u00e1rea de Fomento Agropecuario del Gobierno de R\u00edo Grande, dio a conocer que 26 alumnos culminaron el \u201cCurso Taller de Manejo Agroecol\u00f3gico de Plagas y Pr\u00e1cticas de Agricultura Sustentable\u201d. El taller fue impartido en la Escuela Secundaria T\u00e9cnica # 52 de la comunidad de Jos\u00e9 Mar\u00eda Morelos, m\u00e1s conocida como La Almoloya, inici\u00f3 en el mes de enero y concluy\u00f3 el pasado martes, con la entrega de reconocimientos a los alumnos de tercer grado, ya que son los que est\u00e1n pr\u00f3ximos&hellip;<\/p>\n","protected":false},"author":1,"featured_media":13100,"comment_status":"closed","ping_status":"closed","sticky":false,"template":"","format":"standard","meta":{"_monsterinsights_skip_tracking":false,"_monsterinsights_sitenote_active":false,"_monsterinsights_sitenote_note":"","_monsterinsights_sitenote_category":0,"footnotes":""},"categories":[5,123],"tags":[12,125],"class_list":["post-13099","post","type-post","status-publish","format-standard","has-post-thumbnail","hentry","category-destacados","category-gobierno-de-rio-grande","tag-comunicacion-social","tag-gobierno-de-rio-grande"],"jetpack_featured_media_url":"https:\/\/riograndezac.gob.mx\/informatica\/wp-content\/uploads\/2023\/07\/WhatsApp-Image-2023-06-30-at-3.16.53-PM.jpeg","_links":{"self":[{"href":"https:\/\/riograndezac.gob.mx\/informatica\/index.php?rest_route=\/wp\/v2\/posts\/13099","targetHints":{"allow":["GET"]}}],"collection":[{"href":"https:\/\/riograndezac.gob.mx\/informatica\/index.php?rest_route=\/wp\/v2\/posts"}],"about":[{"href":"https:\/\/riograndezac.gob.mx\/informatica\/index.php?rest_route=\/wp\/v2\/types\/post"}],"author":[{"embeddable":true,"href":"https:\/\/riograndezac.gob.mx\/informatica\/index.php?rest_route=\/wp\/v2\/users\/1"}],"replies":[{"embeddable":true,"href":"https:\/\/riograndezac.gob.mx\/informatica\/index.php?rest_route=%2Fwp%2Fv2%2Fcomments&post=13099"}],"version-history":[{"count":1,"href":"https:\/\/riograndezac.gob.mx\/informatica\/index.php?rest_route=\/wp\/v2\/posts\/13099\/revisions"}],"predecessor-version":[{"id":13103,"href":"https:\/\/riograndezac.gob.mx\/informatica\/index.php?rest_route=\/wp\/v2\/posts\/13099\/revisions\/13103"}],"wp:featuredmedia":[{"embeddable":true,"href":"https:\/\/riograndezac.gob.mx\/informatica\/index.php?rest_route=\/wp\/v2\/media\/13100"}],"wp:attachment":[{"href":"https:\/\/riograndezac.gob.mx\/informatica\/index.php?rest_route=%2Fwp%2Fv2%2Fmedia&parent=13099"}],"wp:term":[{"taxonomy":"category","embeddable":true,"href":"https:\/\/riograndezac.gob.mx\/informatica\/index.php?rest_route=%2Fwp%2Fv2%2Fcategories&post=13099"},{"taxonomy":"post_tag","embeddable":true,"href":"https:\/\/riograndezac.gob.mx\/informatica\/index.php?rest_route=%2Fwp%2Fv2%2Ftags&post=13099"}],"curies":[{"name":"wp","href":"https:\/\/api.w.org\/{rel}","templated":true}]}}