{"id":1316,"date":"2015-08-23T04:37:03","date_gmt":"2015-08-23T04:37:03","guid":{"rendered":"http:\/\/riograndezac.gob.mx\/informatica\/?p=1316"},"modified":"2015-08-23T04:37:03","modified_gmt":"2015-08-23T04:37:03","slug":"llega-a-su-fin-la-jornada-cultural-isidro-mendez-lira","status":"publish","type":"post","link":"https:\/\/riograndezac.gob.mx\/informatica\/?p=1316","title":{"rendered":"Llega a su fin la Jornada Cultural \u201cIsidro M\u00e9ndez Lira\u201d"},"content":{"rendered":"<p><img loading=\"lazy\" decoding=\"async\" id=\"__wp-temp-img-id\" class=\"aligncenter\" title=\"\" src=\"https:\/\/riograndezac.gob.mx\/informatica\/wp-content\/uploads\/2015\/08\/domingos-de-cultura-5.jpg\" alt=\"\" width=\"700\" height=\"466\" \/><\/p>\n<p>Llega a su fin la Jornada Cultural \u201cIsidro M\u00e9ndez Lira\u201d, organizada por el Gobierno Municipal de R\u00edo Grande encabezado por el primer mandatario Constantino Casta\u00f1eda Mu\u00f1oz, hoy domingo, a partir de las 7 de la tarde en la plaza principal.<\/p>\n<p>&nbsp;<\/p>\n<p>Hoy domingo 23 con este \u201cDomingo de Cultura Familiar\u201d, se clausuran dos meses de actividad organizada por parte del Instituto Municipal de Cultura, con motivo de las vacaciones de verano en este 2015.<\/p>\n<p>&nbsp;<\/p>\n<p>Durante esta noche, se presentar\u00e1n grandes artistas riograndenses, entre ellos \u201cMelany\u201d, con su profesional voz a una muy corta edad, endulzando la tarde de este domingo.<\/p>\n<p>&nbsp;<\/p>\n<p>As\u00ed mismo, Monserrat Pi\u00f1\u00f3n Garc\u00eda, una joven declamadora quien presentar\u00e1 algunas poes\u00edas con las que ha encantado al p\u00fablico donde se presenta.<\/p>\n<p>&nbsp;<\/p>\n<p>La Plaza Principal, recibir\u00e1 el talento del Trovador de chihuahua \u201cAndr\u00e9s\u201d, quien ser\u00e1 del agrado de toda la poblaci\u00f3n, y seguramente har\u00e1 que participen con las distintas melod\u00edas que interpretar\u00e1 acompa\u00f1ado de su fiel compa\u00f1era, su guitarra.<\/p>\n<p>&nbsp;<\/p>\n<p>Santa Sabina Esquivel Gonz\u00e1lez, titular del Instituto Municipal de Cultura, dijo que se contar\u00e1 con la participaci\u00f3n de la familia del homenajeado con esta jornada, la familia M\u00e9ndez Lira, puesto que han estado en cada uno de los eventos que se presentaron a lo largo de poco m\u00e1s de dos meses.<\/p>\n<p>&nbsp;<\/p>\n<p>Reiter\u00f3 la invitaci\u00f3n para que la ciudadan\u00eda riograndense, se d\u00e9 cita en la plaza principal, este domingo 23 de agosto, en punto de las 7 de la tarde, y disfrute de estos artistas que de manera desinteresada se presentar\u00e1n en la clausura de la Jornada \u201cIsidro M\u00e9ndez Lira\u201d.<\/p>\n","protected":false},"excerpt":{"rendered":"<p>La Plaza Principal, recibir\u00e1 el talento del Trovador de chihuahua \u201cAndr\u00e9s\u201d, quien ser\u00e1 del agrado de toda la poblaci\u00f3n, y seguramente har\u00e1 que participen con las distintas melod\u00edas que interpretar\u00e1 acompa\u00f1ado de su fiel compa\u00f1era, su guitarra.<\/p>\n","protected":false},"author":1,"featured_media":1317,"comment_status":"closed","ping_status":"closed","sticky":false,"template":"","format":"standard","meta":{"_monsterinsights_skip_tracking":false,"_monsterinsights_sitenote_active":false,"_monsterinsights_sitenote_note":"","_monsterinsights_sitenote_category":0,"footnotes":""},"categories":[49],"tags":[12,29,18],"class_list":["post-1316","post","type-post","status-publish","format-standard","has-post-thumbnail","hentry","category-cultura","tag-comunicacion-social","tag-cultura","tag-gobierno-municipal-rio-grande"],"jetpack_featured_media_url":"https:\/\/riograndezac.gob.mx\/informatica\/wp-content\/uploads\/2015\/08\/domingos-de-cultura-5.jpg","_links":{"self":[{"href":"https:\/\/riograndezac.gob.mx\/informatica\/index.php?rest_route=\/wp\/v2\/posts\/1316","targetHints":{"allow":["GET"]}}],"collection":[{"href":"https:\/\/riograndezac.gob.mx\/informatica\/index.php?rest_route=\/wp\/v2\/posts"}],"about":[{"href":"https:\/\/riograndezac.gob.mx\/informatica\/index.php?rest_route=\/wp\/v2\/types\/post"}],"author":[{"embeddable":true,"href":"https:\/\/riograndezac.gob.mx\/informatica\/index.php?rest_route=\/wp\/v2\/users\/1"}],"replies":[{"embeddable":true,"href":"https:\/\/riograndezac.gob.mx\/informatica\/index.php?rest_route=%2Fwp%2Fv2%2Fcomments&post=1316"}],"version-history":[{"count":1,"href":"https:\/\/riograndezac.gob.mx\/informatica\/index.php?rest_route=\/wp\/v2\/posts\/1316\/revisions"}],"predecessor-version":[{"id":1318,"href":"https:\/\/riograndezac.gob.mx\/informatica\/index.php?rest_route=\/wp\/v2\/posts\/1316\/revisions\/1318"}],"wp:featuredmedia":[{"embeddable":true,"href":"https:\/\/riograndezac.gob.mx\/informatica\/index.php?rest_route=\/wp\/v2\/media\/1317"}],"wp:attachment":[{"href":"https:\/\/riograndezac.gob.mx\/informatica\/index.php?rest_route=%2Fwp%2Fv2%2Fmedia&parent=1316"}],"wp:term":[{"taxonomy":"category","embeddable":true,"href":"https:\/\/riograndezac.gob.mx\/informatica\/index.php?rest_route=%2Fwp%2Fv2%2Fcategories&post=1316"},{"taxonomy":"post_tag","embeddable":true,"href":"https:\/\/riograndezac.gob.mx\/informatica\/index.php?rest_route=%2Fwp%2Fv2%2Ftags&post=1316"}],"curies":[{"name":"wp","href":"https:\/\/api.w.org\/{rel}","templated":true}]}}