{"id":1325,"date":"2015-08-24T18:42:16","date_gmt":"2015-08-24T18:42:16","guid":{"rendered":"http:\/\/riograndezac.gob.mx\/informatica\/?p=1325"},"modified":"2015-09-28T14:29:38","modified_gmt":"2015-09-28T14:29:38","slug":"todo-listo-para-que-la-unidad-movil-de-nacional-financiera-nafin-reciba-a-riograndenses-que-busquen-formacion-empresarial","status":"publish","type":"post","link":"https:\/\/riograndezac.gob.mx\/informatica\/?p=1325","title":{"rendered":"Todo listo para que la unidad m\u00f3vil de Nacional Financiera NAFIN reciba a riograndenses que busquen formaci\u00f3n empresarial"},"content":{"rendered":"<p><img loading=\"lazy\" decoding=\"async\" id=\"__wp-temp-img-id\" class=\"aligncenter\" title=\"\" src=\"https:\/\/riograndezac.gob.mx\/informatica\/wp-content\/uploads\/2015\/08\/nafin-3.jpg\" alt=\"\" width=\"700\" height=\"405\" \/><\/p>\n<p>&nbsp;<\/p>\n<p>Todo listo para que la unidad m\u00f3vil de Nacional Financiera NAFIN reciba a riograndenses que busquen formaci\u00f3n empresarial, gracias a la gesti\u00f3n del gobierno municipal encabezado por Constantino Casta\u00f1eda Mu\u00f1oz.<\/p>\n<p>&nbsp;<\/p>\n<p>Carlos Arroyo Hern\u00e1ndez, encargado de la direcci\u00f3n de Desarrollo Econ\u00f3mico y Social, inform\u00f3 que en el marco de la Agenda Estatal de Financiamiento, que es un programa de formaci\u00f3n empresarial dirigido a todos los sectores comerciales, est\u00e1 lista la Unidad M\u00f3vil de la NAFIN, para impartir cursos para emprendedores.<\/p>\n<p>&nbsp;<\/p>\n<p>Extern\u00f3 el funcionario que desde este s\u00e1bado lleg\u00f3 la Unidad M\u00f3vil de NAFIN, que b\u00e1sicamente consta de un auditorio con capacidad para 50 personas, adem\u00e1s de que en esta unidad quien desee podr\u00e1 recibir asesor\u00edas y capacitaciones a partir hoy lunes 24 de agosto y hasta el s\u00e1bado 26.<\/p>\n<p>&nbsp;<\/p>\n<p>Agreg\u00f3 Arroyo Hern\u00e1ndez que va dirigido al p\u00fablico en general pero sobre todo a quienes tengan la inquietud de emprender alg\u00fan negocio, a partir de las 9 de la ma\u00f1ana.<\/p>\n<p>&nbsp;<\/p>\n<p>Contaremos adem\u00e1s con unos cursos en el auditorio de la presidencia municipal impartidos por personal de Fondo Plata y Joven Emprendedor,\u00a0 y Mi Primer Cr\u00e9dito para el 26 de agosto, con la finalidad de impulsar a los productores y empresarios y acercarles alternativas de financiamiento, apoyo y asesor\u00eda en general, es la invitaci\u00f3n para todos los interesados, debemos aprovechar este tipo de actividades que es la respuesta a las solicitudes que hacemos como ciudadanos con la intenci\u00f3n de aprender.<\/p>\n<p>&nbsp;<\/p>\n<p>\u201cEs necesario informar que esto es a nivel estado, pero que si tuvo que ver la buena relaci\u00f3n que hay entre el presidente con el Gobierno del Estado, por lo que R\u00edo Grande ser\u00e1 sede regional de estas actividades\u201d, destac\u00f3.<\/p>\n<p>&nbsp;<\/p>\n<p>Para el d\u00eda 26, tambi\u00e9n se Espera la asistencia de empresarios y emprendedores de los municipios vecinos de Miguel Auza, Juan Aldama, Nieves y Ca\u00f1itas, adem\u00e1s la visita de m\u00e1s de 70 financieras que podr\u00e1n atender a todos los sectores comerciales productivos como el ganadero, agr\u00edcola, comercial, de servicios, industrial, empresarial entre otros\u201d, coment\u00f3 el funcionario.<\/p>\n<p>&nbsp;<\/p>\n<p>\u201cEs importante el inter\u00e9s que hay por parte del alcalde pues en su momento cuando se nos hizo la invitaci\u00f3n por parte de la Secretar\u00eda de Econom\u00eda\u00a0 (SEZAC), a cargo de Adolfo Bonilla, no lo dud\u00f3 y fue as\u00ed que nos encomend\u00f3 la tarea de aterrizar este proyecto y que sea la poblaci\u00f3n riograndense la que se vea beneficiada\u201d, finaliz\u00f3.<\/p>\n","protected":false},"excerpt":{"rendered":"<p>Para el d\u00eda 26, tambi\u00e9n se Espera la asistencia de empresarios y emprendedores de los municipios vecinos de Miguel Auza, Juan Aldama, Nieves y Ca\u00f1itas, adem\u00e1s la visita de m\u00e1s de 70 financieras<\/p>\n","protected":false},"author":1,"featured_media":1326,"comment_status":"closed","ping_status":"closed","sticky":false,"template":"","format":"standard","meta":{"_monsterinsights_skip_tracking":false,"_monsterinsights_sitenote_active":false,"_monsterinsights_sitenote_note":"","_monsterinsights_sitenote_category":0,"footnotes":""},"categories":[4],"tags":[12],"class_list":["post-1325","post","type-post","status-publish","format-standard","has-post-thumbnail","hentry","category-boletines","tag-comunicacion-social"],"jetpack_featured_media_url":"https:\/\/riograndezac.gob.mx\/informatica\/wp-content\/uploads\/2015\/08\/nafin-3.jpg","_links":{"self":[{"href":"https:\/\/riograndezac.gob.mx\/informatica\/index.php?rest_route=\/wp\/v2\/posts\/1325","targetHints":{"allow":["GET"]}}],"collection":[{"href":"https:\/\/riograndezac.gob.mx\/informatica\/index.php?rest_route=\/wp\/v2\/posts"}],"about":[{"href":"https:\/\/riograndezac.gob.mx\/informatica\/index.php?rest_route=\/wp\/v2\/types\/post"}],"author":[{"embeddable":true,"href":"https:\/\/riograndezac.gob.mx\/informatica\/index.php?rest_route=\/wp\/v2\/users\/1"}],"replies":[{"embeddable":true,"href":"https:\/\/riograndezac.gob.mx\/informatica\/index.php?rest_route=%2Fwp%2Fv2%2Fcomments&post=1325"}],"version-history":[{"count":1,"href":"https:\/\/riograndezac.gob.mx\/informatica\/index.php?rest_route=\/wp\/v2\/posts\/1325\/revisions"}],"predecessor-version":[{"id":1327,"href":"https:\/\/riograndezac.gob.mx\/informatica\/index.php?rest_route=\/wp\/v2\/posts\/1325\/revisions\/1327"}],"wp:featuredmedia":[{"embeddable":true,"href":"https:\/\/riograndezac.gob.mx\/informatica\/index.php?rest_route=\/wp\/v2\/media\/1326"}],"wp:attachment":[{"href":"https:\/\/riograndezac.gob.mx\/informatica\/index.php?rest_route=%2Fwp%2Fv2%2Fmedia&parent=1325"}],"wp:term":[{"taxonomy":"category","embeddable":true,"href":"https:\/\/riograndezac.gob.mx\/informatica\/index.php?rest_route=%2Fwp%2Fv2%2Fcategories&post=1325"},{"taxonomy":"post_tag","embeddable":true,"href":"https:\/\/riograndezac.gob.mx\/informatica\/index.php?rest_route=%2Fwp%2Fv2%2Ftags&post=1325"}],"curies":[{"name":"wp","href":"https:\/\/api.w.org\/{rel}","templated":true}]}}