{"id":1335,"date":"2015-08-26T14:48:07","date_gmt":"2015-08-26T14:48:07","guid":{"rendered":"http:\/\/riograndezac.gob.mx\/informatica\/?p=1335"},"modified":"2015-09-28T14:30:29","modified_gmt":"2015-09-28T14:30:29","slug":"ante-la-presencia-de-los-padres-de-familia-de-ninas-y-ninos-del-nivel-de-educacion-basica-de-primaria-se-llevo-a-cabo-la-entrega-de-tabletas-electronicas-asi-como-de-los-uniformes-y-utiles-escolares","status":"publish","type":"post","link":"https:\/\/riograndezac.gob.mx\/informatica\/?p=1335","title":{"rendered":"Ante la presencia de los padres de familia de ni\u00f1as y ni\u00f1os del nivel de educaci\u00f3n b\u00e1sica de primaria se llev\u00f3 a cabo la entrega de tabletas electr\u00f3nicas as\u00ed como de los uniformes y \u00fatiles escolares, durante el inicio del ciclo escolar 2015-2016."},"content":{"rendered":"<p><img loading=\"lazy\" decoding=\"async\" id=\"__wp-temp-img-id\" class=\"aligncenter\" title=\"\" src=\"https:\/\/riograndezac.gob.mx\/informatica\/wp-content\/uploads\/2015\/08\/garcia-salinas-1-1024x683.jpg\" alt=\"\" width=\"700\" height=\"466\" \/><\/p>\n<p>En el evento se cont\u00f3 con la presencia de Alfredo Ortiz del R\u00edo director de Educaci\u00f3n B\u00e1sica, como anfitri\u00f3n Constantino Casta\u00f1eda Mu\u00f1oz presidente municipal de R\u00edo Grande, as\u00ed como el coordinador regional de SEDESOL Rogelio Ortiz Torres en representaci\u00f3n del gobernador del estado de Zacatecas Miguel Alonso Reyes, Jefe de regi\u00f3n 5 federal Juan de Dios Landeros Alvarado, la directora de la escuela Francisco Garc\u00eda Salinas Luz Mar\u00eda Botello Casta\u00f1eda adem\u00e1s de los diferentes supervisores de zona y maestros de las diferentes escuelas.<\/p>\n<p>&nbsp;<\/p>\n<p>Ortiz del R\u00edo, se\u00f1al\u00f3 que \u201cde esta forma es como iniciamos el ciclo escolar 2015-2016, queremos reconocer el esfuerzo de los maestros que con su vocaci\u00f3n de servicio preparan a las generaciones presentes para un mejor futuro, no menos importante reconocer el esfuerzo de los padres de familia que d\u00eda a d\u00eda forjan con la herramienta de la educaci\u00f3n una vida mejor para sus hijos, como compromiso de esta administraci\u00f3n se estableci\u00f3 como prioritario otorgar una educaci\u00f3n de calidad para consolidar un R\u00edo Grande moderno y justo\u201d.<\/p>\n<p>&nbsp;<\/p>\n<p>En su mensaje dijo que \u201cuna de las principales acciones del programa Sumar, es dotar a todos los alumnos de escuelas p\u00fablicas de un uniforme escolar con el objetivo de que las familias disminuyeran los gastos al inicio de cada ciclo escolar, este programa consiste en la confecci\u00f3n completa de sus uniformes con la manufactura de m\u00e1s de 200 talleres zacatecanos, para distribuir en m\u00e1s de 2 mil escuelas primarias y lograr beneficiar a las de 200 mil ni\u00f1os en todo el estado tan solo en este ciclo escolar que acaba de iniciar\u201d.<\/p>\n<p>&nbsp;<\/p>\n<p>A\u00f1adi\u00f3 que \u201choy en esta emblem\u00e1tica escuela nos da mucha alegr\u00eda iniciar un nuevo ciclo escolar, es una de las principales escuelas pues el prestigio que tiene se lo ha sabido ganar con esfuerzo y dedicaci\u00f3n de parte de los maestros que han pasado por estas aulas, reconocer de igual manera al presidente municipal Constantino Casta\u00f1eda Mu\u00f1oz por todo el apoyo brindado y sobre todo a los beneficios que ha entregado a la instituci\u00f3n, pues con anterioridad nunca nadie se hab\u00eda interesado por la educaci\u00f3n y hoy nos demuestra el compromiso que tiene con R\u00edo Grande\u201d<\/p>\n<p>&nbsp;<\/p>\n<p>\u201cAlgo muy trillado y muy pol\u00e9mico ha sido el tema de la reforma educativa, no vamos a hablar de las soluciones que se presentan en todos los niveles y sobre todo con las autoridades educativas, el d\u00eda de hoy arranca oficialmente el ciclo escolar 2015-2016, es lamentable saber que no se presentaron algunas escuelas a recibir estos recursos, ahora solo debemos ser responsables y actuar en consecuencia\u201d, extern\u00f3.<\/p>\n<p>&nbsp;<\/p>\n<p>\u201cSe nombrar\u00e1 una comisi\u00f3n a la escuela Benito Ju\u00e1rez pues est\u00e1 detenida y no cumple con la obligaci\u00f3n que tenemos con los menores, es lamentable que en los problemas de los grandes utilicen a los peque\u00f1os como carnada, al contrario, han depositado la confianza en las instituciones y es nuestra responsabilidad cumplirles, no es justo que le quiten el derecho a los ni\u00f1os pues es el esfuerzo del gobierno y de las autoridades\u201d, a\u00f1adi\u00f3.<\/p>\n<p>&nbsp;<\/p>\n<p>\u201cEn este momento he girado las instrucciones precisas, de la misma manera en que el secretario de educaci\u00f3n en el estado lo hizo con mi persona, tener un reporte a m\u00e1s tardar a las 12 del medio d\u00eda sobre las escuelas que pararon sus actividades en Fresnillo, R\u00edo Grande y en las 13 regiones que conforman la educaci\u00f3n b\u00e1sica, haremos lo conducente, no debemos permitir estas actitudes que perjudican a nuestros peque\u00f1os, son ellos la raz\u00f3n de ser por la que estamos aqu\u00ed\u201d, enfatiz\u00f3.<\/p>\n<p>&nbsp;<\/p>\n<p>Finaliz\u00f3 se\u00f1alando que \u201cextiendo mis felicitaciones a los padres de familia por su confianza, la \u00e9poca es muy cambiante pues requiere de maestros y alumnos de calidad, pues juntos habremos de lograr el objetivo de la reforma educativa que es el de colocar a los peque\u00f1os en el centro de atenci\u00f3n y sacarlos adelante para que sean mejores ciudadanos el d\u00eda de ma\u00f1ana\u201d.<\/p>\n","protected":false},"excerpt":{"rendered":"<p>En su mensaje dijo que \u201cuna de las principales acciones del programa Sumar, es dotar a todos los alumnos de escuelas p\u00fablicas de un uniforme escolar con el objetivo de que las familias disminuyeran los gastos al inicio de cada ciclo escolar<\/p>\n","protected":false},"author":1,"featured_media":1336,"comment_status":"closed","ping_status":"closed","sticky":false,"template":"","format":"standard","meta":{"_monsterinsights_skip_tracking":false,"_monsterinsights_sitenote_active":false,"_monsterinsights_sitenote_note":"","_monsterinsights_sitenote_category":0,"footnotes":""},"categories":[8],"tags":[12,18],"class_list":["post-1335","post","type-post","status-publish","format-standard","has-post-thumbnail","hentry","category-gobierno-municipal-rio-grande-zacatecas","tag-comunicacion-social","tag-gobierno-municipal-rio-grande"],"jetpack_featured_media_url":"https:\/\/riograndezac.gob.mx\/informatica\/wp-content\/uploads\/2015\/08\/garcia-salinas-1-1024x683.jpg","_links":{"self":[{"href":"https:\/\/riograndezac.gob.mx\/informatica\/index.php?rest_route=\/wp\/v2\/posts\/1335","targetHints":{"allow":["GET"]}}],"collection":[{"href":"https:\/\/riograndezac.gob.mx\/informatica\/index.php?rest_route=\/wp\/v2\/posts"}],"about":[{"href":"https:\/\/riograndezac.gob.mx\/informatica\/index.php?rest_route=\/wp\/v2\/types\/post"}],"author":[{"embeddable":true,"href":"https:\/\/riograndezac.gob.mx\/informatica\/index.php?rest_route=\/wp\/v2\/users\/1"}],"replies":[{"embeddable":true,"href":"https:\/\/riograndezac.gob.mx\/informatica\/index.php?rest_route=%2Fwp%2Fv2%2Fcomments&post=1335"}],"version-history":[{"count":1,"href":"https:\/\/riograndezac.gob.mx\/informatica\/index.php?rest_route=\/wp\/v2\/posts\/1335\/revisions"}],"predecessor-version":[{"id":1337,"href":"https:\/\/riograndezac.gob.mx\/informatica\/index.php?rest_route=\/wp\/v2\/posts\/1335\/revisions\/1337"}],"wp:featuredmedia":[{"embeddable":true,"href":"https:\/\/riograndezac.gob.mx\/informatica\/index.php?rest_route=\/wp\/v2\/media\/1336"}],"wp:attachment":[{"href":"https:\/\/riograndezac.gob.mx\/informatica\/index.php?rest_route=%2Fwp%2Fv2%2Fmedia&parent=1335"}],"wp:term":[{"taxonomy":"category","embeddable":true,"href":"https:\/\/riograndezac.gob.mx\/informatica\/index.php?rest_route=%2Fwp%2Fv2%2Fcategories&post=1335"},{"taxonomy":"post_tag","embeddable":true,"href":"https:\/\/riograndezac.gob.mx\/informatica\/index.php?rest_route=%2Fwp%2Fv2%2Ftags&post=1335"}],"curies":[{"name":"wp","href":"https:\/\/api.w.org\/{rel}","templated":true}]}}