{"id":1338,"date":"2015-08-26T14:51:44","date_gmt":"2015-08-26T14:51:44","guid":{"rendered":"http:\/\/riograndezac.gob.mx\/informatica\/?p=1338"},"modified":"2015-08-26T14:51:44","modified_gmt":"2015-08-26T14:51:44","slug":"con-una-espectacular-tarde-bohemia-termino-la-jornada-cultural-isidro-mendez-lira","status":"publish","type":"post","link":"https:\/\/riograndezac.gob.mx\/informatica\/?p=1338","title":{"rendered":"Con una espectacular tarde bohemia termin\u00f3 la Jornada Cultural Isidro M\u00e9ndez Lira"},"content":{"rendered":"<p><img loading=\"lazy\" decoding=\"async\" id=\"__wp-temp-img-id\" class=\"aligncenter\" title=\"\" src=\"https:\/\/riograndezac.gob.mx\/informatica\/wp-content\/uploads\/2015\/08\/clausura-jornada-5-1024x683.jpg\" alt=\"\" width=\"700\" height=\"466\" \/><\/p>\n<p>Con una espectacular tarde bohemia termin\u00f3 la Jornada Cultural Isidro M\u00e9ndez Lira, en la que participaron a lo largo de casi 2 meses, artistas de todos los g\u00e9neros como m\u00fasicos, pintores, teatro, bailes, exposiciones, poetas, conferencias y festivales, organizada por el gobierno municipal presidido por el alcalde Constantino Casta\u00f1eda Mu\u00f1oz.<\/p>\n<p>&nbsp;<\/p>\n<p>\u201cFueron casi 2 meses de arduo trabajo en los que queremos agradecer el apoyo y respaldo incondicional del presidente municipal Constantino Casta\u00f1eda Mu\u00f1oz y la destacada participaci\u00f3n de los familiares de nuestro homenajeado a 1 a\u00f1o de su partida, nuestro amigo Isidro M\u00e9ndez Lira, personaje que sin duda ha dejado un gran legado y una muy amplia aportaci\u00f3n a la cultura de nuestro municipio y del Estado\u201d, se\u00f1al\u00f3 la directora del Instituto de Cultura Santa Sabina Esquivel Gonz\u00e1lez.<\/p>\n<p>&nbsp;<\/p>\n<p>En representaci\u00f3n del alcalde Constantino Casta\u00f1eda estuvo Gerardo Guerrero, quien clausur\u00f3 la jornada, se\u00f1al\u00f3 que \u201cnevense de nacimiento pero riograndense de coraz\u00f3n\u201d, para reconocer a este gran hombre, que siempre fue acompa\u00f1ado por Micaela Lira, madre de Isidro, quien estuvo en todos los eventos, acompa\u00f1ada por Ana Mar\u00eda y Mercedes M\u00e9ndez Lira, sus hijas.<\/p>\n<p>&nbsp;<\/p>\n<p>Al mismo tiempo, la familia de este gran \u00edcono de la cultura, reconocieron la labor del presidente Constantino Casta\u00f1eda Mu\u00f1oz al mostrar inter\u00e9s por promover los valores culturales de artistas locales \u201cen cada evento vimos una muy nutrida participaci\u00f3n de la sociedad, lo que quiere decir que la gente tiene inter\u00e9s por la cultura, por las actividades que se realizan y por conocer y descubrir los talentos de R\u00edo Grande\u201d.<\/p>\n<p>&nbsp;<\/p>\n<p>\u201cEse concierto de cuerdas en el templo de la Santa Veracruz dio el inicio, y de ah\u00ed se desencadeno una serie de actividades muy interesantes, as\u00ed que queremos hacer un llamado a las autoridades para siga a\u00f1o con a\u00f1o, son estos valores los que debemos de rescatar pues son actividades que involucran a las familias, conocemos datos hist\u00f3ricos importantes de R\u00edo Grande, costumbres y tradiciones, literatura, m\u00fasica y danzas que mucha gente no sabe que existen\u201d, mencionaron.<\/p>\n<p>&nbsp;<\/p>\n<p>\u201cUno de los intereses que ten\u00eda Isidro era difundir la cultura, aun as\u00ed sean 2 o 3 personas en el p\u00fablico hay que difundir, por ello no claudicamos en esta jornada, pese a las inclemencias del clima cumplimos con el prop\u00f3sito, pues hacemos el llamado a los pol\u00edticos, para que volteen a este sector que antes de llevar una solicitud tenemos lista una aportaci\u00f3n a la sociedad, pues desde muy peque\u00f1os se inicia el recorrido y termina cuando partimos de la vida terrenal\u201d, se\u00f1alaron.<\/p>\n<p>&nbsp;<\/p>\n<p>Durante el evento se cont\u00f3 con la participaci\u00f3n de V\u00edctor Manuel Berumen quien se encarg\u00f3 de abrir la tarde con temas rom\u00e1nticos, seguido de Andr\u00e9s el trovador de Chihuahua acompa\u00f1ado del acorde\u00f3n de Vicente Alvarado, as\u00ed como Monserrat Pi\u00f1\u00f3n Garc\u00eda, quien puso la parte po\u00e9tica a la noche.<\/p>\n<p>&nbsp;<\/p>\n<p>El evento concluy\u00f3 con la entrega de una obra del artista, a Santa Sabina Esquivel Gonz\u00e1lez, adem\u00e1s de un reconocimiento a la familia de Isidro M\u00e9ndez Lira.<\/p>\n","protected":false},"excerpt":{"rendered":"<p>Al mismo tiempo, la familia de este gran \u00edcono de la cultura, reconocieron la labor del presidente Constantino Casta\u00f1eda Mu\u00f1oz al mostrar inter\u00e9s por promover los valores culturales de artistas locales<\/p>\n","protected":false},"author":1,"featured_media":1339,"comment_status":"closed","ping_status":"closed","sticky":false,"template":"","format":"standard","meta":{"_monsterinsights_skip_tracking":false,"_monsterinsights_sitenote_active":false,"_monsterinsights_sitenote_note":"","_monsterinsights_sitenote_category":0,"footnotes":""},"categories":[4],"tags":[12,18],"class_list":["post-1338","post","type-post","status-publish","format-standard","has-post-thumbnail","hentry","category-boletines","tag-comunicacion-social","tag-gobierno-municipal-rio-grande"],"jetpack_featured_media_url":"https:\/\/riograndezac.gob.mx\/informatica\/wp-content\/uploads\/2015\/08\/clausura-jornada-5-1024x683.jpg","_links":{"self":[{"href":"https:\/\/riograndezac.gob.mx\/informatica\/index.php?rest_route=\/wp\/v2\/posts\/1338","targetHints":{"allow":["GET"]}}],"collection":[{"href":"https:\/\/riograndezac.gob.mx\/informatica\/index.php?rest_route=\/wp\/v2\/posts"}],"about":[{"href":"https:\/\/riograndezac.gob.mx\/informatica\/index.php?rest_route=\/wp\/v2\/types\/post"}],"author":[{"embeddable":true,"href":"https:\/\/riograndezac.gob.mx\/informatica\/index.php?rest_route=\/wp\/v2\/users\/1"}],"replies":[{"embeddable":true,"href":"https:\/\/riograndezac.gob.mx\/informatica\/index.php?rest_route=%2Fwp%2Fv2%2Fcomments&post=1338"}],"version-history":[{"count":1,"href":"https:\/\/riograndezac.gob.mx\/informatica\/index.php?rest_route=\/wp\/v2\/posts\/1338\/revisions"}],"predecessor-version":[{"id":1340,"href":"https:\/\/riograndezac.gob.mx\/informatica\/index.php?rest_route=\/wp\/v2\/posts\/1338\/revisions\/1340"}],"wp:featuredmedia":[{"embeddable":true,"href":"https:\/\/riograndezac.gob.mx\/informatica\/index.php?rest_route=\/wp\/v2\/media\/1339"}],"wp:attachment":[{"href":"https:\/\/riograndezac.gob.mx\/informatica\/index.php?rest_route=%2Fwp%2Fv2%2Fmedia&parent=1338"}],"wp:term":[{"taxonomy":"category","embeddable":true,"href":"https:\/\/riograndezac.gob.mx\/informatica\/index.php?rest_route=%2Fwp%2Fv2%2Fcategories&post=1338"},{"taxonomy":"post_tag","embeddable":true,"href":"https:\/\/riograndezac.gob.mx\/informatica\/index.php?rest_route=%2Fwp%2Fv2%2Ftags&post=1338"}],"curies":[{"name":"wp","href":"https:\/\/api.w.org\/{rel}","templated":true}]}}