{"id":1372,"date":"2015-08-28T05:11:26","date_gmt":"2015-08-28T05:11:26","guid":{"rendered":"http:\/\/riograndezac.gob.mx\/informatica\/?p=1372"},"modified":"2015-08-28T05:12:54","modified_gmt":"2015-08-28T05:12:54","slug":"un-exito-el-evento-denominado-agenda-estatal-de-financiamiento","status":"publish","type":"post","link":"https:\/\/riograndezac.gob.mx\/informatica\/?p=1372","title":{"rendered":"Un \u00e9xito el evento denominado \u201cAgenda Estatal de Financiamiento\u201d"},"content":{"rendered":"<p><a href=\"https:\/\/riograndezac.gob.mx\/informatica\/wp-content\/uploads\/2015\/08\/foro-3.png\"><img loading=\"lazy\" decoding=\"async\" class=\"aligncenter size-full wp-image-1373\" src=\"https:\/\/riograndezac.gob.mx\/informatica\/wp-content\/uploads\/2015\/08\/foro-3.png\" alt=\"foro (3)\" width=\"900\" height=\"561\" \/><\/a><\/p>\n<p>Un \u00e9xito el evento denominado \u201cAgenda Estatal de Financiamiento\u201d, organizada por la Secretar\u00eda de Econom\u00eda del Gobierno del Estado de Zacatecas siendo sede el Gobierno Municipal de R\u00edo Grande, encabezado por Constantino Casta\u00f1eda Mu\u00f1oz.<\/p>\n<p>&nbsp;<\/p>\n<p>Con la presencia del Secretario de Econom\u00eda, Adolfo Bonilla G\u00f3mez, se llev\u00f3 a cabo este evento, en donde Casta\u00f1eda Mu\u00f1oz, dio el mensaje de bienvenida, agradeciendo que se realicen estas actividades que tienen a bien acercar a los sectores productivos de la econom\u00eda del estado de Zacatecas, alternativas de financiamiento e instancias y programas de capacitaci\u00f3n, apoyo y asesor\u00eda, as\u00ed como generar contactos para concretar financiamientos de peque\u00f1as y medianas empresas, ferias de cr\u00e9dito agropecuario y el foro de financiamiento.<\/p>\n<p>&nbsp;<\/p>\n<p>Juan Carlos Medina Mazzoco de la subsecretar\u00eda de Fondos de Financiamiento y Fideicomisos se\u00f1al\u00f3 que se tienen la participaci\u00f3n de m\u00e1s de 20 instituciones de cr\u00e9dito, para promover el crecimiento empresarial en el municipio, de la mano con el \u00e1rea de Desarrollo Econ\u00f3mico y Social.<\/p>\n<p>&nbsp;<\/p>\n<p>Adolfo Bonilla, agradeci\u00f3 la participaci\u00f3n de instituciones como bancos, banca de desarrollo, gobierno estatal y municipal, banca social y organismos empresariales, para brindar asesor\u00edas a los riograndenses, as\u00ed como a la poblaci\u00f3n de los municipios vecinos para que emprendan nuevos negocios comerciales que generen el crecimiento y una mejor econom\u00eda en la regi\u00f3n, adem\u00e1s de reconocer la gesti\u00f3n que hace el alcalde Constantino Casta\u00f1eda, como muestra, el tema de la ensambladora que generar\u00e1 600 empleos en su primera etapa y la cual se espera est\u00e9 en funciones a principios del 2016.<\/p>\n<p>&nbsp;<\/p>\n<p>Durante este foro regional, se cont\u00f3 con la participaci\u00f3n de los alcaldes de Juan Aldama, Mario Gardu\u00f1o y de Nieves, Manuel Gallardo, as\u00ed como un representante del presidente municipal de Miguel Auza.<\/p>\n<p>&nbsp;<\/p>\n<p>En este marco, se realizaron conferencias magistrales, capacitaciones a empresarios, m\u00f3dulos de atenci\u00f3n y la unidad m\u00f3vil Nafinsa, con temas como Fondo Plata, Crece, Financiera Nacional, entre otros que son de gran importancia para la poblaci\u00f3n, las cuales se realizaron tras realizar el corte de list\u00f3n, de manera de que empresarios, emprendedores y poblaci\u00f3n en general, se acerc\u00f3 a los m\u00f3dulos de informaci\u00f3n para recibir la asesor\u00eda correspondiente.<\/p>\n<p>&nbsp;<\/p>\n","protected":false},"excerpt":{"rendered":"<p>Juan Carlos Medina Mazzoco de la subsecretar\u00eda de Fondos de Financiamiento y Fideicomisos se\u00f1al\u00f3 que se tienen la participaci\u00f3n de m\u00e1s de 20 instituciones de cr\u00e9dito, para promover el crecimiento empresarial en el municipio<\/p>\n","protected":false},"author":1,"featured_media":1373,"comment_status":"closed","ping_status":"closed","sticky":false,"template":"","format":"standard","meta":{"_monsterinsights_skip_tracking":false,"_monsterinsights_sitenote_active":false,"_monsterinsights_sitenote_note":"","_monsterinsights_sitenote_category":0,"footnotes":""},"categories":[4],"tags":[12,18],"class_list":["post-1372","post","type-post","status-publish","format-standard","has-post-thumbnail","hentry","category-boletines","tag-comunicacion-social","tag-gobierno-municipal-rio-grande"],"jetpack_featured_media_url":"https:\/\/riograndezac.gob.mx\/informatica\/wp-content\/uploads\/2015\/08\/foro-3-e1440738763889.png","_links":{"self":[{"href":"https:\/\/riograndezac.gob.mx\/informatica\/index.php?rest_route=\/wp\/v2\/posts\/1372","targetHints":{"allow":["GET"]}}],"collection":[{"href":"https:\/\/riograndezac.gob.mx\/informatica\/index.php?rest_route=\/wp\/v2\/posts"}],"about":[{"href":"https:\/\/riograndezac.gob.mx\/informatica\/index.php?rest_route=\/wp\/v2\/types\/post"}],"author":[{"embeddable":true,"href":"https:\/\/riograndezac.gob.mx\/informatica\/index.php?rest_route=\/wp\/v2\/users\/1"}],"replies":[{"embeddable":true,"href":"https:\/\/riograndezac.gob.mx\/informatica\/index.php?rest_route=%2Fwp%2Fv2%2Fcomments&post=1372"}],"version-history":[{"count":1,"href":"https:\/\/riograndezac.gob.mx\/informatica\/index.php?rest_route=\/wp\/v2\/posts\/1372\/revisions"}],"predecessor-version":[{"id":1374,"href":"https:\/\/riograndezac.gob.mx\/informatica\/index.php?rest_route=\/wp\/v2\/posts\/1372\/revisions\/1374"}],"wp:featuredmedia":[{"embeddable":true,"href":"https:\/\/riograndezac.gob.mx\/informatica\/index.php?rest_route=\/wp\/v2\/media\/1373"}],"wp:attachment":[{"href":"https:\/\/riograndezac.gob.mx\/informatica\/index.php?rest_route=%2Fwp%2Fv2%2Fmedia&parent=1372"}],"wp:term":[{"taxonomy":"category","embeddable":true,"href":"https:\/\/riograndezac.gob.mx\/informatica\/index.php?rest_route=%2Fwp%2Fv2%2Fcategories&post=1372"},{"taxonomy":"post_tag","embeddable":true,"href":"https:\/\/riograndezac.gob.mx\/informatica\/index.php?rest_route=%2Fwp%2Fv2%2Ftags&post=1372"}],"curies":[{"name":"wp","href":"https:\/\/api.w.org\/{rel}","templated":true}]}}