{"id":1379,"date":"2015-08-28T05:23:29","date_gmt":"2015-08-28T05:23:29","guid":{"rendered":"http:\/\/riograndezac.gob.mx\/informatica\/?p=1379"},"modified":"2015-08-28T05:23:29","modified_gmt":"2015-08-28T05:23:29","slug":"reforestacion-en-las-principales-calles-de-la-cabecera","status":"publish","type":"post","link":"https:\/\/riograndezac.gob.mx\/informatica\/?p=1379","title":{"rendered":"Reforestaci\u00f3n en las principales calles de la cabecera"},"content":{"rendered":"<p><a href=\"https:\/\/riograndezac.gob.mx\/informatica\/wp-content\/uploads\/2015\/08\/ARBOLES-1.jpg\"><img loading=\"lazy\" decoding=\"async\" class=\"aligncenter size-full wp-image-1380\" src=\"https:\/\/riograndezac.gob.mx\/informatica\/wp-content\/uploads\/2015\/08\/ARBOLES-1.jpg\" alt=\"ARBOLES (1)\" width=\"700\" height=\"466\" srcset=\"https:\/\/riograndezac.gob.mx\/informatica\/wp-content\/uploads\/2015\/08\/ARBOLES-1.jpg 700w, https:\/\/riograndezac.gob.mx\/informatica\/wp-content\/uploads\/2015\/08\/ARBOLES-1-300x200.jpg 300w, https:\/\/riograndezac.gob.mx\/informatica\/wp-content\/uploads\/2015\/08\/ARBOLES-1-24x16.jpg 24w, https:\/\/riograndezac.gob.mx\/informatica\/wp-content\/uploads\/2015\/08\/ARBOLES-1-36x24.jpg 36w, https:\/\/riograndezac.gob.mx\/informatica\/wp-content\/uploads\/2015\/08\/ARBOLES-1-48x32.jpg 48w\" sizes=\"auto, (max-width: 700px) 100vw, 700px\" \/><\/a><\/p>\n<p>El gobierno municipal encabezado por Constantino Casta\u00f1eda Mu\u00f1oz a trav\u00e9s con la direcci\u00f3n de obras y servicios p\u00fablicos de R\u00edo Grande a cargo de Asiel Felipe Garc\u00eda Mares reiter\u00f3 el compromiso con la reforestaci\u00f3n en las principales calles de la cabecera.<\/p>\n<p>&nbsp;<\/p>\n<p>\u201cEn este sentido las indicaciones del presidente municipal son permanentes, pues el hecho de mantener en pie el prop\u00f3sito de reforestar las principales calles de la cabecera y algunas colonias y comunidades se ha vuelto prioridad, ahora producto de las gestiones realizadas tenemos la encomienda de plantar cerca de un millar de pino Greg y trueno\u201d, inform\u00f3.<\/p>\n<p>&nbsp;<\/p>\n<p>\u201cUn \u00e1rbol es otro ser vivo que merece los cuidados correspondientes, es lamentable que falten \u00e1rboles en las calles pues en promedio hay 1 \u00e1rbol por calle, nuestro compromiso es reforestar, la Organizaci\u00f3n Mundial de Salud recomienda que por cada habitante se deber\u00eda considerar como m\u00ednimo un \u00e1rea verde de 9 a 11 metros cuadrados, por otra parte seg\u00fan estad\u00edsticas de la CONAFOR M\u00e9xico ocupa el segundo lugar en deforestaci\u00f3n en Am\u00e9rica Latina y el sexto en el mundo, cada a\u00f1o 155 mil hect\u00e1reas de bosques y selvas se pierden\u201d, extern\u00f3.<\/p>\n<p>&nbsp;<\/p>\n<p>Garc\u00eda Mares dijo que \u201cuno de los beneficios de los entornos naturales es que mejoran la salud f\u00edsica y mental, los \u00e1rboles por ejemplo, no solo ayudan a reducir el nivel de contaminaci\u00f3n y las temperaturas extremas de las zonas donde se encuentran sino tambi\u00e9n ayudan a disminuir la presi\u00f3n arterial y el estr\u00e9s, los \u00e1rboles de nuestras ciudades son un valioso recurso ambiental que nos aporta un sinf\u00edn de ventajas y beneficios, ya sea en forma de peque\u00f1as arboledas, en parques, jardines o bordear las calles, los \u00e1rboles ayudan a purificar el aire, a reducir el ruido, el consumo energ\u00e9tico, a mejorar el paisaje urbano y la calidad de vida de sus habitantes\u201d.<\/p>\n<p>&nbsp;<\/p>\n<p>As\u00ed mismo, indic\u00f3 que \u201ccon estas actividades nuevamente refrendamos nuestro compromiso con la ecolog\u00eda, de igual forma queremos involucrar a la ciudadan\u00eda a que sean part\u00edcipes de esta noble actividad, que nos ayuden a cuidarlos, pues talar un \u00e1rbol toma unas horas pero producir un \u00e1rbol lleva varios meses, de igual forma a quienes est\u00e9n interesados en adoptar uno o varios \u00e1rboles pueden pasar previamente con una solicitud elaborada dirigida al presidente municipal y dejarla en la direcci\u00f3n de obras y servicios p\u00fablicos\u201d.<\/p>\n","protected":false},"excerpt":{"rendered":"<p>En este sentido las indicaciones del presidente municipal son permanentes, pues el hecho de mantener en pie el prop\u00f3sito de reforestar las principales calles de la cabecera y algunas colonias y comunidades<\/p>\n","protected":false},"author":1,"featured_media":1380,"comment_status":"closed","ping_status":"closed","sticky":false,"template":"","format":"standard","meta":{"_monsterinsights_skip_tracking":false,"_monsterinsights_sitenote_active":false,"_monsterinsights_sitenote_note":"","_monsterinsights_sitenote_category":0,"footnotes":""},"categories":[5],"tags":[12,18],"class_list":["post-1379","post","type-post","status-publish","format-standard","has-post-thumbnail","hentry","category-destacados","tag-comunicacion-social","tag-gobierno-municipal-rio-grande"],"jetpack_featured_media_url":"https:\/\/riograndezac.gob.mx\/informatica\/wp-content\/uploads\/2015\/08\/ARBOLES-1.jpg","_links":{"self":[{"href":"https:\/\/riograndezac.gob.mx\/informatica\/index.php?rest_route=\/wp\/v2\/posts\/1379","targetHints":{"allow":["GET"]}}],"collection":[{"href":"https:\/\/riograndezac.gob.mx\/informatica\/index.php?rest_route=\/wp\/v2\/posts"}],"about":[{"href":"https:\/\/riograndezac.gob.mx\/informatica\/index.php?rest_route=\/wp\/v2\/types\/post"}],"author":[{"embeddable":true,"href":"https:\/\/riograndezac.gob.mx\/informatica\/index.php?rest_route=\/wp\/v2\/users\/1"}],"replies":[{"embeddable":true,"href":"https:\/\/riograndezac.gob.mx\/informatica\/index.php?rest_route=%2Fwp%2Fv2%2Fcomments&post=1379"}],"version-history":[{"count":1,"href":"https:\/\/riograndezac.gob.mx\/informatica\/index.php?rest_route=\/wp\/v2\/posts\/1379\/revisions"}],"predecessor-version":[{"id":1381,"href":"https:\/\/riograndezac.gob.mx\/informatica\/index.php?rest_route=\/wp\/v2\/posts\/1379\/revisions\/1381"}],"wp:featuredmedia":[{"embeddable":true,"href":"https:\/\/riograndezac.gob.mx\/informatica\/index.php?rest_route=\/wp\/v2\/media\/1380"}],"wp:attachment":[{"href":"https:\/\/riograndezac.gob.mx\/informatica\/index.php?rest_route=%2Fwp%2Fv2%2Fmedia&parent=1379"}],"wp:term":[{"taxonomy":"category","embeddable":true,"href":"https:\/\/riograndezac.gob.mx\/informatica\/index.php?rest_route=%2Fwp%2Fv2%2Fcategories&post=1379"},{"taxonomy":"post_tag","embeddable":true,"href":"https:\/\/riograndezac.gob.mx\/informatica\/index.php?rest_route=%2Fwp%2Fv2%2Ftags&post=1379"}],"curies":[{"name":"wp","href":"https:\/\/api.w.org\/{rel}","templated":true}]}}