{"id":14265,"date":"2024-02-26T14:28:57","date_gmt":"2024-02-26T20:28:57","guid":{"rendered":"https:\/\/riograndezac.gob.mx\/informatica\/?p=14265"},"modified":"2024-02-26T14:28:59","modified_gmt":"2024-02-26T20:28:59","slug":"realizan-acto-civico-y-desfile-por-la-conmemoracion-del-dia-de-la-bandera","status":"publish","type":"post","link":"https:\/\/riograndezac.gob.mx\/informatica\/?p=14265","title":{"rendered":"REALIZAN ACTO C\u00cdVICO Y DESFILE POR LA CONMEMORACI\u00d3N DEL D\u00cdA DE LA BANDERA"},"content":{"rendered":"\n<figure class=\"wp-block-gallery has-nested-images columns-default is-cropped wp-block-gallery-1 is-layout-flex wp-block-gallery-is-layout-flex\">\n<figure class=\"wp-block-image size-large\"><img loading=\"lazy\" decoding=\"async\" width=\"840\" height=\"474\" data-id=\"14270\" src=\"https:\/\/riograndezac.gob.mx\/informatica\/wp-content\/uploads\/2024\/02\/Imagen-de-WhatsApp-2024-02-24-a-las-18.33.15_19c74d3a-840x474.jpg\" alt=\"\" class=\"wp-image-14270\" srcset=\"https:\/\/riograndezac.gob.mx\/informatica\/wp-content\/uploads\/2024\/02\/Imagen-de-WhatsApp-2024-02-24-a-las-18.33.15_19c74d3a-840x474.jpg 840w, https:\/\/riograndezac.gob.mx\/informatica\/wp-content\/uploads\/2024\/02\/Imagen-de-WhatsApp-2024-02-24-a-las-18.33.15_19c74d3a-647x365.jpg 647w, https:\/\/riograndezac.gob.mx\/informatica\/wp-content\/uploads\/2024\/02\/Imagen-de-WhatsApp-2024-02-24-a-las-18.33.15_19c74d3a-768x433.jpg 768w, https:\/\/riograndezac.gob.mx\/informatica\/wp-content\/uploads\/2024\/02\/Imagen-de-WhatsApp-2024-02-24-a-las-18.33.15_19c74d3a-1536x866.jpg 1536w, https:\/\/riograndezac.gob.mx\/informatica\/wp-content\/uploads\/2024\/02\/Imagen-de-WhatsApp-2024-02-24-a-las-18.33.15_19c74d3a.jpg 1600w\" sizes=\"auto, (max-width: 840px) 100vw, 840px\" \/><\/figure>\n\n\n\n<figure class=\"wp-block-image size-large\"><img loading=\"lazy\" decoding=\"async\" width=\"840\" height=\"560\" data-id=\"14267\" src=\"https:\/\/riograndezac.gob.mx\/informatica\/wp-content\/uploads\/2024\/02\/Imagen-de-WhatsApp-2024-02-24-a-las-18.33.16_1c811e18-840x560.jpg\" alt=\"\" class=\"wp-image-14267\" srcset=\"https:\/\/riograndezac.gob.mx\/informatica\/wp-content\/uploads\/2024\/02\/Imagen-de-WhatsApp-2024-02-24-a-las-18.33.16_1c811e18-840x560.jpg 840w, https:\/\/riograndezac.gob.mx\/informatica\/wp-content\/uploads\/2024\/02\/Imagen-de-WhatsApp-2024-02-24-a-las-18.33.16_1c811e18-548x365.jpg 548w, https:\/\/riograndezac.gob.mx\/informatica\/wp-content\/uploads\/2024\/02\/Imagen-de-WhatsApp-2024-02-24-a-las-18.33.16_1c811e18-768x512.jpg 768w, https:\/\/riograndezac.gob.mx\/informatica\/wp-content\/uploads\/2024\/02\/Imagen-de-WhatsApp-2024-02-24-a-las-18.33.16_1c811e18.jpg 960w\" sizes=\"auto, (max-width: 840px) 100vw, 840px\" \/><\/figure>\n\n\n\n<figure class=\"wp-block-image size-large\"><img loading=\"lazy\" decoding=\"async\" width=\"840\" height=\"665\" data-id=\"14269\" src=\"https:\/\/riograndezac.gob.mx\/informatica\/wp-content\/uploads\/2024\/02\/Imagen-de-WhatsApp-2024-02-24-a-las-18.33.16_7d7f2424-840x665.jpg\" alt=\"\" class=\"wp-image-14269\" srcset=\"https:\/\/riograndezac.gob.mx\/informatica\/wp-content\/uploads\/2024\/02\/Imagen-de-WhatsApp-2024-02-24-a-las-18.33.16_7d7f2424-840x665.jpg 840w, https:\/\/riograndezac.gob.mx\/informatica\/wp-content\/uploads\/2024\/02\/Imagen-de-WhatsApp-2024-02-24-a-las-18.33.16_7d7f2424-461x365.jpg 461w, https:\/\/riograndezac.gob.mx\/informatica\/wp-content\/uploads\/2024\/02\/Imagen-de-WhatsApp-2024-02-24-a-las-18.33.16_7d7f2424-768x608.jpg 768w, https:\/\/riograndezac.gob.mx\/informatica\/wp-content\/uploads\/2024\/02\/Imagen-de-WhatsApp-2024-02-24-a-las-18.33.16_7d7f2424-1536x1215.jpg 1536w, https:\/\/riograndezac.gob.mx\/informatica\/wp-content\/uploads\/2024\/02\/Imagen-de-WhatsApp-2024-02-24-a-las-18.33.16_7d7f2424.jpg 1600w\" sizes=\"auto, (max-width: 840px) 100vw, 840px\" \/><\/figure>\n\n\n\n<figure class=\"wp-block-image size-large\"><img loading=\"lazy\" decoding=\"async\" width=\"840\" height=\"488\" data-id=\"14268\" src=\"https:\/\/riograndezac.gob.mx\/informatica\/wp-content\/uploads\/2024\/02\/Imagen-de-WhatsApp-2024-02-24-a-las-18.33.16_288048d8-840x488.jpg\" alt=\"\" class=\"wp-image-14268\" srcset=\"https:\/\/riograndezac.gob.mx\/informatica\/wp-content\/uploads\/2024\/02\/Imagen-de-WhatsApp-2024-02-24-a-las-18.33.16_288048d8-840x488.jpg 840w, https:\/\/riograndezac.gob.mx\/informatica\/wp-content\/uploads\/2024\/02\/Imagen-de-WhatsApp-2024-02-24-a-las-18.33.16_288048d8-629x365.jpg 629w, https:\/\/riograndezac.gob.mx\/informatica\/wp-content\/uploads\/2024\/02\/Imagen-de-WhatsApp-2024-02-24-a-las-18.33.16_288048d8-768x446.jpg 768w, https:\/\/riograndezac.gob.mx\/informatica\/wp-content\/uploads\/2024\/02\/Imagen-de-WhatsApp-2024-02-24-a-las-18.33.16_288048d8.jpg 1080w\" sizes=\"auto, (max-width: 840px) 100vw, 840px\" \/><\/figure>\n<\/figure>\n\n\n\n<p>R\u00edo Grande, Zac., El secretario de gobierno, Ra\u00fal Hern\u00e1ndez Mart\u00ednez, en representaci\u00f3n del presidente municipal, Mario C\u00f3rdova Longoria, encabez\u00f3 hoy la ceremonia de Honores a la Bandera, en la plaza c\u00edvica; en donde se refiri\u00f3 a la importancia de rescatar los valores c\u00edvicos a manera de unidad en la sociedad.<\/p>\n\n\n\n<p>En esta \u00e9poca, dijo, nuestros principios, s\u00edmbolos patrios y buenas costumbres son fundamentales para que la sociedad act\u00fae como factor de unidad para sacar adelante a nuestro pa\u00eds.<\/p>\n\n\n\n<p>Cabe destacar la participaci\u00f3n de las escuelas de nivel preescolar en la organizaci\u00f3n y realizaci\u00f3n del acto c\u00edvico y del desfile en el marco de la celebraci\u00f3n de este d\u00eda tan importante para todos los mexicanos.<\/p>\n\n\n\n<p>Al finalizar estos eventos, la sindico municipal, F\u00e1tima G\u00f3mez Zavala y el secretario de gobierno, Ra\u00fal Mart\u00ednez Hern\u00e1ndez, en compa\u00f1\u00eda de funcionarios municipales, colocaron una ofrenda florar en el monumento en donde se encuentra la placa conmemorativa de la declaratoria constitucional del municipio de R\u00edo Grande como ciudad, realizada en el a\u00f1o de 1968, siendo gobernador del estado, Jos\u00e9 Rodr\u00edguez El\u00edas y presidente municipal, Miguel Rodr\u00edguez Molina.<\/p>\n","protected":false},"excerpt":{"rendered":"<p>R\u00edo Grande, Zac., El secretario de gobierno, Ra\u00fal Hern\u00e1ndez Mart\u00ednez, en representaci\u00f3n del presidente municipal, Mario C\u00f3rdova Longoria, encabez\u00f3 hoy la ceremonia de Honores a la Bandera, en la plaza c\u00edvica; en donde se refiri\u00f3 a la importancia de rescatar los valores c\u00edvicos a manera de unidad en la sociedad. En esta \u00e9poca, dijo, nuestros principios, s\u00edmbolos patrios y buenas costumbres son fundamentales para que la sociedad act\u00fae como factor de unidad para sacar adelante a nuestro pa\u00eds. Cabe destacar la participaci\u00f3n de las escuelas de nivel preescolar en la&hellip;<\/p>\n","protected":false},"author":1,"featured_media":14266,"comment_status":"closed","ping_status":"closed","sticky":false,"template":"","format":"standard","meta":{"_monsterinsights_skip_tracking":false,"_monsterinsights_sitenote_active":false,"_monsterinsights_sitenote_note":"","_monsterinsights_sitenote_category":0,"footnotes":""},"categories":[5,123],"tags":[12,125],"class_list":["post-14265","post","type-post","status-publish","format-standard","has-post-thumbnail","hentry","category-destacados","category-gobierno-de-rio-grande","tag-comunicacion-social","tag-gobierno-de-rio-grande"],"jetpack_featured_media_url":"https:\/\/riograndezac.gob.mx\/informatica\/wp-content\/uploads\/2024\/02\/Imagen-de-WhatsApp-2024-02-24-a-las-18.33.15_c6bf4bc6.jpg","_links":{"self":[{"href":"https:\/\/riograndezac.gob.mx\/informatica\/index.php?rest_route=\/wp\/v2\/posts\/14265","targetHints":{"allow":["GET"]}}],"collection":[{"href":"https:\/\/riograndezac.gob.mx\/informatica\/index.php?rest_route=\/wp\/v2\/posts"}],"about":[{"href":"https:\/\/riograndezac.gob.mx\/informatica\/index.php?rest_route=\/wp\/v2\/types\/post"}],"author":[{"embeddable":true,"href":"https:\/\/riograndezac.gob.mx\/informatica\/index.php?rest_route=\/wp\/v2\/users\/1"}],"replies":[{"embeddable":true,"href":"https:\/\/riograndezac.gob.mx\/informatica\/index.php?rest_route=%2Fwp%2Fv2%2Fcomments&post=14265"}],"version-history":[{"count":1,"href":"https:\/\/riograndezac.gob.mx\/informatica\/index.php?rest_route=\/wp\/v2\/posts\/14265\/revisions"}],"predecessor-version":[{"id":14271,"href":"https:\/\/riograndezac.gob.mx\/informatica\/index.php?rest_route=\/wp\/v2\/posts\/14265\/revisions\/14271"}],"wp:featuredmedia":[{"embeddable":true,"href":"https:\/\/riograndezac.gob.mx\/informatica\/index.php?rest_route=\/wp\/v2\/media\/14266"}],"wp:attachment":[{"href":"https:\/\/riograndezac.gob.mx\/informatica\/index.php?rest_route=%2Fwp%2Fv2%2Fmedia&parent=14265"}],"wp:term":[{"taxonomy":"category","embeddable":true,"href":"https:\/\/riograndezac.gob.mx\/informatica\/index.php?rest_route=%2Fwp%2Fv2%2Fcategories&post=14265"},{"taxonomy":"post_tag","embeddable":true,"href":"https:\/\/riograndezac.gob.mx\/informatica\/index.php?rest_route=%2Fwp%2Fv2%2Ftags&post=14265"}],"curies":[{"name":"wp","href":"https:\/\/api.w.org\/{rel}","templated":true}]}}