{"id":1435,"date":"2015-09-28T15:10:55","date_gmt":"2015-09-28T15:10:55","guid":{"rendered":"http:\/\/riograndezac.gob.mx\/informatica\/?p=1435"},"modified":"2015-09-28T15:10:55","modified_gmt":"2015-09-28T15:10:55","slug":"se-mejora-la-infraestructura-del-panteon-municipal-santa-elena","status":"publish","type":"post","link":"https:\/\/riograndezac.gob.mx\/informatica\/?p=1435","title":{"rendered":"Se mejora la infraestructura del Pante\u00f3n Municipal \u201cSanta Elena\u201d"},"content":{"rendered":"<p><a href=\"https:\/\/riograndezac.gob.mx\/informatica\/wp-content\/uploads\/2015\/09\/Panteon2.png\"><img loading=\"lazy\" decoding=\"async\" class=\"aligncenter size-full wp-image-1436\" src=\"https:\/\/riograndezac.gob.mx\/informatica\/wp-content\/uploads\/2015\/09\/Panteon2.png\" alt=\"Panteon2\" width=\"800\" height=\"522\" srcset=\"https:\/\/riograndezac.gob.mx\/informatica\/wp-content\/uploads\/2015\/09\/Panteon2.png 800w, https:\/\/riograndezac.gob.mx\/informatica\/wp-content\/uploads\/2015\/09\/Panteon2-300x196.png 300w, https:\/\/riograndezac.gob.mx\/informatica\/wp-content\/uploads\/2015\/09\/Panteon2-24x16.png 24w, https:\/\/riograndezac.gob.mx\/informatica\/wp-content\/uploads\/2015\/09\/Panteon2-36x23.png 36w, https:\/\/riograndezac.gob.mx\/informatica\/wp-content\/uploads\/2015\/09\/Panteon2-48x31.png 48w\" sizes=\"auto, (max-width: 800px) 100vw, 800px\" \/><\/a><\/p>\n<p>&nbsp;<\/p>\n<p>Se mejora la infraestructura del Pante\u00f3n Municipal \u201cSanta Elena\u201d, de R\u00edo Grande, por indicaciones del presidente municipal, Constantino Casta\u00f1eda Mu\u00f1oz a trav\u00e9s de la Oficial\u00eda del Registro Civil y la Direcci\u00f3n de Obras y Servicios P\u00fablicos entre ellas, la construcci\u00f3n de sanitarios dentro del pante\u00f3n municipal.<\/p>\n<p>&nbsp;<\/p>\n<p>\u201cEs una inversi\u00f3n por la cantidad de 140 mil pesos extra\u00eddos del programa municipal de obra, con ello atendemos las necesidades de la poblaci\u00f3n que acude al pante\u00f3n diariamente, adem\u00e1s de garantizar de manera paulatina la seguridad y la integridad del mausoleo con la restauraci\u00f3n y construcci\u00f3n de las bardas que se encontraban da\u00f1adas\u201d, expuso Asiel Felipe Garc\u00eda Mares, director de Obras y Servicios P\u00fablicos.<\/p>\n<p>&nbsp;<\/p>\n<p>Garc\u00eda Mares, a\u00f1adi\u00f3 que \u201cesta construcci\u00f3n b\u00e1sicamente consta de 2 sanitarios, muros de blokc, loza de concreto, tinaco, la conexi\u00f3n al alcantarillado, retretes, mingitorios, lavamanos, la instalaci\u00f3n el\u00e9ctrica, herrer\u00edas y pintura, con lo que se habr\u00e1 de beneficiar a toda la ciudadan\u00eda no solo en temporada de mayor afluencia sino todos los 365 d\u00edas del a\u00f1o, por lo que exhortamos a la poblaci\u00f3n que respeten y nos ayuden a cuidar de estos servicios\u201d.<\/p>\n<p>&nbsp;<\/p>\n<p>Por parte del oficial del registro civil Luis Contreras mencion\u00f3 que \u201cde acuerdo a las necesidades que se presentan es la forma de atender y dar salida a cada una de las solicitudes, ahora que se aproxima el tradicional d\u00eda de muertos el pr\u00f3ximo 2 de noviembre y al ver la afluencia de la ciudadan\u00eda que a\u00f1o con a\u00f1o para esta fecha se da cita al pante\u00f3n se determin\u00f3 aplicar este recurso en la construcci\u00f3n de sanitarios\u201d.<\/p>\n<p>&nbsp;<\/p>\n<p>\u201cDesde su construcci\u00f3n hace m\u00e1s de 100 a\u00f1os, poco a poco se ha perdido el inter\u00e9s hacia el pante\u00f3n, ahora con el respaldo del presidente municipal Constantino Casta\u00f1eda nos ha dado la instrucci\u00f3n de solventar las necesidades, pues este servicio se suma a los ya hechos, en lo que va de la administraci\u00f3n se entreg\u00f3 la calle pavimentada a un costado del pante\u00f3n, el alumbrado p\u00fablico en lugares estrat\u00e9gicos con l\u00e1mparas de leds, los constantes rondines por parte de la direcci\u00f3n de seguridad publica han regresado la tranquilidad a los vecinos\u201d, finaliz\u00f3.<\/p>\n","protected":false},"excerpt":{"rendered":"<p>Por parte del oficial del registro civil Luis Contreras mencion\u00f3 que \u201cde acuerdo a las necesidades que se presentan es la forma de atender y dar salida a cada una de las solicitudes, ahora que se aproxima el tradicional d\u00eda de muertos el pr\u00f3ximo 2 de noviembre<\/p>\n","protected":false},"author":1,"featured_media":1436,"comment_status":"closed","ping_status":"closed","sticky":false,"template":"","format":"standard","meta":{"_monsterinsights_skip_tracking":false,"_monsterinsights_sitenote_active":false,"_monsterinsights_sitenote_note":"","_monsterinsights_sitenote_category":0,"footnotes":""},"categories":[4],"tags":[12,18],"class_list":["post-1435","post","type-post","status-publish","format-standard","has-post-thumbnail","hentry","category-boletines","tag-comunicacion-social","tag-gobierno-municipal-rio-grande"],"jetpack_featured_media_url":"https:\/\/riograndezac.gob.mx\/informatica\/wp-content\/uploads\/2015\/09\/Panteon2.png","_links":{"self":[{"href":"https:\/\/riograndezac.gob.mx\/informatica\/index.php?rest_route=\/wp\/v2\/posts\/1435","targetHints":{"allow":["GET"]}}],"collection":[{"href":"https:\/\/riograndezac.gob.mx\/informatica\/index.php?rest_route=\/wp\/v2\/posts"}],"about":[{"href":"https:\/\/riograndezac.gob.mx\/informatica\/index.php?rest_route=\/wp\/v2\/types\/post"}],"author":[{"embeddable":true,"href":"https:\/\/riograndezac.gob.mx\/informatica\/index.php?rest_route=\/wp\/v2\/users\/1"}],"replies":[{"embeddable":true,"href":"https:\/\/riograndezac.gob.mx\/informatica\/index.php?rest_route=%2Fwp%2Fv2%2Fcomments&post=1435"}],"version-history":[{"count":1,"href":"https:\/\/riograndezac.gob.mx\/informatica\/index.php?rest_route=\/wp\/v2\/posts\/1435\/revisions"}],"predecessor-version":[{"id":1437,"href":"https:\/\/riograndezac.gob.mx\/informatica\/index.php?rest_route=\/wp\/v2\/posts\/1435\/revisions\/1437"}],"wp:featuredmedia":[{"embeddable":true,"href":"https:\/\/riograndezac.gob.mx\/informatica\/index.php?rest_route=\/wp\/v2\/media\/1436"}],"wp:attachment":[{"href":"https:\/\/riograndezac.gob.mx\/informatica\/index.php?rest_route=%2Fwp%2Fv2%2Fmedia&parent=1435"}],"wp:term":[{"taxonomy":"category","embeddable":true,"href":"https:\/\/riograndezac.gob.mx\/informatica\/index.php?rest_route=%2Fwp%2Fv2%2Fcategories&post=1435"},{"taxonomy":"post_tag","embeddable":true,"href":"https:\/\/riograndezac.gob.mx\/informatica\/index.php?rest_route=%2Fwp%2Fv2%2Ftags&post=1435"}],"curies":[{"name":"wp","href":"https:\/\/api.w.org\/{rel}","templated":true}]}}