{"id":1447,"date":"2015-09-29T15:57:28","date_gmt":"2015-09-29T15:57:28","guid":{"rendered":"http:\/\/riograndezac.gob.mx\/informatica\/?p=1447"},"modified":"2015-10-16T15:11:24","modified_gmt":"2015-10-16T15:11:24","slug":"reunion-comisariados-ejidales","status":"publish","type":"post","link":"https:\/\/riograndezac.gob.mx\/informatica\/?p=1447","title":{"rendered":"Reuni\u00f3n Comisariados Ejidales"},"content":{"rendered":"<p><a href=\"https:\/\/riograndezac.gob.mx\/informatica\/wp-content\/uploads\/2015\/09\/Comisariados-ejidales.png\"><img loading=\"lazy\" decoding=\"async\" class=\"aligncenter size-full wp-image-1448\" src=\"https:\/\/riograndezac.gob.mx\/informatica\/wp-content\/uploads\/2015\/09\/Comisariados-ejidales.png\" alt=\"Comisariados ejidales\" width=\"800\" height=\"368\" srcset=\"https:\/\/riograndezac.gob.mx\/informatica\/wp-content\/uploads\/2015\/09\/Comisariados-ejidales.png 800w, https:\/\/riograndezac.gob.mx\/informatica\/wp-content\/uploads\/2015\/09\/Comisariados-ejidales-300x138.png 300w, https:\/\/riograndezac.gob.mx\/informatica\/wp-content\/uploads\/2015\/09\/Comisariados-ejidales-24x11.png 24w, https:\/\/riograndezac.gob.mx\/informatica\/wp-content\/uploads\/2015\/09\/Comisariados-ejidales-36x17.png 36w, https:\/\/riograndezac.gob.mx\/informatica\/wp-content\/uploads\/2015\/09\/Comisariados-ejidales-48x22.png 48w\" sizes=\"auto, (max-width: 800px) 100vw, 800px\" \/><\/a><\/p>\n<p>Integrantes de la uni\u00f3n de ejidos de R\u00edo Grande Alfonso Medina acudieron a la presidencia municipal, con la finalidad de congratular las acciones efectuadas por el primer mandatario Constantino Casta\u00f1eda Mu\u00f1oz.<\/p>\n<p>&nbsp;<\/p>\n<p>\u201cQueremos agradecer el espacio brindado para que sean escuchadas nuestras propuestas y sugerencias, pues nosotros como uni\u00f3n de ejidos tenemos parte del compromiso adquirido por el alcalde, pues somos productores agr\u00edcolas y ganaderos que no dejaremos solo al presidente, hasta el d\u00eda de hoy nos hemos sentido respaldados por el gobierno municipal\u201d, informaron los ganaderos en voz de Juan Robles Reveles, presidente de la Uni\u00f3n de Ejidos.<\/p>\n<p>&nbsp;<\/p>\n<p>\u201cEs bueno el espacio del di\u00e1logo, pues el presidente Constantino Casta\u00f1eda nos ha invitado a practicarlo con la intenci\u00f3n de llegar acuerdos y buscar soluciones a las situaciones que se nos presentan, y reiterarle nuestro agradecimiento pues en el momento que sea necesario se nos apoya en lo correspondiente, por ejemplo a los impuestos del predial, en d\u00edas pasados con los programas de avena que nos ayudaron a que no perdi\u00e9ramos el beneficio del Proagro\u201d, indic\u00f3.<\/p>\n<p>&nbsp;<\/p>\n<p>\u201cEl alcalde se comprometi\u00f3 mejorar nuestros caminos ahora que se avecinan las cosechas, por eso se est\u00e1 trabajando en el camino de las Fajas; ahora en coordinaci\u00f3n con la direcci\u00f3n de seguridad p\u00fablica nos exhort\u00f3 a tener m\u00e1s y mejor comunicaci\u00f3n para efectos de buscar la tranquilidad y armon\u00eda del comportamiento ciudadano en nuestras comunidades y al interior de nuestros ejidos, sabemos que la organizaci\u00f3n es importante y m\u00e1s a\u00fan respaldados por el presidente municipal\u201d, finalizaron.<\/p>\n<p>&nbsp;<\/p>\n<p>En representaci\u00f3n del presidente, el secretario general del ayuntamiento Felipe de Jes\u00fas Badillo Ram\u00edrez, acompa\u00f1ado por el director de Obras y Servicios P\u00fablicos Asiel Felipe Garc\u00eda Mares, el titular de catastro Sa\u00fal Z\u00fa\u00f1iga, el director de Desarrollo Econ\u00f3mico y Social, Carlos Arroyo Hern\u00e1ndez, el director de seguridad p\u00fablica Cecilio Rene G\u00f3mez P\u00e9rez as\u00ed como el titular de Desarrollo Agropecuario, Carlos Valent\u00edn Samaniego, recibieron en la sala de cabildo a los m\u00e1s de 25 representantes de diferentes ejidos que conforman la uni\u00f3n.<\/p>\n<p>&nbsp;<\/p>\n","protected":false},"excerpt":{"rendered":"<p>Queremos agradecer el espacio brindado para que sean escuchadas nuestras propuestas y sugerencias, pues nosotros como uni\u00f3n de ejidos tenemos parte del compromiso adquirido por el alcalde<\/p>\n","protected":false},"author":1,"featured_media":0,"comment_status":"closed","ping_status":"closed","sticky":false,"template":"","format":"standard","meta":{"_monsterinsights_skip_tracking":false,"_monsterinsights_sitenote_active":false,"_monsterinsights_sitenote_note":"","_monsterinsights_sitenote_category":0,"footnotes":""},"categories":[5],"tags":[12,18],"class_list":["post-1447","post","type-post","status-publish","format-standard","hentry","category-destacados","tag-comunicacion-social","tag-gobierno-municipal-rio-grande"],"jetpack_featured_media_url":"","_links":{"self":[{"href":"https:\/\/riograndezac.gob.mx\/informatica\/index.php?rest_route=\/wp\/v2\/posts\/1447","targetHints":{"allow":["GET"]}}],"collection":[{"href":"https:\/\/riograndezac.gob.mx\/informatica\/index.php?rest_route=\/wp\/v2\/posts"}],"about":[{"href":"https:\/\/riograndezac.gob.mx\/informatica\/index.php?rest_route=\/wp\/v2\/types\/post"}],"author":[{"embeddable":true,"href":"https:\/\/riograndezac.gob.mx\/informatica\/index.php?rest_route=\/wp\/v2\/users\/1"}],"replies":[{"embeddable":true,"href":"https:\/\/riograndezac.gob.mx\/informatica\/index.php?rest_route=%2Fwp%2Fv2%2Fcomments&post=1447"}],"version-history":[{"count":1,"href":"https:\/\/riograndezac.gob.mx\/informatica\/index.php?rest_route=\/wp\/v2\/posts\/1447\/revisions"}],"predecessor-version":[{"id":1449,"href":"https:\/\/riograndezac.gob.mx\/informatica\/index.php?rest_route=\/wp\/v2\/posts\/1447\/revisions\/1449"}],"wp:attachment":[{"href":"https:\/\/riograndezac.gob.mx\/informatica\/index.php?rest_route=%2Fwp%2Fv2%2Fmedia&parent=1447"}],"wp:term":[{"taxonomy":"category","embeddable":true,"href":"https:\/\/riograndezac.gob.mx\/informatica\/index.php?rest_route=%2Fwp%2Fv2%2Fcategories&post=1447"},{"taxonomy":"post_tag","embeddable":true,"href":"https:\/\/riograndezac.gob.mx\/informatica\/index.php?rest_route=%2Fwp%2Fv2%2Ftags&post=1447"}],"curies":[{"name":"wp","href":"https:\/\/api.w.org\/{rel}","templated":true}]}}