{"id":1459,"date":"2015-09-30T18:25:41","date_gmt":"2015-09-30T18:25:41","guid":{"rendered":"http:\/\/riograndezac.gob.mx\/informatica\/?p=1459"},"modified":"2015-09-30T18:25:41","modified_gmt":"2015-09-30T18:25:41","slug":"aclara-el-gobierno-municipal-encabezado-por-constantino-castaneda-munoz-que-no-es-plaga-ni-invasion-de-insectos-en-algunos-arboles-de-rio-grande-es-su-ciclo-natural","status":"publish","type":"post","link":"https:\/\/riograndezac.gob.mx\/informatica\/?p=1459","title":{"rendered":"Aclara el gobierno municipal encabezado por Constantino Casta\u00f1eda Mu\u00f1oz que \u201cno es plaga ni invasi\u00f3n de insectos en algunos \u00e1rboles de R\u00edo Grande, es su ciclo natural\u201d"},"content":{"rendered":"<p><a href=\"https:\/\/riograndezac.gob.mx\/informatica\/wp-content\/uploads\/2015\/09\/Gusano.png\"><img loading=\"lazy\" decoding=\"async\" class=\"aligncenter size-full wp-image-1460\" src=\"https:\/\/riograndezac.gob.mx\/informatica\/wp-content\/uploads\/2015\/09\/Gusano.png\" alt=\"Gusano\" width=\"583\" height=\"872\" srcset=\"https:\/\/riograndezac.gob.mx\/informatica\/wp-content\/uploads\/2015\/09\/Gusano.png 583w, https:\/\/riograndezac.gob.mx\/informatica\/wp-content\/uploads\/2015\/09\/Gusano-201x300.png 201w, https:\/\/riograndezac.gob.mx\/informatica\/wp-content\/uploads\/2015\/09\/Gusano-16x24.png 16w, https:\/\/riograndezac.gob.mx\/informatica\/wp-content\/uploads\/2015\/09\/Gusano-24x36.png 24w, https:\/\/riograndezac.gob.mx\/informatica\/wp-content\/uploads\/2015\/09\/Gusano-32x48.png 32w\" sizes=\"auto, (max-width: 583px) 100vw, 583px\" \/><\/a><\/p>\n<p>Aclara el gobierno municipal encabezado por Constantino Casta\u00f1eda Mu\u00f1oz que \u201cno es plaga ni invasi\u00f3n de insectos en algunos \u00e1rboles de R\u00edo Grande, es su ciclo natural\u201d, debido a que se recibieron algunas denuncias en la direcci\u00f3n de Desarrollo Agropecuario sobre esta situaci\u00f3n.<\/p>\n<p>&nbsp;<\/p>\n<p>Carlos Valent\u00edn Samaniego Casta\u00f1eda, titular de este departamento, indic\u00f3 que \u201catendimos las denuncias de la ciudadan\u00eda, quienes manifestaron la invasi\u00f3n de insectos en algunos \u00e1rboles, pero es un ciclo natural de la vida de esta especie, no hay de que alarmarse\u201d.<\/p>\n<p>&nbsp;<\/p>\n<p>Tras realizar las investigaciones pertinentes tanto en el Instituto de Ecolog\u00eda y Medio Ambiente de R\u00edo Grande (IMEMARG), as\u00ed como las visitas de campo y toma de muestras, el funcionario inform\u00f3 que \u201cel gusano tejedor de oto\u00f1o es una plaga nativa ampliamente distribuida de los \u00e1rboles de sombras y arbustos y aparecen desde finales del verano hasta el inicios del oto\u00f1o que no representan alg\u00fan riesgo para la humanidad, pues es su ciclo de vida que adem\u00e1s esta especie act\u00faa similar a la oruga porque termina en transformarse en las palomillas que vemos alrededor de las l\u00e1mparas de los postes, el gusano tejedor de oto\u00f1o construye su nido sobre el final de la rama de los \u00e1rboles\u201d.<\/p>\n<p>&nbsp;<\/p>\n<p>A\u00f1adi\u00f3 que \u201cesos largos tejidos visibles contienen orugas, hojas muertas parcialmente comidas y residuos fecales de gusanos que vivieron en \u00e9l, esta especie inverna como pupa en un capullo, las hembras usualmente depositan sus masas huevos debajo de la superficie de las hojas, las larvas incuban en aproximadamente 7 d\u00edas, estos inmediatamente comienzan a hilar peque\u00f1as redes sedosas sobre el follaje del cual se alimentan, las larvas maduran en alrededor de 6 semanas, estas dejan el tejido y pupan por encima del suelo o dentro, pueden haber una a dos generaciones cada a\u00f1o\u201d.<\/p>\n<p>&nbsp;<\/p>\n<p>Samaniego Casta\u00f1eda, subray\u00f3 que \u201cLa etapa de larva consume las hojas dentro de la protecci\u00f3n de un tejido como una carpa que agrandan mientras las larvas requieren comida adicional y crecen, pueden desfoliar un \u00e1rbol ocasionalmente pero raramente lo mata, en \u00e1rboles de sombra, estos tejidos usualmente ocurren en ramas ocasionales es muy dif\u00edcil que da\u00f1en el \u00e1rbol que por lo general prefieren el \u00e1lamo\u201d<\/p>\n<p>&nbsp;<\/p>\n<p>\u201cEn realidad no hay porque alarmarse, pues con anterioridad se hablaba de que estos \u00e1rboles estaban plagados con ara\u00f1as, hemos ido a cerciorarnos y nos encontramos con la naturaleza del gusano tejedor de oto\u00f1o que adem\u00e1s habita en 2 de cada 50 \u00e1rboles lo cual no representa riesgos para la poblaci\u00f3n, claro, sin dejar de seguir las recomendaciones pertinentes, la primera recomendaci\u00f3n y la m\u00e1s importantes es no molestarlos, no para que no se reproduzcan sino para evitar alg\u00fan acercamiento\u201d<\/p>\n<p>&nbsp;<\/p>\n<p>\u201cEn seguida recomendar a la poblaci\u00f3n que tengan presencia de estos insectos en sus hogares o en \u00e1rboles de la calle, pueden rociar agua mezclada con detergente de polvo o con limpiador l\u00edquido, pues estos insectos no resisten la alcalinidad de estos qu\u00edmicos, en casos muy extremos pueden utilizar insecticidas para jard\u00edn, pues algunos se arrastran y otros muerden la superficie lo que traer\u00e1 como consecuencia su exterminio\u201d, finaliz\u00f3.<\/p>\n","protected":false},"excerpt":{"rendered":"<p>Samaniego Casta\u00f1eda, subray\u00f3 que \u201cLa etapa de larva consume las hojas dentro de la protecci\u00f3n de un tejido como una carpa que agrandan mientras las larvas requieren comida adicional y crecen &#8230;<\/p>\n","protected":false},"author":1,"featured_media":1460,"comment_status":"closed","ping_status":"closed","sticky":false,"template":"","format":"standard","meta":{"_monsterinsights_skip_tracking":false,"_monsterinsights_sitenote_active":false,"_monsterinsights_sitenote_note":"","_monsterinsights_sitenote_category":0,"footnotes":""},"categories":[5],"tags":[12,18],"class_list":["post-1459","post","type-post","status-publish","format-standard","has-post-thumbnail","hentry","category-destacados","tag-comunicacion-social","tag-gobierno-municipal-rio-grande"],"jetpack_featured_media_url":"https:\/\/riograndezac.gob.mx\/informatica\/wp-content\/uploads\/2015\/09\/Gusano.png","_links":{"self":[{"href":"https:\/\/riograndezac.gob.mx\/informatica\/index.php?rest_route=\/wp\/v2\/posts\/1459","targetHints":{"allow":["GET"]}}],"collection":[{"href":"https:\/\/riograndezac.gob.mx\/informatica\/index.php?rest_route=\/wp\/v2\/posts"}],"about":[{"href":"https:\/\/riograndezac.gob.mx\/informatica\/index.php?rest_route=\/wp\/v2\/types\/post"}],"author":[{"embeddable":true,"href":"https:\/\/riograndezac.gob.mx\/informatica\/index.php?rest_route=\/wp\/v2\/users\/1"}],"replies":[{"embeddable":true,"href":"https:\/\/riograndezac.gob.mx\/informatica\/index.php?rest_route=%2Fwp%2Fv2%2Fcomments&post=1459"}],"version-history":[{"count":1,"href":"https:\/\/riograndezac.gob.mx\/informatica\/index.php?rest_route=\/wp\/v2\/posts\/1459\/revisions"}],"predecessor-version":[{"id":1461,"href":"https:\/\/riograndezac.gob.mx\/informatica\/index.php?rest_route=\/wp\/v2\/posts\/1459\/revisions\/1461"}],"wp:featuredmedia":[{"embeddable":true,"href":"https:\/\/riograndezac.gob.mx\/informatica\/index.php?rest_route=\/wp\/v2\/media\/1460"}],"wp:attachment":[{"href":"https:\/\/riograndezac.gob.mx\/informatica\/index.php?rest_route=%2Fwp%2Fv2%2Fmedia&parent=1459"}],"wp:term":[{"taxonomy":"category","embeddable":true,"href":"https:\/\/riograndezac.gob.mx\/informatica\/index.php?rest_route=%2Fwp%2Fv2%2Fcategories&post=1459"},{"taxonomy":"post_tag","embeddable":true,"href":"https:\/\/riograndezac.gob.mx\/informatica\/index.php?rest_route=%2Fwp%2Fv2%2Ftags&post=1459"}],"curies":[{"name":"wp","href":"https:\/\/api.w.org\/{rel}","templated":true}]}}