{"id":1462,"date":"2015-09-30T18:34:05","date_gmt":"2015-09-30T18:34:05","guid":{"rendered":"http:\/\/riograndezac.gob.mx\/informatica\/?p=1462"},"modified":"2015-09-30T18:34:05","modified_gmt":"2015-09-30T18:34:05","slug":"miembros-de-la-vieja-guardia-agrarista-de-rio-grande-conmemoraron-el-aniversario-del-natalicio-del-zapata-de-zacatecas-don-alfonso-medina-castaneda","status":"publish","type":"post","link":"https:\/\/riograndezac.gob.mx\/informatica\/?p=1462","title":{"rendered":"Miembros de la Vieja Guardia Agrarista de R\u00edo Grande, conmemoraron el aniversario del natalicio del \u201cZapata de Zacatecas\u201d, don Alfonso Medina Casta\u00f1eda"},"content":{"rendered":"<p><a href=\"https:\/\/riograndezac.gob.mx\/informatica\/wp-content\/uploads\/2015\/09\/Natalicio1.png\"><img loading=\"lazy\" decoding=\"async\" class=\"aligncenter size-full wp-image-1463\" src=\"https:\/\/riograndezac.gob.mx\/informatica\/wp-content\/uploads\/2015\/09\/Natalicio1.png\" alt=\"Natalicio1\" width=\"901\" height=\"635\" srcset=\"https:\/\/riograndezac.gob.mx\/informatica\/wp-content\/uploads\/2015\/09\/Natalicio1.png 901w, https:\/\/riograndezac.gob.mx\/informatica\/wp-content\/uploads\/2015\/09\/Natalicio1-300x211.png 300w, https:\/\/riograndezac.gob.mx\/informatica\/wp-content\/uploads\/2015\/09\/Natalicio1-24x17.png 24w, https:\/\/riograndezac.gob.mx\/informatica\/wp-content\/uploads\/2015\/09\/Natalicio1-36x25.png 36w, https:\/\/riograndezac.gob.mx\/informatica\/wp-content\/uploads\/2015\/09\/Natalicio1-48x34.png 48w\" sizes=\"auto, (max-width: 901px) 100vw, 901px\" \/><\/a><\/p>\n<p>Miembros de la Vieja Guardia Agrarista de R\u00edo Grande, conmemoraron el aniversario del natalicio del \u201cZapata de Zacatecas\u201d, don Alfonso Medina Casta\u00f1eda, por lo que integrantes de los diferentes ejidos correspondientes al municipio, as\u00ed como el gobierno municipal encabezado por Constantino Casta\u00f1eda Mu\u00f1oz, montaron guardias de honor sobre el busto del l\u00edder agrarista.<\/p>\n<p>&nbsp;<\/p>\n<p>Teniendo como recinto oficial, el \u00edcono de la Plaza Principal de R\u00edo Grande, la ciudadan\u00eda, acudi\u00f3 para recordar que Alfonso Medina Casta\u00f1eda, naci\u00f3 en R\u00edo Grande el 27 de septiembre de 1891 y falleci\u00f3 43 a\u00f1os despu\u00e9s el 24 de diciembre de 1934, su muerte fue a consecuencia de un atentado pol\u00edtico que sufri\u00f3 en su negocio.<\/p>\n<p>&nbsp;<\/p>\n<p>En este evento, en representaci\u00f3n del primer mandatario Constantino Casta\u00f1eda Mu\u00f1oz, acudi\u00f3 el regidor Gilberto Garc\u00eda Emiliano, quien record\u00f3 que Don Alfonso Despu\u00e9s de concluir los estudios de preparatoria, ingres\u00f3 a la Escuela Superior de Comercio donde curs\u00f3 la carrera de contador, esto le permiti\u00f3 integrarse a la Secretar\u00eda de Guerra y Marina como contador, a su regreso a Zacatecas en 1917 regres\u00f3 a Zacatecas, entonces se dedic\u00f3 a la organizaci\u00f3n de obreros y campesinos en R\u00edo Grande.<\/p>\n<p>&nbsp;<\/p>\n<p>En 1919 fue electo diputado local, intervino en la legislatura que el gobernador Enrique Estrada desconoci\u00f3, porque se uni\u00f3 a la revuelta que hizo declinar del poder al presidente Venustiano Carranza, dos a\u00f1os despu\u00e9s lo designaron secretario de Agricultura de la Confederaci\u00f3n Regional de Obreros de M\u00e9xico.<\/p>\n<p>&nbsp;<\/p>\n<p>En 1923 volvi\u00f3 al Congreso local, pero el cargo no lo desempe\u00f1\u00f3 por combatir otra asonada, para 1926, ocup\u00f3 la Secretar\u00eda General de la Confederaci\u00f3n Sindicalista del Estado, su participaci\u00f3n relevante ocurri\u00f3 en 1928, entonces la Confederaci\u00f3n Sindicalista de Obreros y Campesinos (CROM) y el Partido Laborista Mexicano lo postularon como candidato a gobernador, gan\u00f3 en los comicios y tom\u00f3 posesi\u00f3n del cargo el 16 de septiembre de 1928.<\/p>\n<p>&nbsp;<\/p>\n<p>Destaca que en su gesti\u00f3n estableci\u00f3 una Escuela Normal en R\u00edo Grande, \u00e9sta es el antecedente de la Escuela Rural General Mat\u00edas Ramos, de Loreto, era el tiempo de los agraristas, el reconocimiento que le hicieron los grupos pol\u00edticos fue por el impulso y organizaci\u00f3n de las comunidades agrarias, ejidos y colonias de peque\u00f1os agricultores.<\/p>\n<p>&nbsp;<\/p>\n<p>El gobernador Alfonso Medina fue separado del cargo por la Legislatura local en mayo de 1929, ocurri\u00f3 entonces el primer juicio pol\u00edtico en el siglo XX, lo acusaron de intervenir en el municipio de Zacatecas y de no realizar el pago a las defensas sociales que combat\u00edan a los cristeros, sin embargo, la causa real fue que desobedeci\u00f3 las \u00f3rdenes del general Plutarco El\u00edas Calles, en el sentido de apoyar la formaci\u00f3n del Partido Nacional Revolucionario.<\/p>\n<p>&nbsp;<\/p>\n<p>&nbsp;<\/p>\n<p>&nbsp;<\/p>\n<p>&nbsp;<\/p>\n<p>En la actualidad sus restos se encuentran depositados en el Mausoleo de los Hombres Ilustres del Cerro de la Bufa, en la ciudad capital del Estado, es por eso que un grupo de agraristas de la vieja guardia se reunieron la ma\u00f1ana de este domingo a montar guardias, y al finalizar su emotivo acto entonaron el corrido del agrarista.<\/p>\n<p>&nbsp;<\/p>\n","protected":false},"excerpt":{"rendered":"<p>En la actualidad sus restos se encuentran depositados en el Mausoleo de los Hombres Ilustres del Cerro de la Bufa, en la ciudad capital del Estado<\/p>\n","protected":false},"author":1,"featured_media":1463,"comment_status":"closed","ping_status":"closed","sticky":false,"template":"","format":"standard","meta":{"_monsterinsights_skip_tracking":false,"_monsterinsights_sitenote_active":false,"_monsterinsights_sitenote_note":"","_monsterinsights_sitenote_category":0,"footnotes":""},"categories":[4],"tags":[12,15],"class_list":["post-1462","post","type-post","status-publish","format-standard","has-post-thumbnail","hentry","category-boletines","tag-comunicacion-social","tag-gobierno-municipal"],"jetpack_featured_media_url":"https:\/\/riograndezac.gob.mx\/informatica\/wp-content\/uploads\/2015\/09\/Natalicio1.png","_links":{"self":[{"href":"https:\/\/riograndezac.gob.mx\/informatica\/index.php?rest_route=\/wp\/v2\/posts\/1462","targetHints":{"allow":["GET"]}}],"collection":[{"href":"https:\/\/riograndezac.gob.mx\/informatica\/index.php?rest_route=\/wp\/v2\/posts"}],"about":[{"href":"https:\/\/riograndezac.gob.mx\/informatica\/index.php?rest_route=\/wp\/v2\/types\/post"}],"author":[{"embeddable":true,"href":"https:\/\/riograndezac.gob.mx\/informatica\/index.php?rest_route=\/wp\/v2\/users\/1"}],"replies":[{"embeddable":true,"href":"https:\/\/riograndezac.gob.mx\/informatica\/index.php?rest_route=%2Fwp%2Fv2%2Fcomments&post=1462"}],"version-history":[{"count":1,"href":"https:\/\/riograndezac.gob.mx\/informatica\/index.php?rest_route=\/wp\/v2\/posts\/1462\/revisions"}],"predecessor-version":[{"id":1464,"href":"https:\/\/riograndezac.gob.mx\/informatica\/index.php?rest_route=\/wp\/v2\/posts\/1462\/revisions\/1464"}],"wp:featuredmedia":[{"embeddable":true,"href":"https:\/\/riograndezac.gob.mx\/informatica\/index.php?rest_route=\/wp\/v2\/media\/1463"}],"wp:attachment":[{"href":"https:\/\/riograndezac.gob.mx\/informatica\/index.php?rest_route=%2Fwp%2Fv2%2Fmedia&parent=1462"}],"wp:term":[{"taxonomy":"category","embeddable":true,"href":"https:\/\/riograndezac.gob.mx\/informatica\/index.php?rest_route=%2Fwp%2Fv2%2Fcategories&post=1462"},{"taxonomy":"post_tag","embeddable":true,"href":"https:\/\/riograndezac.gob.mx\/informatica\/index.php?rest_route=%2Fwp%2Fv2%2Ftags&post=1462"}],"curies":[{"name":"wp","href":"https:\/\/api.w.org\/{rel}","templated":true}]}}