{"id":1466,"date":"2015-10-06T14:33:29","date_gmt":"2015-10-06T14:33:29","guid":{"rendered":"http:\/\/riograndezac.gob.mx\/informatica\/?p=1466"},"modified":"2015-10-06T14:33:29","modified_gmt":"2015-10-06T14:33:29","slug":"rio-grande-sera-sede-del-programa-de-capacitacion-para-la-construccion-del-liderazgo-politico-de-las-mujeres-en-los-municipios-de-la-identidad","status":"publish","type":"post","link":"https:\/\/riograndezac.gob.mx\/informatica\/?p=1466","title":{"rendered":"\u201cR\u00edo Grande, ser\u00e1 sede del \u201cPrograma de Capacitaci\u00f3n para la construcci\u00f3n del Liderazgo Pol\u00edtico de las mujeres en los municipios de la Identidad\u201d"},"content":{"rendered":"<p><a href=\"https:\/\/riograndezac.gob.mx\/informatica\/wp-content\/uploads\/2015\/10\/IMG_7207.jpg\"><img loading=\"lazy\" decoding=\"async\" class=\"aligncenter size-full wp-image-1467\" src=\"https:\/\/riograndezac.gob.mx\/informatica\/wp-content\/uploads\/2015\/10\/IMG_7207.jpg\" alt=\"IMG_7207\" width=\"700\" height=\"1050\" srcset=\"https:\/\/riograndezac.gob.mx\/informatica\/wp-content\/uploads\/2015\/10\/IMG_7207.jpg 700w, https:\/\/riograndezac.gob.mx\/informatica\/wp-content\/uploads\/2015\/10\/IMG_7207-200x300.jpg 200w, https:\/\/riograndezac.gob.mx\/informatica\/wp-content\/uploads\/2015\/10\/IMG_7207-683x1024.jpg 683w, https:\/\/riograndezac.gob.mx\/informatica\/wp-content\/uploads\/2015\/10\/IMG_7207-16x24.jpg 16w, https:\/\/riograndezac.gob.mx\/informatica\/wp-content\/uploads\/2015\/10\/IMG_7207-24x36.jpg 24w, https:\/\/riograndezac.gob.mx\/informatica\/wp-content\/uploads\/2015\/10\/IMG_7207-32x48.jpg 32w\" sizes=\"auto, (max-width: 700px) 100vw, 700px\" \/><\/a><\/p>\n<p>&nbsp;<\/p>\n<p>\u201cR\u00edo Grande, ser\u00e1 sede del \u201cPrograma de Capacitaci\u00f3n para la construcci\u00f3n del Liderazgo Pol\u00edtico de las mujeres en los municipios de la Identidad\u201d impartido por el Instituto Zacatecano del Estado de Zacatecas (IEEZ), el pr\u00f3ximo lunes 12 y martes 13 de octubre, en la Casa de la Cultura \u201cLu\u00eds Cerrillo C\u00e1zares\u201d, en punto de las 10 de la ma\u00f1ana\u201d, inform\u00f3 la representante legal del municipio, Ana Marianela Hern\u00e1ndez Pe\u00f1a.<\/p>\n<p>&nbsp;<\/p>\n<p>La S\u00edndico Municipal, explic\u00f3 que \u201cel IEEZ, invit\u00f3 al Gobierno Municipal que encabeza nuestro presidente Constantino Casta\u00f1eda Mu\u00f1oz, para que como en todo el estado, se diera este curso de dos d\u00edas, cuyo objetivo es incentivar la participaci\u00f3n social y pol\u00edtica de las mujeres a trav\u00e9s del ejercicio de la plena ciudadan\u00eda, por lo que el alcalde no dud\u00f3 en apoyar este curso, puesto que es de gran importancia y relevancia\u201d.<\/p>\n<p>&nbsp;<\/p>\n<p>Hern\u00e1ndez Pe\u00f1a, se\u00f1al\u00f3 que la capacitaci\u00f3n est\u00e1 dirigida a mujeres que deseen iniciarse en el liderazgo social y pol\u00edtico, siempre y cuando tengan 18 a\u00f1os que radiquen en el municipio, mujeres de las organizaciones de la sociedad civil, as\u00ed como aquellas militantes de los partidos pol\u00edticos en los municipios.<\/p>\n<p>&nbsp;<\/p>\n<p>Extern\u00f3 que se abordar\u00e1n los temas de \u201cEjercicio de la ciudadan\u00eda y derechos pol\u00edticos de las zacatecanas\u201d y \u201cLiderazgo y empoderamiento social y pol\u00edtico de las mujeres\u201d.<\/p>\n<p>&nbsp;<\/p>\n<p>La representante legal del municipio, mencion\u00f3 que las participantes, deber\u00e1n de acudir a las oficinas de la sindicatura, ubicadas en la planta alta de la alcald\u00eda, en donde se realizar\u00e1 el registro, puesto que se enviar\u00e1 al IEEZ la lista.<\/p>\n<p>&nbsp;<\/p>\n<p>Indic\u00f3 que este evento, adem\u00e1s de la coordinaci\u00f3n que se tiene con el IEEZ, se tiene el trabajo de la mano con la comisi\u00f3n de equidad entre los g\u00e9neros, el Instituto Municipal de la Mujer, el DIF municipal, el propio presidente municipal y la s\u00edndico.<\/p>\n<p>&nbsp;<\/p>\n","protected":false},"excerpt":{"rendered":"<p>La S\u00edndico Municipal, explic\u00f3 que \u201cel IEEZ, invit\u00f3 al Gobierno Municipal que encabeza nuestro presidente Constantino Casta\u00f1eda Mu\u00f1oz, para que como en todo el estado, se diera este curso de dos d\u00edas<\/p>\n","protected":false},"author":1,"featured_media":1467,"comment_status":"closed","ping_status":"closed","sticky":false,"template":"","format":"standard","meta":{"_monsterinsights_skip_tracking":false,"_monsterinsights_sitenote_active":false,"_monsterinsights_sitenote_note":"","_monsterinsights_sitenote_category":0,"footnotes":""},"categories":[4],"tags":[12,18],"class_list":["post-1466","post","type-post","status-publish","format-standard","has-post-thumbnail","hentry","category-boletines","tag-comunicacion-social","tag-gobierno-municipal-rio-grande"],"jetpack_featured_media_url":"https:\/\/riograndezac.gob.mx\/informatica\/wp-content\/uploads\/2015\/10\/IMG_7207.jpg","_links":{"self":[{"href":"https:\/\/riograndezac.gob.mx\/informatica\/index.php?rest_route=\/wp\/v2\/posts\/1466","targetHints":{"allow":["GET"]}}],"collection":[{"href":"https:\/\/riograndezac.gob.mx\/informatica\/index.php?rest_route=\/wp\/v2\/posts"}],"about":[{"href":"https:\/\/riograndezac.gob.mx\/informatica\/index.php?rest_route=\/wp\/v2\/types\/post"}],"author":[{"embeddable":true,"href":"https:\/\/riograndezac.gob.mx\/informatica\/index.php?rest_route=\/wp\/v2\/users\/1"}],"replies":[{"embeddable":true,"href":"https:\/\/riograndezac.gob.mx\/informatica\/index.php?rest_route=%2Fwp%2Fv2%2Fcomments&post=1466"}],"version-history":[{"count":1,"href":"https:\/\/riograndezac.gob.mx\/informatica\/index.php?rest_route=\/wp\/v2\/posts\/1466\/revisions"}],"predecessor-version":[{"id":1468,"href":"https:\/\/riograndezac.gob.mx\/informatica\/index.php?rest_route=\/wp\/v2\/posts\/1466\/revisions\/1468"}],"wp:featuredmedia":[{"embeddable":true,"href":"https:\/\/riograndezac.gob.mx\/informatica\/index.php?rest_route=\/wp\/v2\/media\/1467"}],"wp:attachment":[{"href":"https:\/\/riograndezac.gob.mx\/informatica\/index.php?rest_route=%2Fwp%2Fv2%2Fmedia&parent=1466"}],"wp:term":[{"taxonomy":"category","embeddable":true,"href":"https:\/\/riograndezac.gob.mx\/informatica\/index.php?rest_route=%2Fwp%2Fv2%2Fcategories&post=1466"},{"taxonomy":"post_tag","embeddable":true,"href":"https:\/\/riograndezac.gob.mx\/informatica\/index.php?rest_route=%2Fwp%2Fv2%2Ftags&post=1466"}],"curies":[{"name":"wp","href":"https:\/\/api.w.org\/{rel}","templated":true}]}}