{"id":1482,"date":"2015-10-07T19:30:31","date_gmt":"2015-10-07T19:30:31","guid":{"rendered":"http:\/\/riograndezac.gob.mx\/informatica\/?p=1482"},"modified":"2015-10-16T15:15:37","modified_gmt":"2015-10-16T15:15:37","slug":"constantino-castaneda-munoz-alcalde-de-rio-grande-a-traves-del-instituto-municipal-de-la-juventud-invitan-a-los-jovenes-estudiantes-que-viajan-a-la-capital-zacatecana-a-recibir-sus-estudios-a-trami","status":"publish","type":"post","link":"https:\/\/riograndezac.gob.mx\/informatica\/?p=1482","title":{"rendered":"Constantino Casta\u00f1eda Mu\u00f1oz, alcalde de R\u00edo Grande, a trav\u00e9s del Instituto municipal de la Juventud invitan a los j\u00f3venes estudiantes que viajan a la capital zacatecana a recibir sus estudios, a tramitar una beca de transporte."},"content":{"rendered":"<p><a href=\"https:\/\/riograndezac.gob.mx\/informatica\/wp-content\/uploads\/2015\/10\/beca-.png\"><img loading=\"lazy\" decoding=\"async\" class=\"aligncenter size-full wp-image-1483\" src=\"https:\/\/riograndezac.gob.mx\/informatica\/wp-content\/uploads\/2015\/10\/beca-.png\" alt=\"beca\" width=\"800\" height=\"736\" srcset=\"https:\/\/riograndezac.gob.mx\/informatica\/wp-content\/uploads\/2015\/10\/beca-.png 800w, https:\/\/riograndezac.gob.mx\/informatica\/wp-content\/uploads\/2015\/10\/beca--300x276.png 300w, https:\/\/riograndezac.gob.mx\/informatica\/wp-content\/uploads\/2015\/10\/beca--24x22.png 24w, https:\/\/riograndezac.gob.mx\/informatica\/wp-content\/uploads\/2015\/10\/beca--36x33.png 36w, https:\/\/riograndezac.gob.mx\/informatica\/wp-content\/uploads\/2015\/10\/beca--48x44.png 48w\" sizes=\"auto, (max-width: 800px) 100vw, 800px\" \/><\/a><\/p>\n<p>&nbsp;<\/p>\n<p>&nbsp;<\/p>\n<p>\u00c1ngeles Galaviz Medrano, titular del IMJUVE, inform\u00f3 que \u201cesta actividad es gracias al respaldo del presidente Constantino Casta\u00f1eda, pues tiene el inter\u00e9s de fomentar en nuestros j\u00f3venes la inquietud y el deseo de salir adelante en sus carreras profesionales, dado que este sector se ha visto beneficiado al crear en la capital la casa del estudiante en la que ya habitan j\u00f3venes riograndenses\u201d.<\/p>\n<p>&nbsp;<\/p>\n<p>\u201cAhora como parte de las actividades del Instituto Municipal de la Juventud tenemos la instrucci\u00f3n del presidente Constantino Casta\u00f1eda, de abrir una convocatoria en la que se vean impulsadas las actividades estudiantiles, dirigida a las y los j\u00f3venes de nuestro municipio que est\u00e9n inscritos en el nivel superior o posgrado en alguna instituci\u00f3n educativa en la capital del estado\u201d, a\u00f1adi\u00f3.<\/p>\n<p>&nbsp;<\/p>\n<p>\u201cEsta convocatoria es para hacerse acreedor a una beca de transporte, para lo cual deber\u00e1n presentar a las oficinas del IMJUVE una solicitud dirigida al presidente Constantino Casta\u00f1eda, acompa\u00f1ada de una copia fotost\u00e1tica de la CURP, credencial de elector del INE, comprobante de domicilio no mayor a 3 meses, comprobante de estudios puede ser el kardex actual, 2 fotograf\u00edas tama\u00f1o infantil recientes, y llenar un formato de estudio socioecon\u00f3mico que se entregar\u00e1 en las oficinas del IMJUVE\u201d, inform\u00f3.<\/p>\n<p>&nbsp;<\/p>\n<p>Finaliz\u00f3 enfatizando que \u201ca partir de esta publicaci\u00f3n inicia el periodo de recepci\u00f3n, y el \u00faltimo d\u00eda para recibir la documentaci\u00f3n ser\u00e1 el pr\u00f3ximo viernes 16 de octubre, pues consideramos el cupo para 40 becas, as\u00ed que a todos los padres de familia y a estudiantes en general la invitaci\u00f3n que a la brevedad pasen a estas oficinas en el interior de la casa de la cultura \u201cLuis Cerrillo Cazares\u201d en la calle Allende\u201d.<\/p>\n","protected":false},"excerpt":{"rendered":"<p>\u201cEsta convocatoria es para hacerse acreedor a una beca de transporte, para lo cual deber\u00e1n presentar a las oficinas del IMJUVE una solicitud dirigida al presidente Constantino Casta\u00f1eda &#8230;<\/p>\n","protected":false},"author":1,"featured_media":1483,"comment_status":"closed","ping_status":"closed","sticky":false,"template":"","format":"standard","meta":{"_monsterinsights_skip_tracking":false,"_monsterinsights_sitenote_active":false,"_monsterinsights_sitenote_note":"","_monsterinsights_sitenote_category":0,"footnotes":""},"categories":[5],"tags":[12,18],"class_list":["post-1482","post","type-post","status-publish","format-standard","has-post-thumbnail","hentry","category-destacados","tag-comunicacion-social","tag-gobierno-municipal-rio-grande"],"jetpack_featured_media_url":"https:\/\/riograndezac.gob.mx\/informatica\/wp-content\/uploads\/2015\/10\/beca-.png","_links":{"self":[{"href":"https:\/\/riograndezac.gob.mx\/informatica\/index.php?rest_route=\/wp\/v2\/posts\/1482","targetHints":{"allow":["GET"]}}],"collection":[{"href":"https:\/\/riograndezac.gob.mx\/informatica\/index.php?rest_route=\/wp\/v2\/posts"}],"about":[{"href":"https:\/\/riograndezac.gob.mx\/informatica\/index.php?rest_route=\/wp\/v2\/types\/post"}],"author":[{"embeddable":true,"href":"https:\/\/riograndezac.gob.mx\/informatica\/index.php?rest_route=\/wp\/v2\/users\/1"}],"replies":[{"embeddable":true,"href":"https:\/\/riograndezac.gob.mx\/informatica\/index.php?rest_route=%2Fwp%2Fv2%2Fcomments&post=1482"}],"version-history":[{"count":1,"href":"https:\/\/riograndezac.gob.mx\/informatica\/index.php?rest_route=\/wp\/v2\/posts\/1482\/revisions"}],"predecessor-version":[{"id":1484,"href":"https:\/\/riograndezac.gob.mx\/informatica\/index.php?rest_route=\/wp\/v2\/posts\/1482\/revisions\/1484"}],"wp:featuredmedia":[{"embeddable":true,"href":"https:\/\/riograndezac.gob.mx\/informatica\/index.php?rest_route=\/wp\/v2\/media\/1483"}],"wp:attachment":[{"href":"https:\/\/riograndezac.gob.mx\/informatica\/index.php?rest_route=%2Fwp%2Fv2%2Fmedia&parent=1482"}],"wp:term":[{"taxonomy":"category","embeddable":true,"href":"https:\/\/riograndezac.gob.mx\/informatica\/index.php?rest_route=%2Fwp%2Fv2%2Fcategories&post=1482"},{"taxonomy":"post_tag","embeddable":true,"href":"https:\/\/riograndezac.gob.mx\/informatica\/index.php?rest_route=%2Fwp%2Fv2%2Ftags&post=1482"}],"curies":[{"name":"wp","href":"https:\/\/api.w.org\/{rel}","templated":true}]}}