{"id":1494,"date":"2015-10-09T14:46:50","date_gmt":"2015-10-09T14:46:50","guid":{"rendered":"http:\/\/riograndezac.gob.mx\/informatica\/?p=1494"},"modified":"2015-10-16T15:37:58","modified_gmt":"2015-10-16T15:37:58","slug":"tercera-semana-nacional-de-vacunacion-comprendida-del-12-al-16-de-octubre","status":"publish","type":"post","link":"https:\/\/riograndezac.gob.mx\/informatica\/?p=1494","title":{"rendered":"Tercera semana nacional de vacunaci\u00f3n comprendida del 12 al 16 de octubre."},"content":{"rendered":"<p><a href=\"https:\/\/riograndezac.gob.mx\/informatica\/wp-content\/uploads\/2015\/10\/Reunion-salud1.png\"><img loading=\"lazy\" decoding=\"async\" class=\"aligncenter size-full wp-image-1496\" src=\"https:\/\/riograndezac.gob.mx\/informatica\/wp-content\/uploads\/2015\/10\/Reunion-salud1.png\" alt=\"Reunion salud\" width=\"800\" height=\"403\" srcset=\"https:\/\/riograndezac.gob.mx\/informatica\/wp-content\/uploads\/2015\/10\/Reunion-salud1.png 800w, https:\/\/riograndezac.gob.mx\/informatica\/wp-content\/uploads\/2015\/10\/Reunion-salud1-300x151.png 300w, https:\/\/riograndezac.gob.mx\/informatica\/wp-content\/uploads\/2015\/10\/Reunion-salud1-24x12.png 24w, https:\/\/riograndezac.gob.mx\/informatica\/wp-content\/uploads\/2015\/10\/Reunion-salud1-36x18.png 36w, https:\/\/riograndezac.gob.mx\/informatica\/wp-content\/uploads\/2015\/10\/Reunion-salud1-48x24.png 48w\" sizes=\"auto, (max-width: 800px) 100vw, 800px\" \/><\/a><\/p>\n<p>El gobierno municipal de R\u00edo Grande encabezado por Constantino Casta\u00f1eda Mu\u00f1oz, en coordinaci\u00f3n con los Servicios de Salud del Estado de Zacatecas, preparan la tercera semana nacional de vacunaci\u00f3n comprendida del 12 al 16 de octubre.<\/p>\n<p>&nbsp;<\/p>\n<p>En representaci\u00f3n del presidente municipal Constantino Casta\u00f1eda Mu\u00f1oz el secretario general de gobierno Felipe de Jes\u00fas Badillo Ram\u00edrez les dio la bienvenida por lo que en su mensaje, se\u00f1al\u00f3 que \u201ces importante trabajar en equipo, y m\u00e1s a\u00fan si de salud se trata, ese inter\u00e9s habremos de aplicarlo en los trabajos que se realizaran en la semana y cumplir as\u00ed con los objetivos, la prevenci\u00f3n de salud es fundamental, as\u00ed que es importante que todos pongamos atenci\u00f3n para obtener buenos resultados con la ciudadan\u00eda\u201d.<\/p>\n<p>&nbsp;<\/p>\n<p>Durante su intervenci\u00f3n el director general del Centro de Salud, en R\u00edo Grande Adri\u00e1n Ram\u00edrez Avi\u00f1a mencion\u00f3 \u201ces importante que todos los que estamos involucrados sobre todo nosotros que estamos al pendiente de la salud y conocer lo que sucede, h\u00e1blese de la Secretaria de Salud, IMSS Prospera e ISSSTE, todos formamos parte del equipo y tener la misma idea acerca de las actividades que se realizan en las semanas nacionales de vacunaci\u00f3n\u201d.<\/p>\n<p>&nbsp;<\/p>\n<p>\u201cSon 3 semanas de salud durante todo el a\u00f1o, esta que es en el mes de octubre van m\u00e1s encaminadas con los menores de 5 a\u00f1os, de antemano agradecer el apoyo por parte de la Secretaria de Educaci\u00f3n pues esta campa\u00f1a se enfoca b\u00e1sicamente en las escuelas por lo general con los de nuevo ingreso del primer y segundo a\u00f1o y quinto y sexto, b\u00e1sicamente desde los 2 a\u00f1os hasta los 14\u201d, informaron.<\/p>\n<p>&nbsp;<\/p>\n<p>Por parte de las autoridades de salud y del municipio, enfatizaron en \u201cinvitar a los padres de familia de ni\u00f1os menores a los 6 a\u00f1os a que si no son visitados en las escuelas puedan pasar con toda confianza a las cl\u00ednicas y m\u00f3dulos, por otra parte en esta ocasi\u00f3n vamos a combatir el virus del papiloma humano dirigido a ni\u00f1as de 11 a\u00f1os, esta ser\u00e1 la primera dosis y posterior mente se le dar\u00e1 el seguimiento correspondiente para la 2 y 3 dosis, estas son de las acciones primordiales que se llevaran a cabo en esta pr\u00f3xima semana nacional de vacunaci\u00f3n\u201d.<\/p>\n<p>&nbsp;<\/p>\n<p>Durante la reuni\u00f3n se cont\u00f3 con la asistencia de la regidora Mar\u00eda Elena Gonz\u00e1lez Mart\u00ednez, presidenta de la comisi\u00f3n edilicia de salud, representantes de las diferentes \u00e1reas de la administraci\u00f3n entre ellas el Sistema Municipal para el Desarrollo Integral para la Familia, la Oficial\u00eda Mayor, Obras P\u00fablicas, y de la secretar\u00eda de educaci\u00f3n p\u00fablica Jes\u00fas Contreras, as\u00ed como el administrador del centro de salud Guillermo Gonz\u00e1lez, y los representantes de las instituciones de salud en el municipio.<\/p>\n","protected":false},"excerpt":{"rendered":"<p>Durante la reuni\u00f3n se cont\u00f3 con la asistencia de la regidora Mar\u00eda Elena Gonz\u00e1lez Mart\u00ednez, presidenta de la comisi\u00f3n edilicia de salud, representantes de las diferentes \u00e1reas de la administraci\u00f3n entre ellas el Sistema Municipal para el Desarrollo Integral para la Familia<\/p>\n","protected":false},"author":1,"featured_media":1495,"comment_status":"closed","ping_status":"closed","sticky":false,"template":"","format":"standard","meta":{"_monsterinsights_skip_tracking":false,"_monsterinsights_sitenote_active":false,"_monsterinsights_sitenote_note":"","_monsterinsights_sitenote_category":0,"footnotes":""},"categories":[5],"tags":[12,18],"class_list":["post-1494","post","type-post","status-publish","format-standard","has-post-thumbnail","hentry","category-destacados","tag-comunicacion-social","tag-gobierno-municipal-rio-grande"],"jetpack_featured_media_url":"https:\/\/riograndezac.gob.mx\/informatica\/wp-content\/uploads\/2015\/10\/Reunion-salud.png","_links":{"self":[{"href":"https:\/\/riograndezac.gob.mx\/informatica\/index.php?rest_route=\/wp\/v2\/posts\/1494","targetHints":{"allow":["GET"]}}],"collection":[{"href":"https:\/\/riograndezac.gob.mx\/informatica\/index.php?rest_route=\/wp\/v2\/posts"}],"about":[{"href":"https:\/\/riograndezac.gob.mx\/informatica\/index.php?rest_route=\/wp\/v2\/types\/post"}],"author":[{"embeddable":true,"href":"https:\/\/riograndezac.gob.mx\/informatica\/index.php?rest_route=\/wp\/v2\/users\/1"}],"replies":[{"embeddable":true,"href":"https:\/\/riograndezac.gob.mx\/informatica\/index.php?rest_route=%2Fwp%2Fv2%2Fcomments&post=1494"}],"version-history":[{"count":1,"href":"https:\/\/riograndezac.gob.mx\/informatica\/index.php?rest_route=\/wp\/v2\/posts\/1494\/revisions"}],"predecessor-version":[{"id":1497,"href":"https:\/\/riograndezac.gob.mx\/informatica\/index.php?rest_route=\/wp\/v2\/posts\/1494\/revisions\/1497"}],"wp:featuredmedia":[{"embeddable":true,"href":"https:\/\/riograndezac.gob.mx\/informatica\/index.php?rest_route=\/wp\/v2\/media\/1495"}],"wp:attachment":[{"href":"https:\/\/riograndezac.gob.mx\/informatica\/index.php?rest_route=%2Fwp%2Fv2%2Fmedia&parent=1494"}],"wp:term":[{"taxonomy":"category","embeddable":true,"href":"https:\/\/riograndezac.gob.mx\/informatica\/index.php?rest_route=%2Fwp%2Fv2%2Fcategories&post=1494"},{"taxonomy":"post_tag","embeddable":true,"href":"https:\/\/riograndezac.gob.mx\/informatica\/index.php?rest_route=%2Fwp%2Fv2%2Ftags&post=1494"}],"curies":[{"name":"wp","href":"https:\/\/api.w.org\/{rel}","templated":true}]}}