{"id":1498,"date":"2015-10-09T14:50:08","date_gmt":"2015-10-09T14:50:08","guid":{"rendered":"http:\/\/riograndezac.gob.mx\/informatica\/?p=1498"},"modified":"2015-10-09T14:50:08","modified_gmt":"2015-10-09T14:50:08","slug":"coro-municipal","status":"publish","type":"post","link":"https:\/\/riograndezac.gob.mx\/informatica\/?p=1498","title":{"rendered":"\u201cCoro Municipal\u201d"},"content":{"rendered":"<p><a href=\"https:\/\/riograndezac.gob.mx\/informatica\/wp-content\/uploads\/2015\/10\/Coro1.png\"><img loading=\"lazy\" decoding=\"async\" class=\"aligncenter size-full wp-image-1500\" src=\"https:\/\/riograndezac.gob.mx\/informatica\/wp-content\/uploads\/2015\/10\/Coro1.png\" alt=\"Coro\" width=\"680\" height=\"881\" srcset=\"https:\/\/riograndezac.gob.mx\/informatica\/wp-content\/uploads\/2015\/10\/Coro1.png 680w, https:\/\/riograndezac.gob.mx\/informatica\/wp-content\/uploads\/2015\/10\/Coro1-232x300.png 232w, https:\/\/riograndezac.gob.mx\/informatica\/wp-content\/uploads\/2015\/10\/Coro1-19x24.png 19w, https:\/\/riograndezac.gob.mx\/informatica\/wp-content\/uploads\/2015\/10\/Coro1-28x36.png 28w, https:\/\/riograndezac.gob.mx\/informatica\/wp-content\/uploads\/2015\/10\/Coro1-37x48.png 37w\" sizes=\"auto, (max-width: 680px) 100vw, 680px\" \/><\/a><\/p>\n<p>El Gobierno Municipal de R\u00edo Grande encabezado por Constantino Casta\u00f1eda Mu\u00f1oz, a trav\u00e9s del Instituto de Cultura, invita a las y los riograndenses de 10 a 18 a\u00f1os, que les guste cantar, para que formen parte del \u201cCoro Municipal\u201d, para ofrecer conciertos en las Fiestas de Navidad.<\/p>\n<p>&nbsp;<\/p>\n<p>Jos\u00e9 Merced Zapata Zavala, titular del Instituto, se\u00f1al\u00f3 que las inscripciones se realizar\u00e1n en la Casa de la Cultura \u201cLu\u00eds Cerrillo C\u00e1zares\u201d, con horario de oficina de 8:30 de la ma\u00f1ana a 3:30 de la tarde, hasta el pr\u00f3ximo jueves 15 de octubre.<\/p>\n<p>&nbsp;<\/p>\n<p>A\u00f1adi\u00f3 que \u201clos primeros ensayos se llevar\u00e1n a cabo los jueves de las 5 a las 6 de la tarde, para luego, organizarse ya de manera interna entre las y los participantes, con la maestra de canto Mar\u00eda Luisa Somoza Ayala, quien formar\u00e1 el coro sin costo alguno para el municipio, sino como aportaci\u00f3n a la cultura riograndense\u201d.<\/p>\n<p>&nbsp;<\/p>\n<p>Zapata Zavala, indic\u00f3 que \u201cla intenci\u00f3n es que se fomente la disciplina de la m\u00fasica en R\u00edo Grande, aunque en el municipio por naturaleza existe mucho talento, sin embargo, hay quienes no encuentran a donde canalizar su \u00edmpetu en la m\u00fasica, por lo que exhorto a la poblaci\u00f3n que tenga la inquietud de formar parte de este importante proyecto, para que se acerque al Instituto Municipal de Cultura, se registre y participe\u201d.<\/p>\n<p>&nbsp;<\/p>\n<p>Agreg\u00f3 que \u201cbuscamos que se quede este coro conformado en el Instituto, de manera de que se contin\u00fae proyectando el talento de R\u00edo Grande, por ello nuestro inter\u00e9s de que se quede conformado y se presente en las fiestas navide\u00f1as, donde puedan ofrecer el concierto tradicional de esta \u00e9poca decembrina, en donde se re\u00fanen las familias para celebrarlas\u201d.<\/p>\n<p>&nbsp;<\/p>\n<p>Finaliz\u00f3 exhortando de nueva cuenta para que el sector infantil y juvenil de los 10 a los 18 a\u00f1os, se acerque y participe de esta emotiva actividad.<\/p>\n","protected":false},"excerpt":{"rendered":"<p>El Gobierno Municipal de R\u00edo Grande encabezado por Constantino Casta\u00f1eda Mu\u00f1oz, a trav\u00e9s del Instituto de Cultura, invita a las y los riograndenses de 10 a 18 a\u00f1os, que les guste cantar, para que formen parte del \u201cCoro Municipal\u201d, para ofrecer conciertos en las Fiestas de Navidad.<\/p>\n","protected":false},"author":1,"featured_media":1499,"comment_status":"closed","ping_status":"closed","sticky":false,"template":"","format":"standard","meta":{"_monsterinsights_skip_tracking":false,"_monsterinsights_sitenote_active":false,"_monsterinsights_sitenote_note":"","_monsterinsights_sitenote_category":0,"footnotes":""},"categories":[49],"tags":[12,18],"class_list":["post-1498","post","type-post","status-publish","format-standard","has-post-thumbnail","hentry","category-cultura","tag-comunicacion-social","tag-gobierno-municipal-rio-grande"],"jetpack_featured_media_url":"https:\/\/riograndezac.gob.mx\/informatica\/wp-content\/uploads\/2015\/10\/Coro.png","_links":{"self":[{"href":"https:\/\/riograndezac.gob.mx\/informatica\/index.php?rest_route=\/wp\/v2\/posts\/1498","targetHints":{"allow":["GET"]}}],"collection":[{"href":"https:\/\/riograndezac.gob.mx\/informatica\/index.php?rest_route=\/wp\/v2\/posts"}],"about":[{"href":"https:\/\/riograndezac.gob.mx\/informatica\/index.php?rest_route=\/wp\/v2\/types\/post"}],"author":[{"embeddable":true,"href":"https:\/\/riograndezac.gob.mx\/informatica\/index.php?rest_route=\/wp\/v2\/users\/1"}],"replies":[{"embeddable":true,"href":"https:\/\/riograndezac.gob.mx\/informatica\/index.php?rest_route=%2Fwp%2Fv2%2Fcomments&post=1498"}],"version-history":[{"count":1,"href":"https:\/\/riograndezac.gob.mx\/informatica\/index.php?rest_route=\/wp\/v2\/posts\/1498\/revisions"}],"predecessor-version":[{"id":1501,"href":"https:\/\/riograndezac.gob.mx\/informatica\/index.php?rest_route=\/wp\/v2\/posts\/1498\/revisions\/1501"}],"wp:featuredmedia":[{"embeddable":true,"href":"https:\/\/riograndezac.gob.mx\/informatica\/index.php?rest_route=\/wp\/v2\/media\/1499"}],"wp:attachment":[{"href":"https:\/\/riograndezac.gob.mx\/informatica\/index.php?rest_route=%2Fwp%2Fv2%2Fmedia&parent=1498"}],"wp:term":[{"taxonomy":"category","embeddable":true,"href":"https:\/\/riograndezac.gob.mx\/informatica\/index.php?rest_route=%2Fwp%2Fv2%2Fcategories&post=1498"},{"taxonomy":"post_tag","embeddable":true,"href":"https:\/\/riograndezac.gob.mx\/informatica\/index.php?rest_route=%2Fwp%2Fv2%2Ftags&post=1498"}],"curies":[{"name":"wp","href":"https:\/\/api.w.org\/{rel}","templated":true}]}}