{"id":1521,"date":"2015-10-12T16:27:58","date_gmt":"2015-10-12T16:27:58","guid":{"rendered":"http:\/\/riograndezac.gob.mx\/informatica\/?p=1521"},"modified":"2015-10-12T16:27:58","modified_gmt":"2015-10-12T16:27:58","slug":"impartira-el-gobierno-municipal-de-rio-grande-encabezado-por-constantino-castaneda-munoz-a-traves-del-centro-multidisciplinario-sumar-un-curso-denominado-lenguaje-de-senas-a-parti","status":"publish","type":"post","link":"https:\/\/riograndezac.gob.mx\/informatica\/?p=1521","title":{"rendered":"Impartir\u00e1 el Gobierno Municipal de R\u00edo Grande encabezado por Constantino Casta\u00f1eda Mu\u00f1oz, a trav\u00e9s del Centro Multidisciplinario SUMAR, un curso denominado \u201cLenguaje de se\u00f1as\u201d, a partir del 4 de noviembre."},"content":{"rendered":"<p><a href=\"https:\/\/riograndezac.gob.mx\/informatica\/wp-content\/uploads\/2015\/10\/alberto-sanchez.png\"><img loading=\"lazy\" decoding=\"async\" class=\"aligncenter size-medium wp-image-1522\" src=\"https:\/\/riograndezac.gob.mx\/informatica\/wp-content\/uploads\/2015\/10\/alberto-sanchez-300x293.png\" alt=\"alberto sanchez\" width=\"300\" height=\"293\" srcset=\"https:\/\/riograndezac.gob.mx\/informatica\/wp-content\/uploads\/2015\/10\/alberto-sanchez-300x293.png 300w, https:\/\/riograndezac.gob.mx\/informatica\/wp-content\/uploads\/2015\/10\/alberto-sanchez-24x24.png 24w, https:\/\/riograndezac.gob.mx\/informatica\/wp-content\/uploads\/2015\/10\/alberto-sanchez-36x36.png 36w, https:\/\/riograndezac.gob.mx\/informatica\/wp-content\/uploads\/2015\/10\/alberto-sanchez-48x48.png 48w, https:\/\/riograndezac.gob.mx\/informatica\/wp-content\/uploads\/2015\/10\/alberto-sanchez.png 877w\" sizes=\"auto, (max-width: 300px) 100vw, 300px\" \/><\/a><\/p>\n<p>&nbsp;<\/p>\n<p>Francisco Alberto S\u00e1nchez Z\u00fa\u00f1iga, director del Centro Multidisciplinario SUMAR, inform\u00f3 que se lanz\u00f3 la convocatoria para este Curso, el cual comenzar\u00e1 el mi\u00e9rcoles 4 de noviembre con un horario de 10 de la ma\u00f1ana a las 12 del d\u00eda, el cual va dirigido a personas con discapacidad auditiva y\/o con problemas de habla, as\u00ed como al p\u00fablico en general que est\u00e9 interesado en aprender dicho lenguaje.<\/p>\n<p>&nbsp;<\/p>\n<p>El funcionario, se\u00f1al\u00f3 que este curso, ser\u00e1 impartido por personal de la Secretar\u00eda de Desarrollo Social del Estado a trav\u00e9s de la subsecretar\u00eda de Inclusi\u00f3n, y ser\u00e1 para un cupo limitado de 30 personas.<\/p>\n<p>&nbsp;<\/p>\n<p>As\u00ed mismo, dijo que las inscripciones est\u00e1n abiertas a partir de este lunes pr\u00f3ximo y hasta agotar los espacios, por lo que deben de acudir de manera directa al Centro Multidisciplinario Sumar, ubicado en la calle Francisco I. Madero de la Colonia Urbana Vicente Guerrero, conocida como Sabanilla.<\/p>\n<p>&nbsp;<\/p>\n<p>S\u00e1nchez Z\u00fa\u00f1iga, dijo que este curso de lenguaje a se\u00f1as, es en apoyo para todas aquellas personas interesadas en aprender o reforzar la lengua de se\u00f1as, aprendiendo que cuenta con una gran variedad de vocabulario, organizado en categor\u00edas, para mejor atenci\u00f3n a este sector vulnerable de la poblaci\u00f3n.<\/p>\n<p>&nbsp;<\/p>\n<p>Extern\u00f3 que \u201cel tener una discapacidad no es obst\u00e1culo para realizar varias tareas de la vida diaria, incluyendo algunas tan importantes\u00a0<a href=\"http:\/\/curiosidades.batanga.com\/4236\/reconstruiran-el-primer-lenguaje-de-la-humanidad\">como comunicarse<\/a>. Para ello, quienes perdieron el\u00a0<a href=\"http:\/\/curiosidades.batanga.com\/2010\/10\/29\/%C2%BFcomo-funciona-el-sentido-del-oido\">sentido del o\u00eddo<\/a>\u00a0utilizan\u00a0la lengua de se\u00f1as\u201d.<\/p>\n<p>&nbsp;<\/p>\n<p>Explic\u00f3 que \u201cse trata de un\u00a0conjunto de signos\u00a0a realizarse con las manos y otras partes del cuerpo, cada uno de ellos con un significado espec\u00edfico, inentendible para la mayor\u00eda de nosotros, pero que se viene utilizando hace varios siglos\u201d.<\/p>\n<p>&nbsp;<\/p>\n<p>Finaliz\u00f3 detallando que \u201cexiste toda una cultura acerca de este verdadero idioma y hoy queremos difundir el c\u00f3mo funciona, para poder dar una mejor atenci\u00f3n a quienes se encuentran en esta situaci\u00f3n\u201d.<\/p>\n<p>&nbsp;<\/p>\n","protected":false},"excerpt":{"rendered":"<p>S\u00e1nchez Z\u00fa\u00f1iga, dijo que este curso de lenguaje a se\u00f1as, es en apoyo para todas aquellas personas interesadas en aprender o reforzar la lengua de se\u00f1as, aprendiendo que cuenta con una gran variedad de vocabulario, organizado en categor\u00edas, para mejor atenci\u00f3n a este sector vulnerable de la poblaci\u00f3n.<\/p>\n","protected":false},"author":1,"featured_media":0,"comment_status":"closed","ping_status":"closed","sticky":false,"template":"","format":"standard","meta":{"_monsterinsights_skip_tracking":false,"_monsterinsights_sitenote_active":false,"_monsterinsights_sitenote_note":"","_monsterinsights_sitenote_category":0,"footnotes":""},"categories":[5],"tags":[12,18],"class_list":["post-1521","post","type-post","status-publish","format-standard","hentry","category-destacados","tag-comunicacion-social","tag-gobierno-municipal-rio-grande"],"jetpack_featured_media_url":"","_links":{"self":[{"href":"https:\/\/riograndezac.gob.mx\/informatica\/index.php?rest_route=\/wp\/v2\/posts\/1521","targetHints":{"allow":["GET"]}}],"collection":[{"href":"https:\/\/riograndezac.gob.mx\/informatica\/index.php?rest_route=\/wp\/v2\/posts"}],"about":[{"href":"https:\/\/riograndezac.gob.mx\/informatica\/index.php?rest_route=\/wp\/v2\/types\/post"}],"author":[{"embeddable":true,"href":"https:\/\/riograndezac.gob.mx\/informatica\/index.php?rest_route=\/wp\/v2\/users\/1"}],"replies":[{"embeddable":true,"href":"https:\/\/riograndezac.gob.mx\/informatica\/index.php?rest_route=%2Fwp%2Fv2%2Fcomments&post=1521"}],"version-history":[{"count":1,"href":"https:\/\/riograndezac.gob.mx\/informatica\/index.php?rest_route=\/wp\/v2\/posts\/1521\/revisions"}],"predecessor-version":[{"id":1523,"href":"https:\/\/riograndezac.gob.mx\/informatica\/index.php?rest_route=\/wp\/v2\/posts\/1521\/revisions\/1523"}],"wp:attachment":[{"href":"https:\/\/riograndezac.gob.mx\/informatica\/index.php?rest_route=%2Fwp%2Fv2%2Fmedia&parent=1521"}],"wp:term":[{"taxonomy":"category","embeddable":true,"href":"https:\/\/riograndezac.gob.mx\/informatica\/index.php?rest_route=%2Fwp%2Fv2%2Fcategories&post=1521"},{"taxonomy":"post_tag","embeddable":true,"href":"https:\/\/riograndezac.gob.mx\/informatica\/index.php?rest_route=%2Fwp%2Fv2%2Ftags&post=1521"}],"curies":[{"name":"wp","href":"https:\/\/api.w.org\/{rel}","templated":true}]}}