{"id":15231,"date":"2024-11-01T12:27:52","date_gmt":"2024-11-01T18:27:52","guid":{"rendered":"https:\/\/riograndezac.gob.mx\/informatica\/?p=15231"},"modified":"2024-11-01T12:27:53","modified_gmt":"2024-11-01T18:27:53","slug":"listos-los-panteones-municipales-para-las-celebraciones-del-2-de-noviembre","status":"publish","type":"post","link":"https:\/\/riograndezac.gob.mx\/informatica\/?p=15231","title":{"rendered":"LISTOS LOS PANTEONES MUNICIPALES PARA LAS CELEBRACIONES DEL 2 DE NOVIEMBRE"},"content":{"rendered":"\n<figure class=\"wp-block-gallery has-nested-images columns-default is-cropped wp-block-gallery-1 is-layout-flex wp-block-gallery-is-layout-flex\">\n<figure class=\"wp-block-image size-large\"><img loading=\"lazy\" decoding=\"async\" width=\"787\" height=\"840\" data-id=\"15233\" src=\"https:\/\/riograndezac.gob.mx\/informatica\/wp-content\/uploads\/2024\/11\/Imagen-de-WhatsApp-2024-11-01-a-las-10.18.17_947b9441-787x840.jpg\" alt=\"\" class=\"wp-image-15233\" srcset=\"https:\/\/riograndezac.gob.mx\/informatica\/wp-content\/uploads\/2024\/11\/Imagen-de-WhatsApp-2024-11-01-a-las-10.18.17_947b9441-787x840.jpg 787w, https:\/\/riograndezac.gob.mx\/informatica\/wp-content\/uploads\/2024\/11\/Imagen-de-WhatsApp-2024-11-01-a-las-10.18.17_947b9441-342x365.jpg 342w, https:\/\/riograndezac.gob.mx\/informatica\/wp-content\/uploads\/2024\/11\/Imagen-de-WhatsApp-2024-11-01-a-las-10.18.17_947b9441-768x819.jpg 768w, https:\/\/riograndezac.gob.mx\/informatica\/wp-content\/uploads\/2024\/11\/Imagen-de-WhatsApp-2024-11-01-a-las-10.18.17_947b9441.jpg 1121w\" sizes=\"auto, (max-width: 787px) 100vw, 787px\" \/><\/figure>\n\n\n\n<figure class=\"wp-block-image size-large\"><img loading=\"lazy\" decoding=\"async\" width=\"630\" height=\"840\" data-id=\"15236\" src=\"https:\/\/riograndezac.gob.mx\/informatica\/wp-content\/uploads\/2024\/11\/Imagen-de-WhatsApp-2024-11-01-a-las-10.18.14_733e1bae-630x840.jpg\" alt=\"\" class=\"wp-image-15236\" srcset=\"https:\/\/riograndezac.gob.mx\/informatica\/wp-content\/uploads\/2024\/11\/Imagen-de-WhatsApp-2024-11-01-a-las-10.18.14_733e1bae-630x840.jpg 630w, https:\/\/riograndezac.gob.mx\/informatica\/wp-content\/uploads\/2024\/11\/Imagen-de-WhatsApp-2024-11-01-a-las-10.18.14_733e1bae-274x365.jpg 274w, https:\/\/riograndezac.gob.mx\/informatica\/wp-content\/uploads\/2024\/11\/Imagen-de-WhatsApp-2024-11-01-a-las-10.18.14_733e1bae-768x1024.jpg 768w, https:\/\/riograndezac.gob.mx\/informatica\/wp-content\/uploads\/2024\/11\/Imagen-de-WhatsApp-2024-11-01-a-las-10.18.14_733e1bae-1152x1536.jpg 1152w, https:\/\/riograndezac.gob.mx\/informatica\/wp-content\/uploads\/2024\/11\/Imagen-de-WhatsApp-2024-11-01-a-las-10.18.14_733e1bae.jpg 1200w\" sizes=\"auto, (max-width: 630px) 100vw, 630px\" \/><\/figure>\n\n\n\n<figure class=\"wp-block-image size-large\"><img loading=\"lazy\" decoding=\"async\" width=\"704\" height=\"840\" data-id=\"15235\" src=\"https:\/\/riograndezac.gob.mx\/informatica\/wp-content\/uploads\/2024\/11\/Imagen-de-WhatsApp-2024-11-01-a-las-10.18.15_6c0995fb-704x840.jpg\" alt=\"\" class=\"wp-image-15235\" srcset=\"https:\/\/riograndezac.gob.mx\/informatica\/wp-content\/uploads\/2024\/11\/Imagen-de-WhatsApp-2024-11-01-a-las-10.18.15_6c0995fb-704x840.jpg 704w, https:\/\/riograndezac.gob.mx\/informatica\/wp-content\/uploads\/2024\/11\/Imagen-de-WhatsApp-2024-11-01-a-las-10.18.15_6c0995fb-306x365.jpg 306w, https:\/\/riograndezac.gob.mx\/informatica\/wp-content\/uploads\/2024\/11\/Imagen-de-WhatsApp-2024-11-01-a-las-10.18.15_6c0995fb-768x917.jpg 768w, https:\/\/riograndezac.gob.mx\/informatica\/wp-content\/uploads\/2024\/11\/Imagen-de-WhatsApp-2024-11-01-a-las-10.18.15_6c0995fb.jpg 1043w\" sizes=\"auto, (max-width: 704px) 100vw, 704px\" \/><\/figure>\n\n\n\n<figure class=\"wp-block-image size-large\"><img loading=\"lazy\" decoding=\"async\" width=\"780\" height=\"840\" data-id=\"15234\" src=\"https:\/\/riograndezac.gob.mx\/informatica\/wp-content\/uploads\/2024\/11\/Imagen-de-WhatsApp-2024-11-01-a-las-10.18.15_f9597d0e-780x840.jpg\" alt=\"\" class=\"wp-image-15234\" srcset=\"https:\/\/riograndezac.gob.mx\/informatica\/wp-content\/uploads\/2024\/11\/Imagen-de-WhatsApp-2024-11-01-a-las-10.18.15_f9597d0e-780x840.jpg 780w, https:\/\/riograndezac.gob.mx\/informatica\/wp-content\/uploads\/2024\/11\/Imagen-de-WhatsApp-2024-11-01-a-las-10.18.15_f9597d0e-339x365.jpg 339w, https:\/\/riograndezac.gob.mx\/informatica\/wp-content\/uploads\/2024\/11\/Imagen-de-WhatsApp-2024-11-01-a-las-10.18.15_f9597d0e-768x828.jpg 768w, https:\/\/riograndezac.gob.mx\/informatica\/wp-content\/uploads\/2024\/11\/Imagen-de-WhatsApp-2024-11-01-a-las-10.18.15_f9597d0e.jpg 1200w\" sizes=\"auto, (max-width: 780px) 100vw, 780px\" \/><\/figure>\n\n\n\n<figure class=\"wp-block-image size-large\"><img loading=\"lazy\" decoding=\"async\" width=\"840\" height=\"725\" data-id=\"15232\" src=\"https:\/\/riograndezac.gob.mx\/informatica\/wp-content\/uploads\/2024\/11\/Imagen-de-WhatsApp-2024-11-01-a-las-10.18.16_831014c2-840x725.jpg\" alt=\"\" class=\"wp-image-15232\" srcset=\"https:\/\/riograndezac.gob.mx\/informatica\/wp-content\/uploads\/2024\/11\/Imagen-de-WhatsApp-2024-11-01-a-las-10.18.16_831014c2-840x725.jpg 840w, https:\/\/riograndezac.gob.mx\/informatica\/wp-content\/uploads\/2024\/11\/Imagen-de-WhatsApp-2024-11-01-a-las-10.18.16_831014c2-423x365.jpg 423w, https:\/\/riograndezac.gob.mx\/informatica\/wp-content\/uploads\/2024\/11\/Imagen-de-WhatsApp-2024-11-01-a-las-10.18.16_831014c2-768x663.jpg 768w, https:\/\/riograndezac.gob.mx\/informatica\/wp-content\/uploads\/2024\/11\/Imagen-de-WhatsApp-2024-11-01-a-las-10.18.16_831014c2.jpg 1103w\" sizes=\"auto, (max-width: 840px) 100vw, 840px\" \/><\/figure>\n<\/figure>\n\n\n\n<p>R\u00edo Grande, Zac.- Por indicaciones del presidente municipal, Mario C\u00f3rdova Longoria, se realiz\u00f3 la limpieza general en los panteones Santa Elena y Jardines del Oriente, as\u00ed lo inform\u00f3 Daniel Eduardo Casta\u00f1eda Molina, director de Obras y Servicios P\u00fablicos en el municipio.<\/p>\n\n\n\n<p>Molina Casta\u00f1eda di\u00f3 a conocer que est\u00e1s acciones se realizaron en coordinaci\u00f3n con la subdirecci\u00f3n de Servicios P\u00fablicos, quienes realizaron la limpieza adem\u00e1s se desyerbo y pint\u00f3 en las partes deterioradas, as\u00ed como en algunas comunidades en d\u00f3nde se solicit\u00f3 el apoyo.<\/p>\n\n\n\n<p>Cabe se\u00f1alar tambi\u00e9n que para los d\u00edas 1 y 2 de noviembre los panteones estar\u00e1n abiertos a partir de las 8 de la ma\u00f1ana adem\u00e1s se instalar\u00e1 dentro del pante\u00f3n Santa Elena un cami\u00f3n de limpia, pipas de agua y se contar\u00e1 con el servicio de sanitarios y con alumbrado p\u00fablico al interior y exterior.<\/p>\n\n\n\n<p>As\u00ed mismo se mencion\u00f3 que el pante\u00f3n Jardines del Oriente tambi\u00e9n est\u00e1 listo para recibir a quienes visitan a sus fieles difuntos.<\/p>\n\n\n\n<p>Para finalizar, extendi\u00f3 el agradecimiento a las instituciones educativas, asociaciones y a la ciudadan\u00eda que tambi\u00e9n han estado participando en la limpieza de los distintos camposantos en el municipio.<\/p>\n\n\n\n<p>En cuanto a las misas, se realiz\u00f3 menci\u00f3n de que la parroquia de Santa Elena de la Cruz celebrar\u00e1 su misa a las 12:00 p.m. y la parroquia de la Santa Veracruz ser\u00e1 a las 5:00 p.m., ambas en el pante\u00f3n de la cabecera municipal.<\/p>\n","protected":false},"excerpt":{"rendered":"<p>R\u00edo Grande, Zac.- Por indicaciones del presidente municipal, Mario C\u00f3rdova Longoria, se realiz\u00f3 la limpieza general en los panteones Santa Elena y Jardines del Oriente, as\u00ed lo inform\u00f3 Daniel Eduardo Casta\u00f1eda Molina, director de Obras y Servicios P\u00fablicos en el municipio. Molina Casta\u00f1eda di\u00f3 a conocer que est\u00e1s acciones se realizaron en coordinaci\u00f3n con la subdirecci\u00f3n de Servicios P\u00fablicos, quienes realizaron la limpieza adem\u00e1s se desyerbo y pint\u00f3 en las partes deterioradas, as\u00ed como en algunas comunidades en d\u00f3nde se solicit\u00f3 el apoyo. Cabe se\u00f1alar tambi\u00e9n que para los d\u00edas&hellip;<\/p>\n","protected":false},"author":1,"featured_media":15237,"comment_status":"closed","ping_status":"closed","sticky":false,"template":"","format":"standard","meta":{"_monsterinsights_skip_tracking":false,"_monsterinsights_sitenote_active":false,"_monsterinsights_sitenote_note":"","_monsterinsights_sitenote_category":0,"footnotes":""},"categories":[160],"tags":[161,162],"class_list":["post-15231","post","type-post","status-publish","format-standard","has-post-thumbnail","hentry","category-boletines24-27","tag-comunicacion-social-24-27","tag-gobierno-de-rio-grande-2024-2027"],"jetpack_featured_media_url":"https:\/\/riograndezac.gob.mx\/informatica\/wp-content\/uploads\/2024\/11\/Imagen-de-WhatsApp-2024-11-01-a-las-10.18.14_8d326441.jpg","_links":{"self":[{"href":"https:\/\/riograndezac.gob.mx\/informatica\/index.php?rest_route=\/wp\/v2\/posts\/15231","targetHints":{"allow":["GET"]}}],"collection":[{"href":"https:\/\/riograndezac.gob.mx\/informatica\/index.php?rest_route=\/wp\/v2\/posts"}],"about":[{"href":"https:\/\/riograndezac.gob.mx\/informatica\/index.php?rest_route=\/wp\/v2\/types\/post"}],"author":[{"embeddable":true,"href":"https:\/\/riograndezac.gob.mx\/informatica\/index.php?rest_route=\/wp\/v2\/users\/1"}],"replies":[{"embeddable":true,"href":"https:\/\/riograndezac.gob.mx\/informatica\/index.php?rest_route=%2Fwp%2Fv2%2Fcomments&post=15231"}],"version-history":[{"count":2,"href":"https:\/\/riograndezac.gob.mx\/informatica\/index.php?rest_route=\/wp\/v2\/posts\/15231\/revisions"}],"predecessor-version":[{"id":15239,"href":"https:\/\/riograndezac.gob.mx\/informatica\/index.php?rest_route=\/wp\/v2\/posts\/15231\/revisions\/15239"}],"wp:featuredmedia":[{"embeddable":true,"href":"https:\/\/riograndezac.gob.mx\/informatica\/index.php?rest_route=\/wp\/v2\/media\/15237"}],"wp:attachment":[{"href":"https:\/\/riograndezac.gob.mx\/informatica\/index.php?rest_route=%2Fwp%2Fv2%2Fmedia&parent=15231"}],"wp:term":[{"taxonomy":"category","embeddable":true,"href":"https:\/\/riograndezac.gob.mx\/informatica\/index.php?rest_route=%2Fwp%2Fv2%2Fcategories&post=15231"},{"taxonomy":"post_tag","embeddable":true,"href":"https:\/\/riograndezac.gob.mx\/informatica\/index.php?rest_route=%2Fwp%2Fv2%2Ftags&post=15231"}],"curies":[{"name":"wp","href":"https:\/\/api.w.org\/{rel}","templated":true}]}}