{"id":1524,"date":"2015-10-12T16:40:09","date_gmt":"2015-10-12T16:40:09","guid":{"rendered":"http:\/\/riograndezac.gob.mx\/informatica\/?p=1524"},"modified":"2015-10-12T16:43:45","modified_gmt":"2015-10-12T16:43:45","slug":"reconoce-el-presidente-municipal-de-rio-grande-constantino-castaneda-munoz-a-los-maestros-encargados-de-impartir-la-educacion-fisica","status":"publish","type":"post","link":"https:\/\/riograndezac.gob.mx\/informatica\/?p=1524","title":{"rendered":"Reconoce el presidente municipal de R\u00edo Grande, Constantino Casta\u00f1eda Mu\u00f1oz a los maestros encargados de impartir la educaci\u00f3n f\u00edsica."},"content":{"rendered":"<p><a href=\"https:\/\/riograndezac.gob.mx\/informatica\/wp-content\/uploads\/2015\/10\/dia-del-educador-1.png\"><img loading=\"lazy\" decoding=\"async\" class=\"aligncenter size-full wp-image-1526\" src=\"https:\/\/riograndezac.gob.mx\/informatica\/wp-content\/uploads\/2015\/10\/dia-del-educador-1.png\" alt=\"dia del educador (1)\" width=\"800\" height=\"339\" srcset=\"https:\/\/riograndezac.gob.mx\/informatica\/wp-content\/uploads\/2015\/10\/dia-del-educador-1.png 800w, https:\/\/riograndezac.gob.mx\/informatica\/wp-content\/uploads\/2015\/10\/dia-del-educador-1-300x127.png 300w, https:\/\/riograndezac.gob.mx\/informatica\/wp-content\/uploads\/2015\/10\/dia-del-educador-1-24x10.png 24w, https:\/\/riograndezac.gob.mx\/informatica\/wp-content\/uploads\/2015\/10\/dia-del-educador-1-36x15.png 36w, https:\/\/riograndezac.gob.mx\/informatica\/wp-content\/uploads\/2015\/10\/dia-del-educador-1-48x20.png 48w\" sizes=\"auto, (max-width: 800px) 100vw, 800px\" \/><\/a><\/p>\n<p>Con el respaldo del Instituto Municipal del Deporte, a cargo de Mart\u00edn S\u00e1nchez Calder\u00f3n, la ma\u00f1ana de este viernes se realiz\u00f3 un paseo en bicicleta en el que participaron m\u00e1s de un millar de ni\u00f1os de las diferentes primarias de la cabecera municipal, con el objetivo de reconocer la noble labor y esfuerzo de los maestros de educaci\u00f3n f\u00edsica.<\/p>\n<p>&nbsp;<\/p>\n<p>En punto de las 9 de la ma\u00f1ana cerca de mil ni\u00f1os iniciaron la activaci\u00f3n f\u00edsica con 30 minutos en los que realizaron diferentes movimientos para ejercitar sus m\u00fasculos, ya que gracias a la comisi\u00f3n de Salud del Gobierno Federal a trav\u00e9s de la Secretaria de Educaci\u00f3n lograron implementar 30 minutos de activaci\u00f3n f\u00edsica para todos los plantes de educaci\u00f3n b\u00e1sica en territorio mexicano, as\u00ed como la reducci\u00f3n en la venta de producto da\u00f1inos para la salud de los alumnos.<\/p>\n<p>&nbsp;<\/p>\n<p>\u201cEl principal objetivo es promover el deporte, pues es una cultura que no nos cuesta en absoluto m\u00e1s que tener voluntad, combatir con ello la obesidad que hasta \u00faltimos a\u00f1os nuestro pa\u00eds se encuentra entre los primeros lugares con un alto \u00edndice de obesidad, as\u00ed que con estas acciones procuramos prevenir esas situaciones\u201d, inform\u00f3 el supervisor de Educaci\u00f3n F\u00edsica Federalizada de la regi\u00f3n 05 H\u00e9ctor Manuel Gonz\u00e1lez B\u00e1ez.<\/p>\n<p>&nbsp;<\/p>\n<p>Ya es oficial que el segundo viernes de octubre se festejar\u00e1 el D\u00eda del Educador F\u00edsico de nuestro pa\u00eds, esta conmemoraci\u00f3n se debe al trabajo que realizan los maestros, esta actividad se realiz\u00f3 de manera simult\u00e1nea en los municipios de Juan Aldama, Miguel Auza, Nieves y R\u00edo Grande que son los que conforman la regi\u00f3n 05.<\/p>\n<p>&nbsp;<\/p>\n<p>Derivado que a trav\u00e9s de la Comisi\u00f3n de Salud, se lograron implementar 30 minutos de activaci\u00f3n f\u00edsica para todos los planteles de educaci\u00f3n b\u00e1sica en territorio mexicano, as\u00ed como la reducci\u00f3n en la venta de producto da\u00f1inos para la salud de los educandos<\/p>\n<p>&nbsp;<\/p>\n<p>Finalmente se realiz\u00f3 un recorrido en bicicleta por las principales calles de la cabecera en la que participaron ni\u00f1os de todas las primarias y diferentes comunidades, acompa\u00f1ados y respaldados por la delegaci\u00f3n de tr\u00e1nsito y protecci\u00f3n civil.<\/p>\n","protected":false},"excerpt":{"rendered":"<p>Derivado que a trav\u00e9s de la Comisi\u00f3n de Salud, se lograron implementar 30 minutos de activaci\u00f3n f\u00edsica para todos los planteles de educaci\u00f3n b\u00e1sica en territorio mexicano, as\u00ed como la reducci\u00f3n en la venta de producto da\u00f1inos para la salud de los educandos<\/p>\n","protected":false},"author":1,"featured_media":1526,"comment_status":"closed","ping_status":"closed","sticky":false,"template":"","format":"standard","meta":{"_monsterinsights_skip_tracking":false,"_monsterinsights_sitenote_active":false,"_monsterinsights_sitenote_note":"","_monsterinsights_sitenote_category":0,"footnotes":""},"categories":[4,8],"tags":[12,18],"class_list":["post-1524","post","type-post","status-publish","format-standard","has-post-thumbnail","hentry","category-boletines","category-gobierno-municipal-rio-grande-zacatecas","tag-comunicacion-social","tag-gobierno-municipal-rio-grande"],"jetpack_featured_media_url":"https:\/\/riograndezac.gob.mx\/informatica\/wp-content\/uploads\/2015\/10\/dia-del-educador-1.png","_links":{"self":[{"href":"https:\/\/riograndezac.gob.mx\/informatica\/index.php?rest_route=\/wp\/v2\/posts\/1524","targetHints":{"allow":["GET"]}}],"collection":[{"href":"https:\/\/riograndezac.gob.mx\/informatica\/index.php?rest_route=\/wp\/v2\/posts"}],"about":[{"href":"https:\/\/riograndezac.gob.mx\/informatica\/index.php?rest_route=\/wp\/v2\/types\/post"}],"author":[{"embeddable":true,"href":"https:\/\/riograndezac.gob.mx\/informatica\/index.php?rest_route=\/wp\/v2\/users\/1"}],"replies":[{"embeddable":true,"href":"https:\/\/riograndezac.gob.mx\/informatica\/index.php?rest_route=%2Fwp%2Fv2%2Fcomments&post=1524"}],"version-history":[{"count":1,"href":"https:\/\/riograndezac.gob.mx\/informatica\/index.php?rest_route=\/wp\/v2\/posts\/1524\/revisions"}],"predecessor-version":[{"id":1527,"href":"https:\/\/riograndezac.gob.mx\/informatica\/index.php?rest_route=\/wp\/v2\/posts\/1524\/revisions\/1527"}],"wp:featuredmedia":[{"embeddable":true,"href":"https:\/\/riograndezac.gob.mx\/informatica\/index.php?rest_route=\/wp\/v2\/media\/1526"}],"wp:attachment":[{"href":"https:\/\/riograndezac.gob.mx\/informatica\/index.php?rest_route=%2Fwp%2Fv2%2Fmedia&parent=1524"}],"wp:term":[{"taxonomy":"category","embeddable":true,"href":"https:\/\/riograndezac.gob.mx\/informatica\/index.php?rest_route=%2Fwp%2Fv2%2Fcategories&post=1524"},{"taxonomy":"post_tag","embeddable":true,"href":"https:\/\/riograndezac.gob.mx\/informatica\/index.php?rest_route=%2Fwp%2Fv2%2Ftags&post=1524"}],"curies":[{"name":"wp","href":"https:\/\/api.w.org\/{rel}","templated":true}]}}