{"id":1534,"date":"2015-10-12T16:59:12","date_gmt":"2015-10-12T16:59:12","guid":{"rendered":"http:\/\/riograndezac.gob.mx\/informatica\/?p=1534"},"modified":"2015-10-12T16:59:12","modified_gmt":"2015-10-12T16:59:12","slug":"con-el-objetivo-de-promover-y-conservar-las-tradiciones-en-rio-grande-el-gobierno-municipal-encabezado-por-constantino-castaneda-munoz-a-traves-del-instituto-de-cultura-organizan-el-concurso-de-cal","status":"publish","type":"post","link":"https:\/\/riograndezac.gob.mx\/informatica\/?p=1534","title":{"rendered":"Con el objetivo de promover y conservar las tradiciones en R\u00edo Grande, el Gobierno Municipal encabezado por Constantino Casta\u00f1eda Mu\u00f1oz, a trav\u00e9s del Instituto de Cultura, organizan el Concurso de Calaveras."},"content":{"rendered":"<p><a href=\"https:\/\/riograndezac.gob.mx\/informatica\/wp-content\/uploads\/2015\/10\/presidente-1.jpg\"><img loading=\"lazy\" decoding=\"async\" class=\"aligncenter size-full wp-image-1535\" src=\"https:\/\/riograndezac.gob.mx\/informatica\/wp-content\/uploads\/2015\/10\/presidente-1.jpg\" alt=\"presidente (1)\" width=\"700\" height=\"493\" srcset=\"https:\/\/riograndezac.gob.mx\/informatica\/wp-content\/uploads\/2015\/10\/presidente-1.jpg 700w, https:\/\/riograndezac.gob.mx\/informatica\/wp-content\/uploads\/2015\/10\/presidente-1-300x211.jpg 300w, https:\/\/riograndezac.gob.mx\/informatica\/wp-content\/uploads\/2015\/10\/presidente-1-24x17.jpg 24w, https:\/\/riograndezac.gob.mx\/informatica\/wp-content\/uploads\/2015\/10\/presidente-1-36x25.jpg 36w, https:\/\/riograndezac.gob.mx\/informatica\/wp-content\/uploads\/2015\/10\/presidente-1-48x34.jpg 48w\" sizes=\"auto, (max-width: 700px) 100vw, 700px\" \/><\/a><\/p>\n<p>El primer mandatario, inform\u00f3 que la convocatoria saldr\u00e1 este lunes 11, y se comenzar\u00e1 la recepci\u00f3n de los trabajos, a partir del 19 y hasta el 28 de octubre, puesto que hay riograndenses que preparan a\u00f1o con a\u00f1o sus calaveras.<\/p>\n<p>&nbsp;<\/p>\n<p>Casta\u00f1eda Mu\u00f1oz, dijo que \u201clas bases son muy sencillas, puesto que queremos que participe el mayor n\u00famero de ciudadanos posible\u201d.<\/p>\n<p>&nbsp;<\/p>\n<p>Destac\u00f3 que \u201cno hay l\u00edmite de edad, la composici\u00f3n de Calaveras debe ser original, no deben ser ofensivas, las personas a quien van dirigidas las composiciones deben ser personas conocidas en la ciudad, cada composici\u00f3n deber\u00e1 tener una extensi\u00f3n de 5 cuartetos, los trabajos deber\u00e1n llevar los siguientes datos, nombre del escritor, domicilio y tel\u00e9fono\u201d.<\/p>\n<p>&nbsp;<\/p>\n<p>En cuanto a la entrega se recibir\u00e1n, del 19 al 28 de Octubre del actual\u00a0 en el Instituto Municipal de Cultura, ubicado en el Centro Cultural \u201cLuis Cerrillo C\u00e1zares\u201d, y ser\u00e1 en ser\u00e1 en sobre cerrado, hasta las 3 de la tarde del 28.<\/p>\n<p>&nbsp;<\/p>\n<p>Casta\u00f1eda Mu\u00f1oz, dijo que los aspectos a calificar, son la originalidad, la extensi\u00f3n, la rima y el ritmo, se\u00f1alando que se tendr\u00e1n jueces expertos en la materia, quienes resolver\u00e1n lo no previsto en la convocatoria.<\/p>\n<p>&nbsp;<\/p>\n<p>En cuesti\u00f3n de la premiaci\u00f3n, se entregar\u00e1 una bolsa de 6 mil pesos en especie, 3 mil, para el primero, 2 mil para el segundo y mil pesos para el tercer lugar, adem\u00e1s de que todos, recibir\u00e1n un reconocimiento por su participaci\u00f3n.<\/p>\n<p>&nbsp;<\/p>\n<p>Casta\u00f1eda Mu\u00f1oz, agreg\u00f3 que la premiaci\u00f3n ser\u00e1 el d\u00eda 2 de noviembre, junto con las actividades que organiza el Instituto Municipal de la Juventud, (IMJUVE), relativos al desfile, concurso de carros aleg\u00f3ricos y de disfraces.<\/p>\n","protected":false},"excerpt":{"rendered":"<p>En cuanto a la entrega se recibir\u00e1n, del 19 al 28 de Octubre del actual  en el Instituto Municipal de Cultura, ubicado en el Centro Cultural \u201cLuis Cerrillo C\u00e1zares\u201d, y ser\u00e1 en ser\u00e1 en sobre cerrado, hasta las 3 de la tarde del 28.<\/p>\n","protected":false},"author":1,"featured_media":1535,"comment_status":"closed","ping_status":"closed","sticky":false,"template":"","format":"standard","meta":{"_monsterinsights_skip_tracking":false,"_monsterinsights_sitenote_active":false,"_monsterinsights_sitenote_note":"","_monsterinsights_sitenote_category":0,"footnotes":""},"categories":[8],"tags":[12,18],"class_list":["post-1534","post","type-post","status-publish","format-standard","has-post-thumbnail","hentry","category-gobierno-municipal-rio-grande-zacatecas","tag-comunicacion-social","tag-gobierno-municipal-rio-grande"],"jetpack_featured_media_url":"https:\/\/riograndezac.gob.mx\/informatica\/wp-content\/uploads\/2015\/10\/presidente-1.jpg","_links":{"self":[{"href":"https:\/\/riograndezac.gob.mx\/informatica\/index.php?rest_route=\/wp\/v2\/posts\/1534","targetHints":{"allow":["GET"]}}],"collection":[{"href":"https:\/\/riograndezac.gob.mx\/informatica\/index.php?rest_route=\/wp\/v2\/posts"}],"about":[{"href":"https:\/\/riograndezac.gob.mx\/informatica\/index.php?rest_route=\/wp\/v2\/types\/post"}],"author":[{"embeddable":true,"href":"https:\/\/riograndezac.gob.mx\/informatica\/index.php?rest_route=\/wp\/v2\/users\/1"}],"replies":[{"embeddable":true,"href":"https:\/\/riograndezac.gob.mx\/informatica\/index.php?rest_route=%2Fwp%2Fv2%2Fcomments&post=1534"}],"version-history":[{"count":1,"href":"https:\/\/riograndezac.gob.mx\/informatica\/index.php?rest_route=\/wp\/v2\/posts\/1534\/revisions"}],"predecessor-version":[{"id":1536,"href":"https:\/\/riograndezac.gob.mx\/informatica\/index.php?rest_route=\/wp\/v2\/posts\/1534\/revisions\/1536"}],"wp:featuredmedia":[{"embeddable":true,"href":"https:\/\/riograndezac.gob.mx\/informatica\/index.php?rest_route=\/wp\/v2\/media\/1535"}],"wp:attachment":[{"href":"https:\/\/riograndezac.gob.mx\/informatica\/index.php?rest_route=%2Fwp%2Fv2%2Fmedia&parent=1534"}],"wp:term":[{"taxonomy":"category","embeddable":true,"href":"https:\/\/riograndezac.gob.mx\/informatica\/index.php?rest_route=%2Fwp%2Fv2%2Fcategories&post=1534"},{"taxonomy":"post_tag","embeddable":true,"href":"https:\/\/riograndezac.gob.mx\/informatica\/index.php?rest_route=%2Fwp%2Fv2%2Ftags&post=1534"}],"curies":[{"name":"wp","href":"https:\/\/api.w.org\/{rel}","templated":true}]}}