{"id":15408,"date":"2024-11-21T11:32:26","date_gmt":"2024-11-21T17:32:26","guid":{"rendered":"https:\/\/riograndezac.gob.mx\/informatica\/?p=15408"},"modified":"2024-11-21T11:34:37","modified_gmt":"2024-11-21T17:34:37","slug":"invitan-a-la-caravana-del-empoderamiento-de-la-mujer-un-impulso-para-las-mujeres-emprendedoras-%e2%9c%a8","status":"publish","type":"post","link":"https:\/\/riograndezac.gob.mx\/informatica\/?p=15408","title":{"rendered":"Invitan a la Caravana del Empoderamiento de la Mujer: un impulso para las mujeres emprendedoras \u2728"},"content":{"rendered":"\n<figure class=\"wp-block-image size-large\"><img loading=\"lazy\" decoding=\"async\" width=\"543\" height=\"840\" src=\"https:\/\/riograndezac.gob.mx\/informatica\/wp-content\/uploads\/2024\/11\/Imagen-de-WhatsApp-2024-11-20-a-las-15.11.14_d1f9a145-1-543x840.jpg\" alt=\"\" class=\"wp-image-15413\" srcset=\"https:\/\/riograndezac.gob.mx\/informatica\/wp-content\/uploads\/2024\/11\/Imagen-de-WhatsApp-2024-11-20-a-las-15.11.14_d1f9a145-1-543x840.jpg 543w, https:\/\/riograndezac.gob.mx\/informatica\/wp-content\/uploads\/2024\/11\/Imagen-de-WhatsApp-2024-11-20-a-las-15.11.14_d1f9a145-1-236x365.jpg 236w, https:\/\/riograndezac.gob.mx\/informatica\/wp-content\/uploads\/2024\/11\/Imagen-de-WhatsApp-2024-11-20-a-las-15.11.14_d1f9a145-1-768x1187.jpg 768w, https:\/\/riograndezac.gob.mx\/informatica\/wp-content\/uploads\/2024\/11\/Imagen-de-WhatsApp-2024-11-20-a-las-15.11.14_d1f9a145-1-994x1536.jpg 994w, https:\/\/riograndezac.gob.mx\/informatica\/wp-content\/uploads\/2024\/11\/Imagen-de-WhatsApp-2024-11-20-a-las-15.11.14_d1f9a145-1.jpg 1035w\" sizes=\"auto, (max-width: 543px) 100vw, 543px\" \/><\/figure>\n\n\n\n<p>El pr\u00f3ximo viernes 22 de noviembre, el DIF Municipal de R\u00edo Grande, en conjunto con el Instituto de la Mujer y Desarrollo Econ\u00f3mico, llevar\u00e1 a cabo la Caravana del Emprendimiento, un evento dise\u00f1ado para fortalecer y apoyar a las mujeres emprendedoras de nuestro municipio y su regi\u00f3n.<\/p>\n\n\n\n<p>Mario C\u00f3rdova Longoria, presidente municipal, inform\u00f3 que esta actividad se realizar\u00e1 en la plaza principal de R\u00edo Grande, desde las 8 de la ma\u00f1ana hasta las 5 de la tarde; \u201cEste espacio ser\u00e1 una gran oportunidad para que las emprendedoras puedan exhibir y vender sus productos, impulsando su econom\u00eda y promoviendo el talento local\u201d.<\/p>\n\n\n\n<p>Se inform\u00f3 que en la caravana participar\u00e1n diversas dependencias estatales, como LIMPS Bienestar, Secretar\u00eda de Econom\u00eda, Secretar\u00eda de Turismo, Instituto para la Atenci\u00f3n e Inclusi\u00f3n de las Personas con Discapacidad, Secretar\u00eda de Desarrollo Social, Secretar\u00eda de Desarrollo Urbano, Vivienda y Ordenamiento Territorial, Fondo Plata Zacatecas, Servicio Nacional del Empleo, Secretar\u00eda del Campo y DGCFT, entre otras, quienes ofrecer\u00e1n servicios y programas para fortalecer los proyectos de las asistentes.<\/p>\n\n\n\n<p>Para finalizar, se invit\u00f3 a toda la poblaci\u00f3n a sumarse a este importante evento, mismo que busca fomentar el desarrollo econ\u00f3mico y la inclusi\u00f3n, promoviendo el trabajo y esfuerzo de las mujeres emprendedoras de nuestra comunidad.<\/p>\n","protected":false},"excerpt":{"rendered":"<p>El pr\u00f3ximo viernes 22 de noviembre, el DIF Municipal de R\u00edo Grande, en conjunto con el Instituto de la Mujer y Desarrollo Econ\u00f3mico, llevar\u00e1 a cabo la Caravana del Emprendimiento, un evento dise\u00f1ado para fortalecer y apoyar a las mujeres emprendedoras de nuestro municipio y su regi\u00f3n. Mario C\u00f3rdova Longoria, presidente municipal, inform\u00f3 que esta actividad se realizar\u00e1 en la plaza principal de R\u00edo Grande, desde las 8 de la ma\u00f1ana hasta las 5 de la tarde; \u201cEste espacio ser\u00e1 una gran oportunidad para que las emprendedoras puedan exhibir y&hellip;<\/p>\n","protected":false},"author":1,"featured_media":15412,"comment_status":"closed","ping_status":"closed","sticky":false,"template":"","format":"standard","meta":{"_monsterinsights_skip_tracking":false,"_monsterinsights_sitenote_active":false,"_monsterinsights_sitenote_note":"","_monsterinsights_sitenote_category":0,"footnotes":""},"categories":[159],"tags":[161,162],"class_list":["post-15408","post","type-post","status-publish","format-standard","has-post-thumbnail","hentry","category-administracion24-27","tag-comunicacion-social-24-27","tag-gobierno-de-rio-grande-2024-2027"],"jetpack_featured_media_url":"https:\/\/riograndezac.gob.mx\/informatica\/wp-content\/uploads\/2024\/11\/mujer2.jpg","_links":{"self":[{"href":"https:\/\/riograndezac.gob.mx\/informatica\/index.php?rest_route=\/wp\/v2\/posts\/15408","targetHints":{"allow":["GET"]}}],"collection":[{"href":"https:\/\/riograndezac.gob.mx\/informatica\/index.php?rest_route=\/wp\/v2\/posts"}],"about":[{"href":"https:\/\/riograndezac.gob.mx\/informatica\/index.php?rest_route=\/wp\/v2\/types\/post"}],"author":[{"embeddable":true,"href":"https:\/\/riograndezac.gob.mx\/informatica\/index.php?rest_route=\/wp\/v2\/users\/1"}],"replies":[{"embeddable":true,"href":"https:\/\/riograndezac.gob.mx\/informatica\/index.php?rest_route=%2Fwp%2Fv2%2Fcomments&post=15408"}],"version-history":[{"count":3,"href":"https:\/\/riograndezac.gob.mx\/informatica\/index.php?rest_route=\/wp\/v2\/posts\/15408\/revisions"}],"predecessor-version":[{"id":15415,"href":"https:\/\/riograndezac.gob.mx\/informatica\/index.php?rest_route=\/wp\/v2\/posts\/15408\/revisions\/15415"}],"wp:featuredmedia":[{"embeddable":true,"href":"https:\/\/riograndezac.gob.mx\/informatica\/index.php?rest_route=\/wp\/v2\/media\/15412"}],"wp:attachment":[{"href":"https:\/\/riograndezac.gob.mx\/informatica\/index.php?rest_route=%2Fwp%2Fv2%2Fmedia&parent=15408"}],"wp:term":[{"taxonomy":"category","embeddable":true,"href":"https:\/\/riograndezac.gob.mx\/informatica\/index.php?rest_route=%2Fwp%2Fv2%2Fcategories&post=15408"},{"taxonomy":"post_tag","embeddable":true,"href":"https:\/\/riograndezac.gob.mx\/informatica\/index.php?rest_route=%2Fwp%2Fv2%2Ftags&post=15408"}],"curies":[{"name":"wp","href":"https:\/\/api.w.org\/{rel}","templated":true}]}}