{"id":1543,"date":"2015-10-14T17:37:42","date_gmt":"2015-10-14T17:37:42","guid":{"rendered":"http:\/\/riograndezac.gob.mx\/informatica\/?p=1543"},"modified":"2015-10-14T17:37:42","modified_gmt":"2015-10-14T17:37:42","slug":"en-un-emotivo-acto-llevado-a-cabo-en-la-escuela-primaria-francisco-garcia-salinas-se-llevo-a-cabo-la-inauguracion-de-la-tercera-semana-nacional-de-vacunacion-del-12-al-16-de-octubre","status":"publish","type":"post","link":"https:\/\/riograndezac.gob.mx\/informatica\/?p=1543","title":{"rendered":"En un emotivo acto llevado a cabo en la escuela primaria \u201cFrancisco Garc\u00eda Salinas\u201d, se llev\u00f3 a cabo la inauguraci\u00f3n de la tercera semana nacional de vacunaci\u00f3n del 12 al 16 de octubre"},"content":{"rendered":"<p><a href=\"https:\/\/riograndezac.gob.mx\/informatica\/wp-content\/uploads\/2015\/10\/salud-2.png\"><img loading=\"lazy\" decoding=\"async\" class=\"aligncenter size-full wp-image-1544\" src=\"https:\/\/riograndezac.gob.mx\/informatica\/wp-content\/uploads\/2015\/10\/salud-2.png\" alt=\"salud (2)\" width=\"586\" height=\"640\" srcset=\"https:\/\/riograndezac.gob.mx\/informatica\/wp-content\/uploads\/2015\/10\/salud-2.png 586w, https:\/\/riograndezac.gob.mx\/informatica\/wp-content\/uploads\/2015\/10\/salud-2-275x300.png 275w, https:\/\/riograndezac.gob.mx\/informatica\/wp-content\/uploads\/2015\/10\/salud-2-22x24.png 22w, https:\/\/riograndezac.gob.mx\/informatica\/wp-content\/uploads\/2015\/10\/salud-2-33x36.png 33w, https:\/\/riograndezac.gob.mx\/informatica\/wp-content\/uploads\/2015\/10\/salud-2-44x48.png 44w\" sizes=\"auto, (max-width: 586px) 100vw, 586px\" \/><\/a><\/p>\n<p>En un emotivo acto llevado a cabo en la escuela primaria \u201cFrancisco Garc\u00eda Salinas\u201d, se llev\u00f3 a cabo la inauguraci\u00f3n de la tercera semana nacional de vacunaci\u00f3n del 12 al 16 de octubre, con la representaci\u00f3n del alcalde Constantino Casta\u00f1eda Mu\u00f1oz, en la regidora presidenta de la comisi\u00f3n edilicia de salud, Mar\u00eda Elena Gonz\u00e1lez Mart\u00ednez.<\/p>\n<p>&nbsp;<\/p>\n<p>Durante su intervenci\u00f3n el director general del Centro de Salud, en R\u00edo Grande Ad\u00e1n Ram\u00edrez Avi\u00f1a mencion\u00f3 que \u201ces importante que todos los que estamos involucrados sobre todo nosotros que estamos al pendiente de la salud y conocer lo que sucede, de este lunes 12 al viernes 16 de octubre se llevar\u00e1 a cabo la tercera Semana Nacional de Vacunaci\u00f3n 2015, con el objetivo de controlar, eliminar o erradicar enfermedades prevenibles, dijo que es importante que la poblaci\u00f3n acuda con sus cartillas de vacunaci\u00f3n para llevar un control de ese programa de prevenci\u00f3n de enfermedades en los menores, y recalc\u00f3 que no habr\u00e1 brigadas de vacunaci\u00f3n\u201d.<\/p>\n<p>&nbsp;<\/p>\n<p>\u201cSon 3 semanas de salud durante todo el a\u00f1o, esta que es en el mes de octubre van m\u00e1s encaminadas con los menores de 5 a\u00f1os, de antemano agradecer el apoyo por parte de la Secretaria de Educaci\u00f3n pues esta campa\u00f1a se enfoca b\u00e1sicamente en las escuelas por lo general con los de nuevo ingreso del primer y segundo a\u00f1o y quinto y sexto, b\u00e1sicamente desde los 2 a\u00f1os hasta los 14\u201d, informaron.<\/p>\n<p>&nbsp;<\/p>\n<p>Por parte de las autoridades de salud y del municipio, enfatizaron en \u201cinvitar a los padres de familia de ni\u00f1os menores a los 6 a\u00f1os a que si no son visitados en las escuelas puedan pasar con toda confianza a las cl\u00ednicas y m\u00f3dulos, por otra parte en esta ocasi\u00f3n vamos a combatir el virus del papiloma humano dirigido a ni\u00f1as de 11 a\u00f1os, esta ser\u00e1 la primera dosis y posterior mente se le dar\u00e1 el seguimiento correspondiente para la 2 y 3 dosis, estas son de las acciones primordiales que se llevaran a cabo en esta pr\u00f3xima semana nacional de vacunaci\u00f3n\u201d.<\/p>\n<p>&nbsp;<\/p>\n<p>El evento de inauguraci\u00f3n, finaliz\u00f3 con un tradicional desfile por las principales calles de la cabecera municipal, para difundir esta actividad y buscar crear conciencia en los padres de familia.<\/p>\n","protected":false},"excerpt":{"rendered":"<p>Durante su intervenci\u00f3n el director general del Centro de Salud, en R\u00edo Grande Ad\u00e1n Ram\u00edrez Avi\u00f1a mencion\u00f3 que \u201ces importante que todos los que estamos involucrados sobre todo nosotros que estamos al pendiente de la salud y conocer lo que sucede<\/p>\n","protected":false},"author":1,"featured_media":1544,"comment_status":"closed","ping_status":"closed","sticky":false,"template":"","format":"standard","meta":{"_monsterinsights_skip_tracking":false,"_monsterinsights_sitenote_active":false,"_monsterinsights_sitenote_note":"","_monsterinsights_sitenote_category":0,"footnotes":""},"categories":[8],"tags":[12,18],"class_list":["post-1543","post","type-post","status-publish","format-standard","has-post-thumbnail","hentry","category-gobierno-municipal-rio-grande-zacatecas","tag-comunicacion-social","tag-gobierno-municipal-rio-grande"],"jetpack_featured_media_url":"https:\/\/riograndezac.gob.mx\/informatica\/wp-content\/uploads\/2015\/10\/salud-2.png","_links":{"self":[{"href":"https:\/\/riograndezac.gob.mx\/informatica\/index.php?rest_route=\/wp\/v2\/posts\/1543","targetHints":{"allow":["GET"]}}],"collection":[{"href":"https:\/\/riograndezac.gob.mx\/informatica\/index.php?rest_route=\/wp\/v2\/posts"}],"about":[{"href":"https:\/\/riograndezac.gob.mx\/informatica\/index.php?rest_route=\/wp\/v2\/types\/post"}],"author":[{"embeddable":true,"href":"https:\/\/riograndezac.gob.mx\/informatica\/index.php?rest_route=\/wp\/v2\/users\/1"}],"replies":[{"embeddable":true,"href":"https:\/\/riograndezac.gob.mx\/informatica\/index.php?rest_route=%2Fwp%2Fv2%2Fcomments&post=1543"}],"version-history":[{"count":1,"href":"https:\/\/riograndezac.gob.mx\/informatica\/index.php?rest_route=\/wp\/v2\/posts\/1543\/revisions"}],"predecessor-version":[{"id":1545,"href":"https:\/\/riograndezac.gob.mx\/informatica\/index.php?rest_route=\/wp\/v2\/posts\/1543\/revisions\/1545"}],"wp:featuredmedia":[{"embeddable":true,"href":"https:\/\/riograndezac.gob.mx\/informatica\/index.php?rest_route=\/wp\/v2\/media\/1544"}],"wp:attachment":[{"href":"https:\/\/riograndezac.gob.mx\/informatica\/index.php?rest_route=%2Fwp%2Fv2%2Fmedia&parent=1543"}],"wp:term":[{"taxonomy":"category","embeddable":true,"href":"https:\/\/riograndezac.gob.mx\/informatica\/index.php?rest_route=%2Fwp%2Fv2%2Fcategories&post=1543"},{"taxonomy":"post_tag","embeddable":true,"href":"https:\/\/riograndezac.gob.mx\/informatica\/index.php?rest_route=%2Fwp%2Fv2%2Ftags&post=1543"}],"curies":[{"name":"wp","href":"https:\/\/api.w.org\/{rel}","templated":true}]}}